{"id":300738,"date":"2025-12-22T02:58:09","date_gmt":"2025-12-22T02:58:09","guid":{"rendered":"https:\/\/www.europesays.com\/es\/300738\/"},"modified":"2025-12-22T02:58:09","modified_gmt":"2025-12-22T02:58:09","slug":"sa-tintina-es-castell-cierra-ano-con-una-gran-victoria","status":"publish","type":"post","link":"https:\/\/www.europesays.com\/es\/300738\/","title":{"rendered":"Sa Tintina Es Castell cierra a\u00f1o con una gran victoria"},"content":{"rendered":"<p><strong>Sa Tintina <a href=\"https:\/\/www.menorca.info\/etiqueta\/CB+Es+Castell.html?utm_source=Inline-tag&amp;utm_medium=internal\" rel=\"nofollow noopener\" target=\"_blank\">CB Es Castell<\/a> arroll\u00f3 el mediod\u00eda de este domingo al La Muela<\/strong> en la Zona Esportiva Sergio Llull y se va al par\u00f3n con los deberes hechos en la Tercera FEB, despu\u00e9s de un triunfo contundente de los hombres de Ra\u00fal Jodra, que se salieron, en un duelo donde <strong>lleg\u00f3 a conseguir 42 puntos de ventaja<\/strong> en el final del tercer periodo. Los jugadores m\u00e1s destacados del encuentro fueron Josep Gasc\u00f3n (18 puntos) y Xavi Hern\u00e1ndez (14) en los locales.<\/p>\n<p>El encuentro comenz\u00f3 con un buen acierto ofensivo por parte de ambos conjuntos, intercambiando canastas en los primeros compases de este encuentro con poca historia. Sin embargo, <strong>un parcial local de 12-4 mediado el primer cuarto marc\u00f3 un punto de inflexi\u00f3n<\/strong>. A partir de ah\u00ed, el conjunto aragon\u00e9s ofreci\u00f3 poca resistencia y se vio claramente superado, pese a la destacada actuaci\u00f3n de su estrella griega. El primer periodo se cerraba con un claro 22-14 para los intereses insulares.<\/p>\n<p>El segundo cuarto result\u00f3 decisivo y termin\u00f3 de inclinar la balanza. <strong>Dos triples consecutivos del menorqu\u00edn Pau Bagur, cada vez m\u00e1s asentado en la rotaci\u00f3n del preparador catal\u00e1n<\/strong>, Ra\u00fal Jodra, dieron inicio a un demoledor parcial de 13-0, con la aportaci\u00f3n tambi\u00e9n del director de juego mahon\u00e9s, Xavi Hern\u00e1ndez. La Muela ve\u00eda como el partido se le escapaba en Menorca, sin encontrar respuesta para frenar la avalancha local en este \u00faltimo partido del 2025.<\/p>\n<p>Tras el paso por vestuarios, la exhibici\u00f3n gualdinegra continu\u00f3 sin concesiones. El equipo se gust\u00f3 ante <strong>un pabell\u00f3n Sergio Llull repleto y entregado<\/strong>, con ganas de seguir disfrutando. Mart\u00ed Corbera puso la nota espectacular con un mate a una mano que hizo temblar la canasta local y coron\u00f3 una ma\u00f1ana de ensue\u00f1o. Mientras tanto, Josep Gasc\u00f3n firmaba una actuaci\u00f3n complet\u00edsima, sumando en todas las facetas del juego y certificando su MVP al final del encuentro (74-32).<\/p>\n<p>Un mero tr\u00e1mite<\/p>\n<p>El \u00faltimo cuarto, al igual que toda la segunda mitad, fue un mero tr\u00e1mite que sirvi\u00f3 para confirmar la novena victoria de la temporada y la s\u00e9ptima consecutiva.<strong> Sa Tintina CB Es Castell se marcha as\u00ed al par\u00f3n navide\u00f1o con los deberes hechos<\/strong> y la satisfacci\u00f3n a\u00f1adida de haber recuperado a Souleymane Jules, que volvi\u00f3 a disputar minutos tras varios meses de ausencia. El marcador final reflej\u00f3 con claridad la superioridad local: <strong>91-54<\/strong>, para cerrar con muy buenas vibraciones este 2025, en la parte alta de la tabla.<\/p>\n","protected":false},"excerpt":{"rendered":"Sa Tintina CB Es Castell arroll\u00f3 el mediod\u00eda de este domingo al La Muela en la Zona Esportiva&hellip;\n","protected":false},"author":2,"featured_media":300739,"comment_status":"","ping_status":"","sticky":false,"template":"","format":"standard","meta":{"footnotes":""},"categories":[269],"tags":[299,298,12268,168,25,24,12269,23,167],"class_list":{"0":"post-300738","1":"post","2":"type-post","3":"status-publish","4":"format-standard","5":"has-post-thumbnail","7":"category-baloncesto","8":"tag-baloncesto","9":"tag-basketball","10":"tag-cb-es-castell","11":"tag-deportes","12":"tag-es","13":"tag-espana","14":"tag-sa-tintina-es-castell","15":"tag-spain","16":"tag-sports"},"share_on_mastodon":{"url":"https:\/\/pubeurope.com\/@es\/115760981980634951","error":""},"_links":{"self":[{"href":"https:\/\/www.europesays.com\/es\/wp-json\/wp\/v2\/posts\/300738","targetHints":{"allow":["GET"]}}],"collection":[{"href":"https:\/\/www.europesays.com\/es\/wp-json\/wp\/v2\/posts"}],"about":[{"href":"https:\/\/www.europesays.com\/es\/wp-json\/wp\/v2\/types\/post"}],"author":[{"embeddable":true,"href":"https:\/\/www.europesays.com\/es\/wp-json\/wp\/v2\/users\/2"}],"replies":[{"embeddable":true,"href":"https:\/\/www.europesays.com\/es\/wp-json\/wp\/v2\/comments?post=300738"}],"version-history":[{"count":0,"href":"https:\/\/www.europesays.com\/es\/wp-json\/wp\/v2\/posts\/300738\/revisions"}],"wp:featuredmedia":[{"embeddable":true,"href":"https:\/\/www.europesays.com\/es\/wp-json\/wp\/v2\/media\/300739"}],"wp:attachment":[{"href":"https:\/\/www.europesays.com\/es\/wp-json\/wp\/v2\/media?parent=300738"}],"wp:term":[{"taxonomy":"category","embeddable":true,"href":"https:\/\/www.europesays.com\/es\/wp-json\/wp\/v2\/categories?post=300738"},{"taxonomy":"post_tag","embeddable":true,"href":"https:\/\/www.europesays.com\/es\/wp-json\/wp\/v2\/tags?post=300738"}],"curies":[{"name":"wp","href":"https:\/\/api.w.org\/{rel}","templated":true}]}}