{"id":300750,"date":"2025-12-22T03:06:14","date_gmt":"2025-12-22T03:06:14","guid":{"rendered":"https:\/\/www.europesays.com\/es\/300750\/"},"modified":"2025-12-22T03:06:14","modified_gmt":"2025-12-22T03:06:14","slug":"getafe-4-0-resumen-goles-resultados-y-reacciones","status":"publish","type":"post","link":"https:\/\/www.europesays.com\/es\/300750\/","title":{"rendered":"Getafe (4-0): resumen, goles, resultados y reacciones"},"content":{"rendered":"<p style=\"\">El <strong>Real Betis<\/strong> despedir\u00e1 2025, que ha sido un gran a\u00f1o a nivel deportivo para la entidad heliopolitana, en el estadio de la <strong>Cartuja<\/strong>. Lo har\u00e1 este domingo (21 horas) ante el <strong>Getafe CF<\/strong>, en partido correspondiente a la <a href=\"https:\/\/www.laliga.com\/es-GB\/partido\/temporada-2025-2026-laliga-ea-sports-real-betis-getafe-cf-17\" target=\"_self\" data-voc-vtm-id=\"in-text-traffic\" title=\"jornada 17\u00aa de LaLiga EA Sports\" data-mrf-link=\"www.laliga.com\" rel=\"nofollow noopener\">jornada 17\u00aa de LaLiga EA Sports<\/a> &#8230; , y apenas tres d\u00edas despu\u00e9s de asegurar su pase a los octavos de final de la Copa del Rey tras superar a domicilio al <a href=\"https:\/\/www.abc.es\/deportes\/alfinaldelapalmera\/noticias-betis\/cronica-murcia-betis-copa-serio-20251218230058-nts.html#ns_campaign=rrss&amp;ns_mchannel=abcdesevilla-es&amp;ns_source=tw&amp;ns_linkname=seccion&amp;ns_fee=0\" target=\"_self\" data-voc-vtm-id=\"in-text-traffic\" title=\"Real Murcia\" data-mrf-link=\"www.abc.es\" rel=\"nofollow noopener\">Real Murcia<\/a>. Habr\u00e1 ambiente prenavide\u00f1o en la Cartuja con la ya tradicional <a href=\"https:\/\/www.abc.es\/deportes\/alfinaldelapalmera\/noticias-betis\/instrucciones-lluvia-peluches-betis-getafe-20251219113617-nts.html\" target=\"_self\" data-voc-vtm-id=\"in-text-traffic\" title=\"lluvia de peluches\" data-mrf-link=\"www.abc.es\" rel=\"nofollow noopener\">lluvia de peluches<\/a> de estas entra\u00f1ables fechas. <\/p>\n<p>00:32<\/p>\n<p class=\"voc-p\"><a href=\"https:\/\/www.abc.es\/deportes\/alfinaldelapalmera\/noticias-betis\/pellegrini-20251222231950-nts.html\" data-voc-vtm-id=\"in-text-traffic\" target=\"_blank\" rel=\"nofollow noopener\"><br \/>\nPellegrini: \u00abAl a\u00f1o nuevo le pido que lo mejor de 2025 sea lo peor del pr\u00f3ximo\u00bb<\/a><\/p>\n<p class=\"voc-p\">Plenamente satisfecho qued\u00f3 Pellegrini del rendimiento del Betis. Tanto que, cuando se le pregunt\u00f3 en sala de prensa por la actuaci\u00f3n de Deossa, destac\u00f3 al colombiano pero por encima de todos al equipo al completo. \u00abMuy contento desde el punto de vista colectivo. Hicimos un\u00a0gran partido y se plasm\u00f3 una diferencia importante en el marcador. Nelson se ha ido acostumbrando al f\u00fatbol europeo, todav\u00eda tiene margen de mejora. Habr\u00eda que destacar la parte colectiva, el equipo al completo, con un gran mediocampo y delanteros haciendo movimientos de ruptura y una defensa que trabaj\u00f3 los 90 minutos\u00bb, resumi\u00f3.<\/p>\n<p>00:00<\/p>\n<p>Pellegrini, en sala de prensa<\/p>\n<p class=\"voc-p\"><strong>Deossa. <\/strong>\u00abMuy contento desde el punto de vista colectivo. Hicimos un gran partido y se plasm\u00f3 una diferencia importante en el marcador. Nelson se ha ido acostumbrando al f\u00fatbol europeo, todav\u00eda tiene margen de mejora. Habr\u00eda que destacar la parte colectiva, el equipo al completo, con un gran medio campo y delanteros haciendo movimientos de ruptura y una defensa que trabaj\u00f3 los 90 minutos\u00bb<\/p>\n<p class=\"voc-p\"><strong>\u00bfPartido m\u00e1s completo en la Cartuja?<\/strong> \u00abNo s\u00e9 si el mejor, s\u00ed fue muy completo. Y el resultado lo indica. Fueron cuatro goles y varias oportunidades m\u00e1s. Compararlo es complicado, pero es el nivel que pretendemos tener como funcionamiento colectivo del equipo. Recuperamos el bal\u00f3n con mucha intensidad, las transiciones fueron r\u00e1pidas y creamos ocasiones. Colectivamente fue un partido m\u00e1s que completo\u00bb.<\/p>\n<p class=\"voc-p\"><strong>Aitor. \u00ab<\/strong>No me extra\u00f1a, lo mismo pasa con Fornals. Juegan de Aitor y Fornals, tienen inteligencia y condiciones. A Aitor le gusta jugar m\u00e1s arriba. La aparici\u00f3n de \u00c1ngel y las lesiones nos permiten volver a subirlo al puesto donde tiene m\u00e1s gol. Tiene mucho gol, lo veo entrenarse todas las semanas. Si las cosas no salen es culpa del t\u00e9cnico. Donde juega demuestra su capacidad e inteligencia para hacerlo ah\u00ed\u00bb.  <\/p>\n<p class=\"voc-p\"><strong>Claves para dar el salto a la Champions<\/strong>. \u00abUna cosa es la capacidad como equipo y otra, la realidad en la tabla. Estar en la Copa en octavos, entre los primeros en la Europa League y con 28 puntos en LaLiga es un gran rendimiento del equipo. Siempre hemos querido llegar m\u00e1s arriba, pero no depende solo de nosotros. Villarreal y Atl\u00e9tico han hecho un campa\u00f1\u00f3n. Estamos en tres competiciones, igual Espanyol y Villarreal tienen m\u00e1s facilidad al estar en una. Lo que parec\u00eda poco probable es hoy una realidad habitual. Me alegra mucho que siempre se est\u00e9 pidiendo m\u00e1s\u00bb. <\/p>\n<p class=\"voc-p\"><strong>Los cambios de Natan y Antony<\/strong>. \u00abNatan ten\u00eda molestias, \u00e9l pidi\u00f3 el cambio y Antony estaba con el aductor medio complicado. Ya el partido estaba asegurado, no hab\u00eda que exigirlos m\u00e1s. Es muy bueno tener a un plantel comprometido. A los que est\u00e1n hay que saber llevarlos para que est\u00e9n todos exigidos y comprometidos\u00bb.   <\/p>\n<p class=\"voc-p\"><strong>Actuaci\u00f3n rara del VAR. <\/strong>\u00abRaro me parece un t\u00e9rmino generoso. Fue mucho m\u00e1s que raro. Ellos se empiezan a complicar. Revisaron cinco o seis minutos en el VAR una jugada que nadie reclam\u00f3. En un partido que est\u00e1 finalizado se empiezan a complicar y hubo que alargar nueve minutos por comunicaciones del VAR con el \u00e1rbitro. No creo que el VAR tenga que intervenir tanto cuando nadie reclama nada. No s\u00e9 para qu\u00e9 se demoran tanto en revisarlas\u00bb. <\/p>\n<p class=\"voc-p\"><strong>Mercado de invierno. <\/strong>\u00abSiempre estamos en comunicaci\u00f3n con la direcci\u00f3n deportiva. No hemos hablado nada. Hay que ver qui\u00e9n sale. Lo importante es no despotenciarnos vendiendo. Est\u00e1 justo el plantel para ascender en donde estamos. Vamos a ver qu\u00e9 pasa en enero, ojal\u00e1 que las sorpresas sean para mejorar\u00bb.  <\/p>\n<p>23:36<\/p>\n<p>Fornals, en declaraciones a los medios del club tras el partido<\/p>\n<p class=\"voc-p\"><strong>Valoraci\u00f3n de la victoria.<\/strong> \u00abJugando y ganando en casa ante nuestra gente y con una iniciativa tan bonita como la de los peluches. Entiendo que todo el mundo ha disfrutado hoy aqu\u00ed\u00bb. <\/p>\n<p class=\"voc-p\"><strong>Nunca peligr\u00f3 el marcador. <\/strong>\u00abEl equipo ha estado en la primera parte muy bien, sab\u00edamos que ellos a bal\u00f3n parado y en transiciones son peligrosos. Cuando hemos metido el segundo, nos hemos liberado. Pod\u00eda haber sido alguno m\u00e1s\u00bb. <\/p>\n<p class=\"voc-p\"><strong>Cuatro goles al Getafe es muy no es f\u00e1cil. <\/strong>\u00abNo, para nada. No creo que muchos equipos lo consigan. Contento de haber sido nosotros\u00bb.<\/p>\n<p class=\"voc-p\"><strong>Gran a\u00f1o a nivel personal. <\/strong>\u00abA pesar de que el a\u00f1o pasado empez\u00f3 con la lesi\u00f3n y con dudas, una vez me recuper\u00e9 el a\u00f1o ha sido para enmarcar. Espero que no hayamos visto a\u00fan al mejor Fornals\u00bb. <\/p>\n<p>23:13<\/p>\n<p>Aitor, en declaraciones a DAZN LaLiga, a ras de campo, tras el partido<\/p>\n<p class=\"voc-p\"><strong>Gran ovaci\u00f3n. <\/strong>\u00abMuy agradecido siempre, haya ovaci\u00f3n o no. Un partido as\u00ed para el equipo es gloria. Que la afici\u00f3n lo disfrute en fechas como estas, se lo merece\u00bb. <\/p>\n<p class=\"voc-p\"><strong>El valor de su polivalencia, \u00bfqu\u00e9 le ha pedido Pellegrini?<\/strong> \u00abNada, que hiciera mi trabajo. Es el que m\u00e1s me conoce. Es mi sexto a\u00f1o aqu\u00ed con \u00e9l. Me ha pedido ni m\u00e1s ni menos lo que he hecho, as\u00ed que feliz\u00bb. <\/p>\n<p class=\"voc-p\"><strong>Un rematador. <\/strong>\u00abNo se est\u00e1 acostumbrado a verme tan arriba, pero es donde he jugado toda la vida. No es lo mismo que cuando juego atr\u00e1s, que tengo que estar m\u00e1s concentrado. Muy contento\u00bb. <\/p>\n<p class=\"voc-p\"><strong>\u00bfQu\u00e9 le pide a 2026?<\/strong> \u00abQue mejore un poquito m\u00e1s. Tampoco puedo pedir m\u00e1s. Estoy donde quiero, con quien quiero, con mi mujer y mi hijo en el club que m\u00e1s quiero. Ojal\u00e1 muchos a\u00f1os m\u00e1s\u00bb. <\/p>\n<p>23:01<\/p>\n<p>Min. 90+9 (4-0)<\/p>\n<p class=\"voc-p\">\u00a1FINAL! Goleada del Real Betis, que pas\u00f3 por encima del Getafe. Aitor (2), Fornals y Cucho, los autores de los goles verdiblancos. Acaban 2025 los de Pellegrini con tres puntos m\u00e1s y 28 en total.<\/p>\n<p>22:54<\/p>\n<p>Min. 90+2 (4-0)<\/p>\n<p class=\"voc-p\">Disparo alto de Arambarri.<\/p>\n<p>22:52<\/p>\n<p>Min. 90 (4-0)<\/p>\n<p class=\"voc-p\">Se a\u00f1aden nueve minutos m\u00e1s.<\/p>\n<p>22:51<\/p>\n<p>Min. 88 (4-0)<\/p>\n<p class=\"voc-p\">\u00a1Falla el penalti Mayoral! Echa el bal\u00f3n fuera el delantero del Getafe.<\/p>\n<p>22:49<\/p>\n<p>Min. 87 (4-0)<\/p>\n<p class=\"voc-p\"> Penalti a favor del Getafe tras larga revisi\u00f3n de Gonz\u00e1lez Fuertes.<\/p>\n<p>22:47<\/p>\n<p>Min. 85 (4-0)<\/p>\n<p class=\"voc-p\"> Doble cambio en el Betis: se van \u00c1ngel Ortiz y Fornals y entran Beller\u00edn y Chimy \u00c1vila.<\/p>\n<p>22:43<\/p>\n<p>Min. 80 (4-0)<\/p>\n<p class=\"voc-p\">Anulado el gol a Fornals, tras revisi\u00f3n del VAR, por un fuera de juego previo.<\/p>\n<p>22:41<\/p>\n<p>Min. 78 (5-0)<\/p>\n<p class=\"voc-p\">\u00a1\u00a1\u00a1GOOOOOOOOL del Real Betis!!! GOOOOOOOOL de Fornals. Doblete del castellonense en pleno festival verdiblanco, que le endosa la &#8216;manita&#8217; al Getafe.<\/p>\n<p>22:39<\/p>\n<p>Min. 77 (4-0)<\/p>\n<p class=\"voc-p\">\u00a1Uy! Parad\u00f3n de Valles a un remate a la primera, muy dif\u00edcil, de Mayoral. Grandes reflejos del meta verdiblanco.<\/p>\n<p>22:36<\/p>\n<p>Min. 74 (4-0)<\/p>\n<p class=\"voc-p\"> Nueva sustituci\u00f3n en el Betis: se va Aitor, fuertemente ovacionado por sus dos goles, y lo suple Riquelme.<\/p>\n<p>22:28<\/p>\n<p>Min. 66 (4-0)<\/p>\n<p class=\"voc-p\">Doble cambio en el Betis: Lo Celso y Valent\u00edn entran al campo por Antony y Natan.<\/p>\n<p>22:27<\/p>\n<p class=\"voc-p\"><a href=\"https:\/\/www.abc.es\/deportes\/alfinaldelapalmera\/noticias-betis\/lluvia-peluches-llena-cartuja-solidaridad-betis-getafe-20251221184319-nts.html\" data-voc-vtm-id=\"in-text-traffic\" target=\"_blank\" rel=\"nofollow noopener\"><br \/>\nLa lluvia de peluches llena la Cartuja de solidaridad en el Betis &#8211; Getafe<\/a><\/p>\n<p class=\"voc-p\">Llega la Navidad y con ella una imagen ya tradicional en los partidos que disputa el <strong>Betis<\/strong> cada a\u00f1o a estas alturas del calendario. Este domingo, en la visita del <strong>Getafe<\/strong> al estadio de la Cartuja, ha tenido lugar la <strong>tradicional lluvia de peluches<\/strong>, iniciativa que la entidad de Heli\u00f3polis lleva a cabo desde el a\u00f1o 2018.<\/p>\n<p>22:25<\/p>\n<p>Min. 63 (4-0)<\/p>\n<p class=\"voc-p\">Antes del cuarto tanto verdiblanco hizo el Getafe cuatro cambios: Sancris, Juanmi, Diego Rico y Javi Mu\u00f1oz suplieron a Liso, Kiko Femen\u00eda, Nyom y Mario Mart\u00edn.<\/p>\n<p>22:22<\/p>\n<p>Min. 60 (4-0)<\/p>\n<p class=\"voc-p\"> \u00a1\u00a1\u00a1GOOOOOOOOL del Real Betis!!! GOOOOOOOOL de Cucho Hern\u00e1ndez, que aprovecha en boca de gol un mal rechace de David Soria para aumentar la ventaja verdiblanca.<\/p>\n<p>22:18<\/p>\n<p>Min. 55 (3-0)<\/p>\n<p class=\"voc-p\">Gol anulado a Borja Mayoral por fuera de juego.<\/p>\n<p>22:14<\/p>\n<p>Min. 51 (3-0)<\/p>\n<p class=\"voc-p\">\u00a1\u00a1\u00a1GOOOOOOOOL del Real Betis!!! GOOOOOOOOL de Fornals. Se qued\u00f3 solo el centrocampista b\u00e9tico delante de David Soria y puso el tercero para el conjunto verdiblanco.<\/p>\n<p>22:11<\/p>\n<p>Min. 48 (2-0)<\/p>\n<p class=\"voc-p\">\u00a1\u00a1\u00a1GOOOOOOOOL del Real Betis!!! GOOOOOOOOL de Aitor, que anot\u00f3 su segundo tanto con un gran golpeo aprovechando el rechace de un disparo al palo de Antony en otra contra rapid\u00edsima.<\/p>\n<p>22:07<\/p>\n<p>\u00a1\u00a1\u00a1Comienza el segundo tiempo!!!<\/p>\n<p class=\"voc-p\"> Se reanuda el juego en el estadio de la Cartuja entre el Betis y el Getafe. No hay cambios<\/p>\n<p>22:00<\/p>\n<p>Jos\u00e9 Antonio Rueda, campe\u00f3n del Mundo de Moto3, recibi\u00f3 el reconocimiento de su equipo, el Betis, en los proleg\u00f3menos del partido<\/p>\n<p class=\"voc-p\">Foto: Manuel G\u00f3mez<\/p>\n<p>21:51<\/p>\n<p>Min. 45+1 (1-0)<\/p>\n<p class=\"voc-p\">Descanso. Jugadores a vestuarios. Buen primer tiempo del Betis, que ha sido muy superior al Getafe. Muy din\u00e1micos los verdiblancos y activos en la recuperaci\u00f3n. Manda el gol de Aitor a pase de Antony.<\/p>\n<p>21:48<\/p>\n<p>Min. 44 (1-0)<\/p>\n<p class=\"voc-p\"> Acumula saques de esquina el Betis en el tramo final del primer tiempo.<\/p>\n<p>21:45<\/p>\n<p>Min. 41 (1-0)<\/p>\n<p class=\"voc-p\">\u00a1\u00a1\u00a1Uyyyyyyyy!!! Remate de espaldas de Cucho tras un saque de esquina que ataja Soria.<\/p>\n<p>21:42<\/p>\n<p>Min. 38 (1-0)<\/p>\n<p class=\"voc-p\">\u00a1\u00a1\u00a1Uyyyyyyyy!!! Remate desviado de Fornals con la izquierda. Condujo Antony a toda velocidad y finaliz\u00f3 la jugada el Betis, que con espacios est\u00e1 haciendo mucho da\u00f1o.<\/p>\n<p>21:40<\/p>\n<p>Min. 36 (1-0)<\/p>\n<p class=\"voc-p\">Falta de Cucho en la disputa de bal\u00f3n con Djen\u00e9 en el interior del \u00e1rea del Getafe.<\/p>\n<p>21:38<\/p>\n<p>Min. 33 (1-0)<\/p>\n<p class=\"voc-p\">\u00a1\u00a1\u00a1Uyyyyyyyy!!! Contra muy peligrosa del Betis que termina desbaratando Djen\u00e9 en el duelo con Antony. Muchos problemas para el Getafe cuando tiene que replegarse.<\/p>\n<p>21:33<\/p>\n<p>Min. 30 (1-0)<\/p>\n<p class=\"voc-p\">Se cumple la primera media hora de juego en el estadio de la Cartuja. Tiene muy controlado el partido el Betis, que vence con gol de Aitor.<\/p>\n<p>21:29<\/p>\n<p>Aitor, celebrando su gol al Getafe<\/p>\n<p class=\"voc-p\">Foto: Manuel G\u00f3mez<\/p>\n<p>21:26<\/p>\n<p>Min. 23 (1-0)<\/p>\n<p class=\"voc-p\">Ya antes del gol se hab\u00eda adue\u00f1ado el Betis del partido y la t\u00f3nica se ha acentuado tras el tanto de Ruibal. Recupera r\u00e1pido la pelota y el Getafe ve lej\u00edsimos a Valles.<\/p>\n<p>21:25<\/p>\n<p>Min. 21 (1-0)<\/p>\n<p class=\"voc-p\"> Tarjeta amarilla para Nyom por una falta sobre Aitor.<\/p>\n<p>21:19<\/p>\n<p>Min. 15 (1-0)<\/p>\n<p class=\"voc-p\">\u00a1\u00a1\u00a1GOOOOOOOOL del Real Betis!!! GOOOOOOOOL de Aitor. Centro magn\u00edfico de Antony y cabezazo perfecto de Ruibal para batir a David Soria.<\/p>\n<p>21:17<\/p>\n<p>Min. 13 (0-0)<\/p>\n<p class=\"voc-p\"> \u00a1\u00a1\u00a1Uyyyyyyyy!!! No ha llegado por un pelo Cucho Hern\u00e1ndez a un centro lateral muy bueno de \u00c1ngel Ortiz.<\/p>\n<p>21:15<\/p>\n<p>Min. 10 (0-0)<\/p>\n<p class=\"voc-p\">Con defensa de cinco, tiene juntas las l\u00edneas el Getafe y por ahora est\u00e1 presionando con agresividad, aunque atr\u00e1s est\u00e1 dejando espacios.<\/p>\n<p>21:13<\/p>\n<p>Min. 8 (0-0)<\/p>\n<p class=\"voc-p\">\u00a1Uy! Jugada muy peligrosa del Getafe, con incursi\u00f3n de Femen\u00eda por la derecha, que termina en un remate rechazado por la defensa del Betis.<\/p>\n<p>21:10<\/p>\n<p>Min. 6 (0-0)<\/p>\n<p class=\"voc-p\">\u00a1\u00a1\u00a1Uyyyyyyyy!!! Parad\u00f3n de David Soria a un remate de Fornals tras p\u00e9rdida del Getafe en el centro del campo. Antes, Antony chut\u00f3 demasiado flojo tras un buen pase filtrado por Cucho.<\/p>\n<p>21:06<\/p>\n<p>Min. 3 (0-0)<\/p>\n<p class=\"voc-p\">Ha arrancado el Getafe con m\u00e1s bal\u00f3n y metiendo al Betis en su campo, pero son tan solo los primeros compases.<\/p>\n<p>21:03<\/p>\n<p>\u00a1\u00a1\u00a1Empieza el partido!!!<\/p>\n<p class=\"voc-p\"> \u00a1\u00a1\u00a1Comienza el encuentro en la Cartuja entre el Real Betis y el Getafe CF!!!<\/p>\n<p>20:59<\/p>\n<p>\u00a1\u00a1\u00a1Saltan los protagonistas al terreno de juego!!! <\/p>\n<p class=\"voc-p\">Todo preparado para el comienzo del partido entre el Real Betis y el Getafe CF.<\/p>\n<p>20:57<\/p>\n<p>Pellegrini, en declaraciones a DAZN LaLiga en la previa del Betis &#8211; Getafe<\/p>\n<p class=\"voc-p\"><strong>En qu\u00e9 ha insistido para preparar el partido. <\/strong>\u00abHago hincapi\u00e9 en que el equipo tenga buena din\u00e1mica ofensiva y defensiva. Tenemos delante a un rival rocoso que presiona alto y corta mucho el juego. Queremos tener salida limpia y clara de bal\u00f3n para hacerles da\u00f1o en defensa\u00bb. <\/p>\n<p class=\"voc-p\"><strong>El bal\u00f3n parado del Getafe.<\/strong> \u00abNo hemos tenido mucho tiempo durante la semana porque ha sido muy continuada, pero trabajamos en eso todas las semanas, sabemos que el Getafe tiene buenos cabeceadores, que buscan el segundo poste y hay que estar aplicados en ese sentido tambi\u00e9n\u00bb. <\/p>\n<p class=\"voc-p\"><strong>La Cartuja.<\/strong> \u00abLas tres derrotas las hemos encajado aqu\u00ed, ante rivales importantes. El cambio de estadio siempre tiene un costo y estamos acostumbrados al Benito Villamar\u00edn, que es m\u00e1s cercano, pero la Cartuja nos ha acogido bien y nos sentimos como locales. Hemos dejado ir puntos importantes, no queremos dejar m\u00e1s y esta noche queremos los tres que hay en juego\u00bb. <\/p>\n<p class=\"voc-p\"><strong>La posici\u00f3n de Aitor. <\/strong>\u00abTiene libertad de movimientos. Empieza por la izquierda, pero puede jugar con otro punta, que Fornals vaya a la banda&#8230; Creemos que es un jugador que nos da un potencial ofensivo importante y, aunque comenzar\u00e1 por la izquierda, vamos a ver c\u00f3mo vamos variando\u00bb. <\/p>\n<p class=\"voc-p\"><strong>Lo Celso, de nuevo suplente.<\/strong> \u00abViene de dos lesiones musculares importantes bastante seguidas y no hay que exigirlo. Sabemos qu\u00e9 trascendencia tiene Lo Celso para nuestro juego y esperemos que tras el par\u00f3n regrese a su mejor nivel\u00bb. <\/p>\n<p>20:55<\/p>\n<p>La alineaci\u00f3n titular del Betis<\/p>\n<p class=\"voc-p\">Con este once salen los verdiblancos ante el Getafe: Valles; Ortiz, Bartra, Natan, Ricardo; Marc Roca, Deossa; Antony, Fornals, Aitor; Cucho. <\/p>\n<p>20:50<\/p>\n<p>La alineaci\u00f3n titular del Getafe CF<\/p>\n<p class=\"voc-p\">Con este once salen los azulones ante el Betis: David Soria; Nyom, Duarte, Djen\u00e9, Iglesias, Kiko Femen\u00eda; Arambarri, Luis Milla, Mario Mart\u00edn; Liso, Borja Mayoral.<\/p>\n<p>20:47<\/p>\n<p>Sergio Canales, en declaraciones a los medios del club en la previa del partido<\/p>\n<p class=\"voc-p\"><strong>C\u00f3mo le va en M\u00e9xico. <\/strong>\u00abMuy buena experiencia. Muy agradecido por c\u00f3mo me tratan\u00bb.<\/p>\n<p class=\"voc-p\"><strong>Vuelve a Sevilla.<\/strong> \u00abNo hab\u00eda vuelto desde que me fui. No s\u00e9 si estaba preparado para volver. Quiero mucho al Betis. Feliz de estar aqu\u00ed de nuevo. Lo primero que he hecho es venir en cuanto he podido. Muy agradecido a la afici\u00f3n por el cari\u00f1o que me ha dado estos d\u00edas en la calle. Muy feliz de estar aqu\u00ed\u00bb. <\/p>\n<p class=\"voc-p\"><strong>Entren\u00e1ndose en Pilas. <\/strong>\u00abEs parte de m\u00ed. Me encanta, siempre intento mejorar y agradecido de que me hayan dejado el campo\u00bb. <\/p>\n<p class=\"voc-p\"><strong>Sigue creciendo el Betis.<\/strong> \u00abLo bueno es que no hay techo. En cada partido se dan pasitos adelante y eso me emociona y me hace muy feliz. Lo sigo y lo siento mucho. Es mi familia. Me emociona el presente y el futuro que hay por delante. Les doy muchas gracias a los b\u00e9ticos por hacerme sentir como en casa. El agradecimiento que yo pueda dar se queda corto para todo lo que me dan\u00bb. <\/p>\n<p>20:45<\/p>\n<p>\u00a1\u00a1\u00a1Quince minutos para el comienzo del encuentro entre el Real Betis y el Getafe CF!!!<\/p>\n<p>20:40<\/p>\n<p>El banquillo del Real Betis ante el Getafe CF<\/p>\n<p class=\"voc-p\">Estos jugadores esperar\u00e1n su oportunidad en el banquillo verdiblanco: Adri\u00e1n, Pau L\u00f3pez, Beller\u00edn, Valent\u00edn G\u00f3mez, Altimira, Lo Celso, Pablo Garc\u00eda, Riquelme y Chimy \u00c1vila.<\/p>\n<p>20:35<\/p>\n<p>El banquillo del Getafe CF ante el Real Betis<\/p>\n<p class=\"voc-p\">Estos jugadores esperar\u00e1n su oportunidad en el banquillo azul\u00f3n: Letacek, Neyou, Juanmi, Javi Mu\u00f1oz, Diego Rico, Sancris, Laso, Hugo Soloz\u00e1bal, Joselu P\u00e9rez y Montes. <\/p>\n<p>20:30<\/p>\n<p>\u00a1\u00a1\u00a1Media hora para que ruede el bal\u00f3n en el estadio de la Cartuja!!!<\/p>\n<p class=\"voc-p\"> Ya calientan los futbolistas de ambos equipos sobre el terreno de juego.<\/p>\n<p>20:25<\/p>\n<p class=\"voc-p\"><a href=\"https:\/\/www.abc.es\/deportes\/alfinaldelapalmera\/noticias-betis\/sofyan-amrabat-titular-estreno-marruecos-copa-africa-20251221192542-nts.html\" data-voc-vtm-id=\"in-text-traffic\" target=\"_blank\" rel=\"nofollow noopener\"><br \/>\nSofyan Amrabat, titular en el estreno de Marruecos en la Copa \u00c1frica<\/a><\/p>\n<p class=\"voc-p\"><strong>Sofyan Amrabat<\/strong> est\u00e1 de vuelta. Tras lesionarse con el <strong>Betis<\/strong> el pasado 27 de noviembre, tras aquel choque con Isco Alarc\u00f3n cuando se dispon\u00eda a disparar a puerta, el centrocampista partir\u00e1 como<strong> titular en el estreno de Marruecos en la Copa \u00c1frica<\/strong>, en la que se medir\u00e1 a Comores en el partido inaugural de la competici\u00f3n.<\/p>\n<p class=\"voc-p\"><strong>24 d\u00edas despu\u00e9s de la lesi\u00f3n, Amrabat ya se encuentra recuperado<\/strong>. El fuerte golpe en el tobillo, que le impidi\u00f3 estar disponible con el Betis antes de la fecha marcada por la FIFA para la cesi\u00f3n de los internacionales, no le ha impedido participar en el estreno de Marruecos, despu\u00e9s de que esta semana ya empezase a ejercitarse con sus compa\u00f1eros.<\/p>\n<p>20:20<\/p>\n<p class=\"voc-p\"><a href=\"https:\/\/www.abc.es\/deportes\/alfinaldelapalmera\/noticias-betis\/sesma-espinosa-estrena-betis-getafe-20251220190558-nts.html\" data-voc-vtm-id=\"in-text-traffic\" target=\"_blank\" rel=\"nofollow noopener\"><br \/>\nSesma Espinosa se estrena con el Betis y con el Getafe<\/a><\/p>\n<p class=\"voc-p\">La RFEF ha anunciado este s\u00e1bado cu\u00e1les son los \u00e1rbitros designados para los partidos correspondientes a la jornada 17 de LaLiga EA Sports que se disputar\u00e1n el domingo. El riojano<strong> Miguel Sesma Espinosa<\/strong> ha sido el elegido para impartir justicia en el Betis &#8211; Getafe que se celebrar\u00e1 en La Cartuja ma\u00f1ana a las 21 horas.<\/p>\n<p class=\"voc-p\">Sesma Espinosa es el \u00e1rbitro m\u00e1s joven de Primera y debuta esta campa\u00f1a en la m\u00e1xima categor\u00eda del f\u00fatbol espa\u00f1ol. Todav\u00eda no ha arbitrado ning\u00fan partido ni del Betis ni del Getafe.<\/p>\n<p>20:15<\/p>\n<p>La PREVIA del Betis &#8211; Getafe<\/p>\n<p class=\"voc-p\"><a href=\"https:\/\/www.abc.es\/deportes\/alfinaldelapalmera\/noticias-betis\/betis-getafe-vida-alla-derbi-laliga-20251221120337-nts.html\" data-voc-vtm-id=\"in-text-traffic\" target=\"_blank\" rel=\"nofollow noopener\"><br \/>\nHay vida m\u00e1s all\u00e1 del derbi en LaLiga<\/a><\/p>\n<p class=\"voc-p\">El Betis no gana en el torneo liguero desde el triunfo en Nervi\u00f3n y debe acabar el 2025 con una victoria para no alejarse m\u00e1s de la quinta plaza<\/p>\n<p>20:10<\/p>\n<p class=\"voc-p\"><a href=\"https:\/\/www.abc.es\/deportes\/alfinaldelapalmera\/noticias-betis\/alineaciones-probables-betis-getafe-laliga-sports-20252026-20251220210549-nts.html\" data-voc-vtm-id=\"in-text-traffic\" target=\"_blank\" rel=\"nofollow noopener\"><br \/>\nAlineaciones del Betis &#8211; Getafe de LaLiga EA Sports 2025-2026: onces y banquillo de suplentes<\/a><\/p>\n<p class=\"voc-p\">El <strong>Real Betis<\/strong> aparca la Copa del Rey, competici\u00f3n donde ya est\u00e1 en octavos tras eliminar al Real Murcia, para buscar este domingo en el estadio de la Cartuja los tres puntos que se ponen en juego ante el <strong>Getafe CF<\/strong> en este choque de la                                             <a href=\"https:\/\/www.laliga.com\/es-GB\/partido\/temporada-2025-2026-laliga-ea-sports-real-betis-getafe-cf-17\" data-voc-vtm-id=\"in-text-traffic\" target=\"_blank\" rel=\"nofollow noopener\"><strong>jornada 17\u00aa de LaLiga EA Sports<\/strong><\/a>. Los necesita para recortar distancias con el RCD Espanyol, quinto con cinco puntos m\u00e1s que los verdiblancos al t\u00e9rmino de la pasada jornada, en la que el Betis no pas\u00f3 del empate en Vallecas. Ser\u00e1 el \u00faltimo partido del Betis en 2025 y quiere despedirlo de la mejor manera, ganando, lo que le permitir\u00eda                                             <a href=\"https:\/\/www.abc.es\/deportes\/alfinaldelapalmera\/noticias-betis\/betis-ante-record-victorias-ano-natural-20251220093618-nts.html\" data-voc-vtm-id=\"in-text-traffic\" target=\"_blank\" rel=\"nofollow noopener\"><strong>igualar<\/strong><\/a>\u00a0su n\u00famero de triunfos en un a\u00f1o natural.<\/p>\n<p>20:09<\/p>\n<p>Pellegrini, en declaraciones a los medios del club en la previa del partido<\/p>\n<p class=\"voc-p\"><strong>La importancia del partido.<\/strong> \u00abSon tres puntos muy importantes. Nos pondr\u00edamos con 28 y seis m\u00e1s por jugarse de la primera vuelta. En las otras dos competiciones estamos en octavos de la Copa y entre los ocho primeros de la Europa League, a un punto del puntero. Nos vendr\u00edan muy bien los tres puntos esta noche\u00bb. <\/p>\n<p class=\"voc-p\"><strong>La necesidad de volver a ganar en LaLiga.<\/strong> \u00abSiempre es bueno ganar y no es f\u00e1cil hacerlo. Hemos perdido tres partidos en casa contra rivales importantes y fuera de casa no lo hemos hecho. Hay que sumar los puntos en el balance total y estar con 28 supondr\u00eda una de las mejores campa\u00f1as en los seis a\u00f1os que lleva este cuerpo t\u00e9cnico. Nos espera un rival rocoso, dif\u00edcil, y hay que hacer un buen partido\u00bb.  <\/p>\n<p class=\"voc-p\"><strong>Un rival inc\u00f3modo.<\/strong> \u00abCuando hablo de estilos no los estoy criticando. El suyo es complicado, corta con muchas faltas, pero hay un \u00e1rbitro para eso. Nosotros nos tenemos que centrar en nuestro juego y en superar al rival con sus caracter\u00edsticas haciendo un buen partido\u00bb. <\/p>\n<p class=\"voc-p\"><strong>Aitor, por la izquierda.<\/strong> \u00abTiene variables y a \u00e9l le gusta jugar de delantero centro. Por ah\u00ed, por la izquierda, tambi\u00e9n puede jugar Pablo. Lo probamos en la Copa, result\u00f3 y vamos a ver si nos da un buen volumen ofensivo\u00bb. <\/p>\n<p>20:05<\/p>\n<p class=\"voc-p\"><a href=\"https:\/\/www.abc.es\/deportes\/alfinaldelapalmera\/noticias-betis\/ver-betis-getafe-canal-streaming-online-partido-20251219122819-nts.html\" data-voc-vtm-id=\"in-text-traffic\" target=\"_blank\" rel=\"nofollow noopener\"><br \/>\nD\u00f3nde ver Betis &#8211; Getafe: canal de TV y streaming online del partido de LaLiga EA Sports 2025-2026<\/a><\/p>\n<p>Betis &#8211; Getafe: en qu\u00e9 canal lo televisan y plataformas de streaming<\/p>\n<p class=\"voc-p\">El partido entre el conjunto verdiblanco y el azul\u00f3n correspondiente a la 17\u00aa jornada liguera ser\u00e1 retransmitido por DAZN,                                             <a href=\"https:\/\/www.movistarplus.es\/canal\/dazn-laliga?id=daznli\" data-voc-vtm-id=\"in-text-traffic\" target=\"_blank\" rel=\"nofollow noopener\"><strong>DAZN La Liga TV<\/strong><\/a> (diales 55 y 58 en Movistar; y 113 y 114 en Orange) y LaLiga TV Bar (dial 300) en los establecimientos.<\/p>\n<p>A qu\u00e9 hora es el Betis &#8211; Getafe: fecha, d\u00eda, horario, estadio y d\u00f3nde se juega<\/p>\n<p class=\"voc-p\">El Real Betis y el Getafe CF se enfrentan <strong>este domingo, 21 de diciembre, a las 21.00<\/strong> horas en el estadio de la Cartuja.<\/p>\n<p>C\u00f3mo seguir el Betis &#8211; Getafe<\/p>\n<p class=\"voc-p\">El duelo de la 17\u00aa jornada liguera entre el conjunto de Manuel Pellegrini y el de Jos\u00e9 Bordal\u00e1s se puede seguir por dos v\u00edas online. En primer lugar, desde esta misma web:                                             <a href=\"https:\/\/www.abc.es\/deportes\/alfinaldelapalmera\/\" data-voc-vtm-id=\"in-text-traffic\" target=\"_blank\" rel=\"nofollow noopener\"><strong>Alfinaldelapalmera.com<\/strong><\/a> donde contaremos el partido en directo y minuto a minuto. Tambi\u00e9n a trav\u00e9s de ABC de Sevilla. En ambas webs, aparte del transcurrir del choque, se podr\u00e1n leer estad\u00edsticas, comentarios, cr\u00f3nicas, res\u00famenes, v\u00eddeos y todo lo relacionado con este partido de <strong>LaLiga EA Sports 2025-2026.<\/strong><\/p>\n<p>20:00<\/p>\n<p>\u00a1\u00a1\u00a1En una hora dar\u00e1 comienzo el partido de la 17\u00aa jornada liguera entre el Real Betis y el Getafe CF!!!<\/p>\n<p class=\"voc-p\"> Os estamos contando la mejor previa del choque en @AFDLP.<\/p>\n<p>19:55<\/p>\n<p class=\"voc-p\"><a href=\"https:\/\/www.abc.es\/deportes\/alfinaldelapalmera\/noticias-betis\/eldense-betis-deportivo-vuelta-cruda-realidad-20251220182643-nts.html\" data-voc-vtm-id=\"in-text-traffic\" target=\"_blank\" rel=\"nofollow noopener\"><br \/>\nEldense &#8211; Betis Deportivo: vuelta a la cruda realidad (2-0)<\/a><\/p>\n<p class=\"voc-p\">El <strong>Betis Deportivo<\/strong> se vio superado este s\u00e1bado por el <strong>Eldense<\/strong> y cierra el a\u00f1o 2025 como colista del<strong> Grupo 2 de Primera RFEF<\/strong>. El equipo de <strong>Javi Medina<\/strong>\u00a0apenas suma 11 puntos tras la disputa de diecisiete jornadas y\u00a0tendr\u00e1 ahora dos semanas para replantearse lo que resta de competici\u00f3n con el objetivo de poder pelear una salvaci\u00f3n que cada semana se le va complicando m\u00e1s.<\/p>\n<p>19:53<\/p>\n<p>El once del Getafe CF <\/p>\n<p class=\"voc-p\">Estos son los once hombres elegidos por Jos\u00e9 Bordal\u00e1s para el choque ante el Betis: David Soria; Nyom, Duarte, Djen\u00e9, Iglesias, Kiko Femen\u00eda; Arambarri, Luis Milla, Mario Mart\u00edn; Liso, Borja Mayoral.<\/p>\n<p>19:50<\/p>\n<p class=\"voc-p\"><a href=\"https:\/\/www.abc.es\/deportes\/alfinaldelapalmera\/noticias-betis\/aplaudido-gesto-betis-tras-insultos-homofobos-recibidos-20251221100206-nts.html\" data-voc-vtm-id=\"in-text-traffic\" target=\"_blank\" rel=\"nofollow noopener\"><br \/>\nEl aplaudido gesto del Betis tras los insultos hom\u00f3fobos recibidos por Aitor Ruibal en Vallecas<\/a><\/p>\n<p class=\"voc-p\">El <strong>Betis<\/strong> vuelve a competir en LaLiga EA Sports este domingo. El club verdiblanco se despedir\u00e1 del a\u00f1o 2025 enfrent\u00e1ndose en La Cartuja (21 horas) al <strong>Getafe<\/strong> en el marco de la jornada 17 de la competici\u00f3n. En el \u00faltimo partido liguero en el que el club verdiblanco no logr\u00f3 imponerse al Rayo en Vallecas, <strong>Aitor Ruibal<\/strong> vivi\u00f3 un momento desagradable tras el pitido final. El jugador del Betis atend\u00eda a los medios de comunicaci\u00f3n mientras un aficionado desde la grada lo insultaba.                                             <a href=\"https:\/\/www.abc.es\/deportes\/alfinaldelapalmera\/noticias-betis\/denuncia-aitor-ruibal-vallecas-ale-homofobo-pasa-20251216002529-nts.html\" data-voc-vtm-id=\"in-text-traffic\" target=\"_blank\" rel=\"nofollow noopener\"><strong>\u00abAle, hom\u00f3fobo\u00bb<\/strong><\/a>, replic\u00f3 Aitor interrumpiendo su respuesta en un momento dado. Ahora, el Betis ha aprovechado su<strong> habitual cartel de &#8216;d\u00eda de partido&#8217;para mostrar su apoyo a uno de los capitanes<\/strong>\u00a0de la plantilla ya que \u00e9l mismo reconoci\u00f3 durante la citada entrevista que \u00abme pasa en todos los partidos\u00bb.<\/p>\n<p>19:48<\/p>\n<p>El once del Real Betis <\/p>\n<p class=\"voc-p\">Estos son los hombres elegidos por Manuel Pellegrini para afrontar el choque ante el Getafe: Valles; Ortiz, Bartra, Natan, Ricardo; Marc Roca, Deossa; Antony, Fornals, Aitor; Cucho. <\/p>\n<p>19:35<\/p>\n<p class=\"voc-p\"><a href=\"https:\/\/www.abc.es\/deportes\/alfinaldelapalmera\/noticias-betis\/abqar-sufre-rotura-muscular-queda-descartado-getafe-20251220092154-nts.html\" data-voc-vtm-id=\"in-text-traffic\" target=\"_blank\" rel=\"nofollow noopener\"><br \/>\nAbqar sufre una rotura muscular y queda descartado en el Getafe para visitar al Betis<\/a><\/p>\n<p class=\"voc-p\">Abdel Abqar ser\u00e1 baja en el Getafe CF para visitar al Real Betis en el \u00faltimo encuentro oficial de ambos equipos en este a\u00f1o natural de 2025, correspondiente a la 17\u00aa jornada de LaLiga 25-26 de Primera divisi\u00f3n. El central marroqu\u00ed sufri\u00f3 un problema muscular en la primera parte ante el Burgos el jueves en el duelo de dieciseisavos de final de la Copa del Rey que le oblig\u00f3 a ser sustituido. Las im\u00e1genes que dejaba el exjugador del Alav\u00e9s en el banquillo, totalmente derrotado, hac\u00edan presagiar que no habr\u00eda buenas noticias sobre su estado f\u00edsico.<\/p>\n<p>19:30<\/p>\n<p>As\u00ed fue la rueda de prensa de Pellegrini previa al Betis &#8211; Getafe<\/p>\n<p>19:25<\/p>\n<p class=\"voc-p\"><a href=\"https:\/\/www.abc.es\/deportes\/alfinaldelapalmera\/noticias-betis\/isco-20251219112314-nts.html\" data-voc-vtm-id=\"in-text-traffic\" target=\"_blank\" rel=\"nofollow noopener\"><br \/>\n\u00abIsco se tratar\u00e1 con factores de crecimiento y en un par de semanas reevaluaremos\u00bb<\/a><\/p>\n<p class=\"voc-p\">El <strong>Real Betis<\/strong> ha informado del estado de <strong>Isco<\/strong>, que estar\u00e1 varias semanas m\u00e1s de baja de lo previsto tras la lesi\u00f3n producida en los primeros compases del duelo en la Cartuja ante el Utrecht, correspondiente a la Europa League, el pasado 27\u00a0de noviembre. El capit\u00e1n verdiblanco no s\u00f3lo tuvo que recibir siete puntos de sutura como consecuencia de la patada de Amrabat en ese desafortunado lance que dej\u00f3 a los dos maltrechos, sino que se le produjo una inflamaci\u00f3n seria en el tobillo que hasta la fecha no le permite entrenarse con normalidad.<\/p>\n<p>19:20<\/p>\n<p class=\"voc-p\"><a href=\"https:\/\/www.abc.es\/deportes\/alfinaldelapalmera\/noticias-betis\/medico-betis-detalla-estado-junior-diego-llorente-20251219132539-nts.html\" data-voc-vtm-id=\"in-text-traffic\" target=\"_blank\" rel=\"nofollow noopener\"><br \/>\nEl m\u00e9dico del Betis detalla el estado de Junior, Diego Llorente y Marc Roca<\/a><\/p>\n<p class=\"voc-p\">Adem\u00e1s de informar con detalle del estado de salud y f\u00edsico de Isco Alarc\u00f3n, el m\u00e9dico del Betis, Jos\u00e9 Manuel \u00c1lvarez, tambi\u00e9n se refiri\u00f3 a los otros inquilinos de la enfermer\u00eda b\u00e9tica en este tramo final del a\u00f1o natural de 2025. Quedan descartados para el duelo ante el Getafe, como ya hiciera tambi\u00e9n p\u00fablico Manuel Pellegrini, Junior y Diego Llorente, mientras que el doctor espera que el t\u00e9cnico chileno pueda contar con Marc Roca.<\/p>\n<p class=\"voc-p\">Explicaba el doctor \u00c1lvarez que \u00abestamos con Junior, que tiene una peque\u00f1a lesi\u00f3n muscular, y Diego Llorente, que est\u00e1n evolucionando bien de sus procesos y esperamos que de forma progresiva a la vuelta del par\u00f3n de la Navidad est\u00e9n con el grupo\u00bb.<\/p>\n<p>19:15<\/p>\n<p class=\"voc-p\"><a href=\"https:\/\/www.abc.es\/deportes\/alfinaldelapalmera\/noticias-betis\/europa-lista-adios-20240223104025-nts.html\" data-voc-vtm-id=\"in-text-traffic\" target=\"_blank\" rel=\"nofollow noopener\"><br \/>\nTres competiciones<\/a><\/p>\n<p class=\"voc-p\">Suscr\u00edbete a +Palmera y recibe en tu email el VAR de Mateo Gonz\u00e1lez<\/p>\n<p>19:10<\/p>\n<p class=\"voc-p\"><a href=\"https:\/\/www.abc.es\/deportes\/alfinaldelapalmera\/noticias-betis\/spot-navideno-real-betis-betico-hables-magia-20251219124813-nts.html\" data-voc-vtm-id=\"in-text-traffic\" target=\"_blank\" rel=\"nofollow noopener\"><br \/>\nEl spot navide\u00f1o del Real Betis: \u00abA un b\u00e9tico no le hables de magia\u00bb<\/a><\/p>\n<p class=\"voc-p\">El <strong>Real Betis<\/strong> Balompi\u00e9 ha lanzado su <strong>campa\u00f1a de Navidad<\/strong> con la presentaci\u00f3n de un <strong>spot<\/strong> que pone el foco en <strong>la magia y la ilusi\u00f3n<\/strong> que despiertan las &#8216;Trece Barras&#8217; entre sus aficionados, especialmente entre los m\u00e1s peque\u00f1os. La historia se sit\u00faa en el interior de una casa sevillana, donde <strong>un padre mantiene una conversaci\u00f3n trascendental con su hijo<\/strong>\u00a0sobre la existencia de la magia. El ni\u00f1o, un apasionado del Real Betis Balompi\u00e9, con una mirada firme y un gesto p\u00edcaro, sin mediar palabra, se desentiende de las afirmaciones de su padre, abre su estuche, toma un bol\u00edgrafo y empieza a escribir recordando una verdad incuestionable: la magia del Real Betis Balompi\u00e9.<\/p>\n<p>19:05<\/p>\n<p class=\"voc-p\"><a href=\"https:\/\/www.abc.es\/deportes\/alfinaldelapalmera\/noticias-betis\/pellegrini-entrenador-betis-triunfos-laliga-copa-rey-20251219110624-nts.html\" data-voc-vtm-id=\"in-text-traffic\" target=\"_blank\" rel=\"nofollow noopener\"><br \/>\nPellegrini, el entrenador del Betis con m\u00e1s triunfos en LaLiga, Copa del Rey y Europa<\/a><\/p>\n<p class=\"voc-p\">Manuel <strong>Pellegrini<\/strong> sigue superando plusmarcas en el <strong>Real Betis<\/strong>. Con el triunfo verdiblanco en Murcia que le dio acceso a los octavos de final de la Copa del Rey se convirti\u00f3 en el entrenador que m\u00e1s victorias acumula en todas las competiciones en la historia verdiblanca. Es decir, ya lo era en LaLiga, Europa League y Conference (y competiciones continentales en general) pero le faltaba el torneo copero espa\u00f1ol y ya ha logrado superar a otro mito b\u00e9tico como <strong>Lorenzo Serra Ferrer<\/strong>.<\/p>\n<p>19:00<\/p>\n<p>\u00a1\u00a1\u00a1Apenas dos horas para el inicio del choque de la 17\u00aa jornada liguera entre el Real Betis y el Getafe CF!!! <\/p>\n<p>18:55<\/p>\n<p class=\"voc-p\"><a href=\"https:\/\/www.abc.es\/deportes\/alfinaldelapalmera\/noticias-betis\/instrucciones-lluvia-peluches-betis-getafe-20251219113617-nts.html\" data-voc-vtm-id=\"in-text-traffic\" target=\"_blank\" rel=\"nofollow noopener\"><br \/>\nLas instrucciones para la lluvia de peluches en el Betis &#8211; Getafe<\/a><\/p>\n<p class=\"voc-p\">El <strong>Real Betis<\/strong> ha anunciado que este domingo, en el descanso del encuentro ante el Getafe, correspondiente a la 17\u00aa jornada de<strong> LaLiga EA Sports<\/strong>, se desarrollar\u00e1 la ya tradicional lluvia de peluches, que llenar\u00e1 el estadio de la Cartuja de este\u00a0tipo de juguetes con un motivo ben\u00e9fico. El club ha publicado las instrucciones que han de ser tenidas en cuenta para que los aficionados puedan participar de esta iniciativa, que suele tener una gran repercusi\u00f3n nacional e internacional.<\/p>\n<p>18:40<\/p>\n<p class=\"voc-p\"><a href=\"https:\/\/www.abc.es\/deportes\/alfinaldelapalmera\/noticias-betis\/canales-machaca-pilas-homenaje-betis-getafe-20251221140131-nts.html\" data-voc-vtm-id=\"in-text-traffic\" target=\"_blank\" rel=\"nofollow noopener\"><br \/>\nCanales se machaca en Pilas antes de su homenaje en el Betis &#8211; Getafe<\/a><\/p>\n<p class=\"voc-p\">Sergio <strong>Canales<\/strong>, jugador de <strong>Rayados de Monterrey<\/strong>, se encuentra estos d\u00edas de visita por Sevilla y este mismo domingo ser\u00e1 homenajeado en el estadio de la Cartuja por su exequipo, el <strong>Real Betis<\/strong>, con ocasi\u00f3n del partido ante el Getafe de la\u00a017\u00aa jornada de LaLiga con el que los verdiblancos despiden el a\u00f1o 2025. Canales ya visit\u00f3 esta semana la Ciudad Deportiva Luis del Sol para reencontrarse con sus antiguos compa\u00f1eros, en un vestuario donde es muy querido y que abandon\u00f3 en 2023 tras disputar un total de 207 partidos oficiales como b\u00e9tico habiendo conseguido anotar 39 goles y siendo trascendental en el t\u00edtulo de Copa conseguido en 2022.<\/p>\n<p>18:15<\/p>\n<p class=\"voc-p\"><a href=\"https:\/\/www.abc.es\/deportes\/alfinaldelapalmera\/noticias-betis\/betis-getafe-partidos-calientes-deciden-minima-20251219181046-nts.html\" data-voc-vtm-id=\"in-text-traffic\" target=\"_blank\" rel=\"nofollow noopener\"><br \/>\nLos Betis &#8211; Getafe, partidos calientes que se deciden por la m\u00ednima<\/a><\/p>\n<p class=\"voc-p\">El                                             <a href=\"https:\/\/www.abc.es\/deportes\/alfinaldelapalmera\/noticias-betis\/betis-sabe-cerrara-primera-vuelta-laliga-oviedo-20251219131930-nts.html\" data-voc-vtm-id=\"in-text-traffic\" target=\"_blank\" rel=\"nofollow noopener\"><strong>Real Betis<\/strong><\/a> cerrar\u00e1 esta semana la jornada <strong>dominical<\/strong> (21.00 horas) recibiendo al <strong>Getafe<\/strong> en el estadio de <strong>La Cartuja<\/strong>, poniendo as\u00ed punto y final al a\u00f1o <strong>2025<\/strong>. Los duelos ante el club madrile\u00f1o disputados en la capital andaluza han sido hist\u00f3ricamente encuentros <strong>muy competidos<\/strong>, as\u00ed como <strong>pol\u00e9micos<\/strong>. De los <strong>\u00faltimos cinco partidos<\/strong> que han jugado verdiblancos y azulones en terreno b\u00e9tico, los <strong>locales<\/strong> se han llevado la <strong>victoria en tres de ellos<\/strong>. Por su parte, tambi\u00e9n se registra <strong>un triunfo<\/strong> para los <strong>getafenses<\/strong> y <strong>un empate<\/strong>.<\/p>\n<p>18:00<\/p>\n<p>\u00a1\u00a1\u00a1Restan tres horas para que ruede el bal\u00f3n entre el Real Betis y el Getafe CF!!! <\/p>\n<p>17:45<\/p>\n<p class=\"voc-p\"><a href=\"https:\/\/www.abc.es\/deportes\/alfinaldelapalmera\/noticias-betis\/real-betis-tour-regresa-estadio-cartuja-20251220200310-nts.html\" data-voc-vtm-id=\"in-text-traffic\" target=\"_blank\" rel=\"nofollow noopener\"><br \/>\nEl Real Betis Tour regresa en el estadio de La Cartuja<\/a><\/p>\n<p class=\"voc-p\">El estadio de <strong>La Cartuja<\/strong> retoma el <strong>Real Betis Tour<\/strong>. La casa temporal de los verdiblancos albergar\u00e1 a partir de ahora la <strong>experiencia definitiva<\/strong> para todos los <strong>aficionados heliopolitanos<\/strong>. As\u00ed lo ha comunicado el club mediante una publicaci\u00f3n en sus redes sociales.<\/p>\n<p class=\"voc-p\">La visita pasar\u00e1 por zonas que har\u00e1n las delicias de la hinchada b\u00e9tica, tales como la <strong>sala de trofeos<\/strong>, la <strong>colecci\u00f3n de piezas del archivo hist\u00f3rico del club<\/strong>, el <strong>vestuario local<\/strong>, el <strong>t\u00fanel de vestuarios<\/strong> y el <strong>terreno de juego desde banquillos<\/strong>, entre otros.<\/p>\n<p>17:30<\/p>\n<p class=\"voc-p\"><a href=\"https:\/\/www.abc.es\/deportes\/alfinaldelapalmera\/noticias-betis\/convocatoria-jugadores-betis-recibir-getafe-20251220134305-nts.html\" data-voc-vtm-id=\"in-text-traffic\" target=\"_blank\" rel=\"nofollow noopener\"><br \/>\nLa convocatoria de 20 jugadores del Betis para recibir al Getafe<\/a><\/p>\n<p class=\"voc-p\">Tras la rueda de prensa del entrenador Manuel Pellegrini, el Real Betis ha dado a conocer la lista de jugadores convocados para el encuentro de ma\u00f1ana ante el Getafe en la Cartuja a partir de las 21 horas, correspondiente a la 17\u00aa jornada de LaLiga\u00a025-26. Respecto a la lista de expedicionarios a Murcia para jugar el jueves la Copa del Rey, recupera el entrenador chileno a Marc Roca, mientras que Morante y Mawuli vuelven al Betis Deportivo para el duelo de los de Javi Medina ante el Eldense.<\/p>\n<p>17:15<\/p>\n<p class=\"voc-p\"><a href=\"https:\/\/www.abc.es\/deportes\/alfinaldelapalmera\/noticias-betis\/pellegrini-delantero-reyes-magos-sentaremos-despues-getafe-20251220125207-nts.html\" data-voc-vtm-id=\"in-text-traffic\" target=\"_blank\" rel=\"nofollow noopener\"><br \/>\nPellegrini: \u00ab\u00bfUn delantero a los Reyes Magos? Nos sentaremos despu\u00e9s del Getafe\u00bb<\/a><\/p>\n<p class=\"voc-p\">Manuel Pellegrini, entrenador del Real Betis, ha comparecido ante los medios de comunicaci\u00f3n este s\u00e1bado en la rueda de prensa previa al encuentro de ma\u00f1ana domingo en la Cartuja frente al Getafe, correspondiente a la 17\u00aa jornada de LaLiga 25-26. El t\u00e9cnico chileno ha\u00a0comenzado confirmado la recuperaci\u00f3n de Marc Roca para el encuentro: \u00abS\u00ed, marc roca ten\u00eda un esguince en un hombro y se ha ejercitado con normalidad, no tiene ning\u00fan problema. Estar\u00e1 citado y no tendr\u00e1 problemas para jugar, como H\u00e9ctor Beller\u00edn\u00bb.<\/p>\n<p>17:00<\/p>\n<p>\u00a1\u00a1\u00a1Quedan cuatro horas para el comienzo del partido en el estadio de la Cartuja entre el Betis y el Getafe!!! <\/p>\n<p>16:45<\/p>\n<p>La PREVIA del Betis &#8211; Getafe<\/p>\n<p class=\"voc-p\"><a href=\"https:\/\/www.abc.es\/deportes\/alfinaldelapalmera\/noticias-betis\/betis-getafe-vida-alla-derbi-laliga-20251221120337-nts.html\" data-voc-vtm-id=\"in-text-traffic\" target=\"_blank\" rel=\"nofollow noopener\"><br \/>\nHay vida m\u00e1s all\u00e1 del derbi en LaLiga<\/a><\/p>\n<p class=\"voc-p\">El Betis no gana en el torneo liguero desde el triunfo en Nervi\u00f3n y debe acabar el 2025 con una victoria para no alejarse m\u00e1s de la quinta plaza<\/p>\n","protected":false},"excerpt":{"rendered":"El Real Betis despedir\u00e1 2025, que ha sido un gran a\u00f1o a nivel deportivo para la entidad heliopolitana,&hellip;\n","protected":false},"author":2,"featured_media":300751,"comment_status":"","ping_status":"","sticky":false,"template":"","format":"standard","meta":{"footnotes":""},"categories":[93],"tags":[291,168,2125,25,24,13723,1458,315,288,1045,23,167,1885,1852],"class_list":{"0":"post-300750","1":"post","2":"type-post","3":"status-publish","4":"format-standard","5":"has-post-thumbnail","7":"category-deportes","8":"tag-betis","9":"tag-deportes","10":"tag-directo","11":"tag-es","12":"tag-espana","13":"tag-getafe","14":"tag-hora","15":"tag-hoy","16":"tag-laliga","17":"tag-partido","18":"tag-spain","19":"tag-sports","20":"tag-ultima","21":"tag-vivo"},"share_on_mastodon":{"url":"https:\/\/pubeurope.com\/@es\/115761013247262896","error":""},"_links":{"self":[{"href":"https:\/\/www.europesays.com\/es\/wp-json\/wp\/v2\/posts\/300750","targetHints":{"allow":["GET"]}}],"collection":[{"href":"https:\/\/www.europesays.com\/es\/wp-json\/wp\/v2\/posts"}],"about":[{"href":"https:\/\/www.europesays.com\/es\/wp-json\/wp\/v2\/types\/post"}],"author":[{"embeddable":true,"href":"https:\/\/www.europesays.com\/es\/wp-json\/wp\/v2\/users\/2"}],"replies":[{"embeddable":true,"href":"https:\/\/www.europesays.com\/es\/wp-json\/wp\/v2\/comments?post=300750"}],"version-history":[{"count":0,"href":"https:\/\/www.europesays.com\/es\/wp-json\/wp\/v2\/posts\/300750\/revisions"}],"wp:featuredmedia":[{"embeddable":true,"href":"https:\/\/www.europesays.com\/es\/wp-json\/wp\/v2\/media\/300751"}],"wp:attachment":[{"href":"https:\/\/www.europesays.com\/es\/wp-json\/wp\/v2\/media?parent=300750"}],"wp:term":[{"taxonomy":"category","embeddable":true,"href":"https:\/\/www.europesays.com\/es\/wp-json\/wp\/v2\/categories?post=300750"},{"taxonomy":"post_tag","embeddable":true,"href":"https:\/\/www.europesays.com\/es\/wp-json\/wp\/v2\/tags?post=300750"}],"curies":[{"name":"wp","href":"https:\/\/api.w.org\/{rel}","templated":true}]}}