{"id":300762,"date":"2025-12-22T03:12:11","date_gmt":"2025-12-22T03:12:11","guid":{"rendered":"https:\/\/www.europesays.com\/es\/300762\/"},"modified":"2025-12-22T03:12:11","modified_gmt":"2025-12-22T03:12:11","slug":"juntos-extremadura-levanta-fracasa-la-opcion-regionalista-que-buscaba-dar-la-campanada-no-ir-con-las-municipales-nos-perjudico-elecciones-extremadura-21-d","status":"publish","type":"post","link":"https:\/\/www.europesays.com\/es\/300762\/","title":{"rendered":"Juntos Extremadura Levanta: Fracasa la opci\u00f3n regionalista que buscaba dar la campanada: \u201cNo ir con las municipales nos perjudic\u00f3\u201d | Elecciones Extremadura 21-D"},"content":{"rendered":"<p class=\"\">\u201cLa baja participaci\u00f3n nos beneficia\u201d, dec\u00eda Ra\u00fal Gonz\u00e1lez por tel\u00e9fono tras el cierre de urnas a las ocho de la tarde. \u201cSiempre se comienzan con los pueblos peque\u00f1os. Vamos a ver c\u00f3mo transcurre la noche\u201d, continuaba el candidato de la coalici\u00f3n electoral regionalista Juntos Extremadura Levanta desde un hotel de M\u00e9rida, donde segu\u00eda la noche electoral junto a su equipo y gran parte de la c\u00fapula. Juntos Extremadura Levanta era la coalici\u00f3n regionalista que aglutina tres partidos \u2212Juntos por Extremadura, Levanta Extremadura y C\u00e1ceres Viva\u2212 que buscaba dar la campanada en estas elecciones en Extremadura. Y han fracasado.<\/p>\n<p class=\"\">La formaci\u00f3n ha logrado 4.000 votos con el 97% escrutado. Ha sido la quinta fuerza, tras PP, PSOE, Vox y Unidas por Extremadura. Entre las grandes ciudades ha logrado poco m\u00e1s de 650 votos en Badajoz; en C\u00e1ceres, 1.627; en M\u00e9rida, 186 y en Plasencia, 158. <\/p>\n<p class=\"\">\u201cLas sensaciones son muy positivas\u201d, dec\u00eda durante la campa\u00f1a. La realidad es que han sido un rotundo fracaso. La coalici\u00f3n se form\u00f3 en C\u00e1ceres en 2021 y alcanz\u00f3 m\u00e1s de 15.000 votos en las elecciones de 2023; 11.000 m\u00e1s que ahora. Cuenta, incluso, con 115 concejales y 15 alcaldes repartidos por pueblos de C\u00e1ceres y Badajoz.<\/p>\n<p class=\"\">El eslogan de la coalici\u00f3n Juntos Extremadura Levanta para esta campa\u00f1a ha sido \u201cExtremadura, m\u00e1s y mejor\u201d. Y su presupuesto ha sido de 7.000 euros. Han repartido 100.000 hojas de propaganda por municipios y capitales. <\/p>\n<p class=\"\">Gonz\u00e1lez ha circulado <a href=\"https:\/\/elpais.com\/espana\/elecciones-extremadura\/2025-12-07\/extremadura-se-mira-al-espejo-en-unas-elecciones-clave-prohibiria-que-vengan-de-madrid.html\" rel=\"nofollow noopener\" title=\"https:\/\/elpais.com\/espana\/elecciones-extremadura\/2025-12-07\/extremadura-se-mira-al-espejo-en-unas-elecciones-clave-prohibiria-que-vengan-de-madrid.html\" target=\"_blank\">estos d\u00edas por Extremadura<\/a> con su Toyota Corolla azul, pero, como es candidato, ha pegado con celo cuatro carteles electorales con su rostro en las puertas. Y tambi\u00e9n banderas regionales \u2014verde, blanca y negra\u2014 en los retrovisores.<\/p>\n<p class=\"\">Las c\u00e1balas de Juntos Extremadura Levanta dec\u00edan que con 10.500 se lograr\u00eda un diputado en C\u00e1ceres y que, con casi 17.000, en Badajoz. Y si en 2023 las tres formaciones juntas sumaron un 3,8% de los votos, a 1,2% de dar la sorpresa, en estas se han hundido hasta el 0,78%.<\/p>\n<p class=\"\">\u201cHemos hecho una campa\u00f1a digna\u201d, contaba al tel\u00e9fono el candidato Gonz\u00e1lez tras el escrutinio. \u201cNo ir con las municipales, nos perjudic\u00f3\u201d <\/p>\n<p class=\"\"><a href=\"https:\/\/elpais.com\/espana\/elecciones\/autonomicas\/10\/\" target=\"_self\" rel=\"nofollow noopener\" title=\"https:\/\/elpais.com\/espana\/elecciones\/autonomicas\/10\/\"><b>Todos los resultados de las Elecciones en Extremadura<\/b><\/a><\/p>\n","protected":false},"excerpt":{"rendered":"\u201cLa baja participaci\u00f3n nos beneficia\u201d, dec\u00eda Ra\u00fal Gonz\u00e1lez por tel\u00e9fono tras el cierre de urnas a las ocho&hellip;\n","protected":false},"author":2,"featured_media":300763,"comment_status":"","ping_status":"","sticky":false,"template":"","format":"standard","meta":{"footnotes":""},"categories":[8],"tags":[17,18,4246,62996,4374,54253,63513,25,24,7234,13,14,1468,11,19,20,9,10,15,16,957,68981,23,12,21,22],"class_list":{"0":"post-300762","1":"post","2":"type-post","3":"status-publish","4":"format-standard","5":"has-post-thumbnail","7":"category-espana","8":"tag-breaking-news","9":"tag-breakingnews","10":"tag-campanas-electorales","11":"tag-coaliciones-electorales","12":"tag-elecciones","13":"tag-elecciones-autonomicas","14":"tag-elecciones-extremenas","15":"tag-es","16":"tag-espana","17":"tag-extremadura","18":"tag-featured-news","19":"tag-featurednews","20":"tag-gobierno-autonomico","21":"tag-headlines","22":"tag-latest-news","23":"tag-latestnews","24":"tag-news","25":"tag-noticias","26":"tag-noticias-destacadas","27":"tag-noticiasdestacadas","28":"tag-partidos-politicos","29":"tag-programas-electorales","30":"tag-spain","31":"tag-titulares","32":"tag-ultimas-noticias","33":"tag-ultimasnoticias"},"share_on_mastodon":{"url":"","error":"Validation failed: Text character limit of 500 exceeded"},"_links":{"self":[{"href":"https:\/\/www.europesays.com\/es\/wp-json\/wp\/v2\/posts\/300762","targetHints":{"allow":["GET"]}}],"collection":[{"href":"https:\/\/www.europesays.com\/es\/wp-json\/wp\/v2\/posts"}],"about":[{"href":"https:\/\/www.europesays.com\/es\/wp-json\/wp\/v2\/types\/post"}],"author":[{"embeddable":true,"href":"https:\/\/www.europesays.com\/es\/wp-json\/wp\/v2\/users\/2"}],"replies":[{"embeddable":true,"href":"https:\/\/www.europesays.com\/es\/wp-json\/wp\/v2\/comments?post=300762"}],"version-history":[{"count":0,"href":"https:\/\/www.europesays.com\/es\/wp-json\/wp\/v2\/posts\/300762\/revisions"}],"wp:featuredmedia":[{"embeddable":true,"href":"https:\/\/www.europesays.com\/es\/wp-json\/wp\/v2\/media\/300763"}],"wp:attachment":[{"href":"https:\/\/www.europesays.com\/es\/wp-json\/wp\/v2\/media?parent=300762"}],"wp:term":[{"taxonomy":"category","embeddable":true,"href":"https:\/\/www.europesays.com\/es\/wp-json\/wp\/v2\/categories?post=300762"},{"taxonomy":"post_tag","embeddable":true,"href":"https:\/\/www.europesays.com\/es\/wp-json\/wp\/v2\/tags?post=300762"}],"curies":[{"name":"wp","href":"https:\/\/api.w.org\/{rel}","templated":true}]}}