{"id":300764,"date":"2025-12-22T03:13:19","date_gmt":"2025-12-22T03:13:19","guid":{"rendered":"https:\/\/www.europesays.com\/es\/300764\/"},"modified":"2025-12-22T03:13:19","modified_gmt":"2025-12-22T03:13:19","slug":"el-pp-fracasa-en-el-objetivo-del-adelanto-electoral-y-no-reduce-la-dependencia-de-vox-espana","status":"publish","type":"post","link":"https:\/\/www.europesays.com\/es\/300764\/","title":{"rendered":"El PP fracasa en el objetivo del adelanto electoral y no reduce la dependencia de Vox | Espa\u00f1a"},"content":{"rendered":"<p class=\"\">No solo <a href=\"https:\/\/elpais.com\/espana\/elecciones-extremadura\/2025-12-20\/guardiola-ve-posible-la-mayoria-absoluta-pese-a-un-final-de-campana-erratico-para-el-pp-otra-vez-nos-equivocamos-la-ultima-semana.html\" target=\"_self\" rel=\"nofollow noopener\" title=\"https:\/\/elpais.com\/espana\/elecciones-extremadura\/2025-12-20\/guardiola-ve-posible-la-mayoria-absoluta-pese-a-un-final-de-campana-erratico-para-el-pp-otra-vez-nos-equivocamos-la-ultima-semana.html\">no logr\u00f3 la mayor\u00eda absoluta, el objetivo que confesaban en privado en el entorno de Mar\u00eda Guardiola,<\/a> donde lo creyeron posible. El PP ha fracasado en el prop\u00f3sito principal de su adelanto electoral en Extremadura: el de reducir su dependencia de Vox. La presidenta extreme\u00f1a hab\u00eda convocado con la intenci\u00f3n de mejorar sus condiciones para gobernar, porque el partido de Santiago Abascal le impidi\u00f3 aprobar los Presupuestos. Pero el resultado de este domingo no le permite tener las manos m\u00e1s libres. La victoria es amarga para la candidata del PP, que <a href=\"https:\/\/elpais.com\/espana\/2025-12-21\/el-pp-se-lanza-a-por-la-absoluta-en-extremadura-para-acorralar-a-sanchez.html\" target=\"_blank\" rel=\"nofollow noopener\" title=\"https:\/\/elpais.com\/espana\/2025-12-21\/el-pp-se-lanza-a-por-la-absoluta-en-extremadura-para-acorralar-a-sanchez.html\">gana las elecciones pero con un crecimiento de solo un esca\u00f1o (29), lejos de sus expectativas<\/a>, y se queda a cuatro de la mayor\u00eda absoluta, as\u00ed que volver\u00e1 a depender de un Vox muy crecido que duplica sus diputados (11). G\u00e9nova celebra el \u201cbatacazo\u201d del PSOE en un feudo hist\u00f3rico de la izquierda, mientras la batalla en la derecha se recrudece. <\/p>\n<p class=\"\">\u201cLas tripas ganan m\u00e1s de lo esperado\u201d, lamentaba este domingo un dirigente de la c\u00fapula del PP en referencia a Vox, el gran beneficiado de la noche. El PP no vio venir el subid\u00f3n de los ultras. La direcci\u00f3n nacional preve\u00eda solo 48 horas antes que el partido de Santiago Abascal iba a quedarse en el 12% de los votos, y al final escal\u00f3 hasta el 17%. <\/p>\n<p class=\"\">Los populares <a href=\"https:\/\/elpais.com\/espana\/elecciones-extremadura\/2025-12-21\/la-derecha-arrolla-en-extremadura-gana-guardiola-sin-mayoria-absoluta-se-dispara-vox-y-se-hunde-el-psoe.html\" target=\"_blank\" rel=\"nofollow noopener\" title=\"https:\/\/elpais.com\/espana\/elecciones-extremadura\/2025-12-21\/la-derecha-arrolla-en-extremadura-gana-guardiola-sin-mayoria-absoluta-se-dispara-vox-y-se-hunde-el-psoe.html\">subestimaron la subida de la extrema derecha, que es la que mejor aprovecha la ca\u00edda del PSOE, en lugar del PP<\/a>. De los diez esca\u00f1os que pierden los socialistas, que sufren una ca\u00edda hist\u00f3rica (hasta los 18 esca\u00f1os), los de Abascal consiguen seis y el PP solo uno, mientras la candidatura de Podemos ara\u00f1a tres. El problema para el PP, que se felicita de que \u201cla derecha est\u00e1 en el 60% del voto en el feudo por excelencia de la izquierda en Espa\u00f1a\u201d, es que dentro del bloque de la derecha la batalla se exacerba, con su rival en un crecimiento imparable. Mientras el PP crece cuatro puntos, Vox lo hace en nueve. \u201cPreferimos que el voto vaya a Vox a que lo haga al PSOE\u201d, contraponen fuentes de la direcci\u00f3n del PP, donde insisten en que lo relevante es la derechizaci\u00f3n del electorado y que tanto el PP como Vox suben, aunque eso suponga tener que unir su destino cada vez m\u00e1s a los de Abascal. <\/p>\n<p class=\"\">La direcci\u00f3n del PP hab\u00eda definido cuatro objetivos \u2015declarados\u2015 para las elecciones extreme\u00f1as: reducir la dependencia de Vox, superar el 40% de los votos, alcanzar los 30 esca\u00f1os (desde los 28) y amplificar la diferencia con el PSOE. G\u00e9nova evit\u00f3 durante toda la campa\u00f1a situar como meta la mayor\u00eda absoluta (en 33 esca\u00f1os), para rebajar expectativas, pero en el PP extreme\u00f1o hab\u00eda trabajado para lograrla y <a href=\"https:\/\/elpais.com\/espana\/elecciones-extremadura\/2025-12-20\/guardiola-ve-posible-la-mayoria-absoluta-pese-a-un-final-de-campana-erratico-para-el-pp-otra-vez-nos-equivocamos-la-ultima-semana.html\" target=\"_blank\" rel=\"nofollow noopener\" title=\"https:\/\/elpais.com\/espana\/elecciones-extremadura\/2025-12-20\/guardiola-ve-posible-la-mayoria-absoluta-pese-a-un-final-de-campana-erratico-para-el-pp-otra-vez-nos-equivocamos-la-ultima-semana.html\">hab\u00eda cerrado la campa\u00f1a declarando en privado que s\u00ed era posible conseguirla, seg\u00fan fuentes del entorno de la candidata popular. <\/a>El ambiente general con el que el partido cerr\u00f3 la campa\u00f1a era que la absoluta estaba al alcance de los dedos, con la incertidumbre de si los errores de la \u00faltima semana pod\u00edan haber dado al traste con esa posibilidad. Al final se qued\u00f3 lejos.<\/p>\n<p><img alt=\"El presidenta de Extremadura y candidata del PP, Mar\u00eda Guardiola, comparece este domingo tras los resultados electorales en el hotel Azz de M\u00e9rida. Resultados elecciones Extremadura\" decoding=\"auto\" class=\"_re lazyload a_m-h\" height=\"276\"  width=\"414\"  src=\"https:\/\/www.europesays.com\/es\/wp-content\/uploads\/2025\/12\/CDYDAR2ZHBCVPJHU4VOKZIF3QE.jpg\" loading=\"lazy\"\/> La candidata del Partido Popular a la presidencia de la Junta de Extremadura, Mar\u00eda Guardiola, durante su comparecencia tras conocer los resultados electorales extreme\u00f1os.PACO PUENTES<\/p>\n<p class=\"\">De la predicci\u00f3n de G\u00e9nova, que fuentes de la c\u00fapula reiteraron cuando el escrutinio estaba ya casi a la mitad, los populares fallan en dos de sus prop\u00f3sitos: el de llegar a 30 esca\u00f1os (se quedan en 29) y, sobre todo, en el de que Guardiola est\u00e9 menos supeditada a Vox. <\/p>\n<p class=\"\">A la presidenta extreme\u00f1a le bastar\u00e1 la abstenci\u00f3n de los de Abascal para ser investida, porque le faltan cuatro votos para la mayor\u00eda absoluta pero suma m\u00e1s que la izquierda, pero todo indica que ser\u00e1 una abstenci\u00f3n cara. En el PP admiten que, con un Vox disparado en las urnas, los ultras no van a abaratar el precio de su apoyo, como pretend\u00eda el PP. <\/p>\n<p class=\"\">Ser\u00e1 dif\u00edcil que lo hagan, adem\u00e1s, despu\u00e9s de una campa\u00f1a que se ha caracterizado por el cuerpo a cuerpo entre Guardiola y Abascal. El l\u00edder de Vox lleg\u00f3 a sugerir que el PP tendr\u00eda que prescindir de Guardiola en caso de necesitar su apoyo, y ella contest\u00f3 a la embestida llam\u00e1ndole \u201cmachista\u201d. Las relaciones entre el PP y Vox en Extremadura son especialmente tensas desde que la presidenta extreme\u00f1a intent\u00f3 evitar que entraran en su Gobierno tras las elecciones de 2023. Al final tuvo que ceder, y gobern\u00f3 con los ultras hasta que estos rompieron todos los Gobiernos con el PP en el verano de 2024. <\/p>\n<p class=\"\">Fuentes de G\u00e9nova defienden que s\u00ed van a reducir su dependencia de Vox porque pasan de necesitar un voto afirmativo a una abstenci\u00f3n, y porque ahora los ultras ya no piden entrar en los Gobiernos del PP. Pero admiten que desconocen el precio, y reconocen que no ser\u00e1 gratis. \u00bfLe preocupa que Vox pida entrar en su Gobierno?, le preguntaron los periodistas a Mar\u00eda Guardiola cuando compareci\u00f3 al filo de la medianoche. \u201cNo me preocupa nada\u201d, contest\u00f3. \u201cNo tengo l\u00edneas rojas; son verdes, blancas y negras\u201d, replic\u00f3 con ambig\u00fcedad en referencia a los colores de la bandera de Extremadura. <\/p>\n<p>Fotogaler\u00eda<\/p>\n<p class=\"\">La lectura nacional del PP se centra en la debacle del PSOE, con el argumento de que la derrota socialista en Extremadura \u201ces un m\u00e9rito exclusivo de Pedro S\u00e1nchez\u201d. \u201cFelicidades a Mar\u00eda Guardiola por una victoria incontestable. Extremadura ha hablado y ha dicho que no quiere m\u00e1s sanchismo. Se cae el relato y el muro de Pedro S\u00e1nchez y el cambio en Espa\u00f1a est\u00e1 m\u00e1s cerca\u201d, dijo el l\u00edder del PP, Alberto N\u00fa\u00f1ez Feij\u00f3o, en un mensaje en la red social X al filo de la medianoche.<\/p>\n<p class=\"\">Extremadura ha dado el pistoletazo de salida al ciclo electoral que el PP hab\u00eda dise\u00f1ado para una derrota a pellizcos al PSOE: despu\u00e9s llegar\u00e1n las elecciones en Arag\u00f3n (8 de febrero), Castilla y Le\u00f3n (marzo), y Andaluc\u00eda (junio). G\u00e9nova ya mira a Arag\u00f3n y el presidente Jorge Azc\u00f3n sigui\u00f3 el escrutinio extreme\u00f1o desde la sede nacional con Feij\u00f3o. \u201cLa derrota para el PSOE es grande y despu\u00e9s de una paliza para la historia ya trabajamos en la siguiente gran noche para el Partido Popular\u201d, sostienen fuentes de la c\u00fapula. \u201cTras ganarles hoy, ya trabajamos en ganarles de nuevo el 8 de febrero. Ese d\u00eda Pedro S\u00e1nchez ya no deber\u00eda ser presidente del Gobierno\u201d.<\/p>\n","protected":false},"excerpt":{"rendered":"No solo no logr\u00f3 la mayor\u00eda absoluta, el objetivo que confesaban en privado en el entorno de Mar\u00eda&hellip;\n","protected":false},"author":2,"featured_media":300765,"comment_status":"","ping_status":"","sticky":false,"template":"","format":"standard","meta":{"footnotes":""},"categories":[5],"tags":[6069,17,18,25,24,13,14,11,19,20,22548,9,10,15,16,65070,6914,23,12,21,22,624],"class_list":{"0":"post-300764","1":"post","2":"type-post","3":"status-publish","4":"format-standard","5":"has-post-thumbnail","7":"category-titulares","8":"tag-alberto-nunez-feijoo","9":"tag-breaking-news","10":"tag-breakingnews","11":"tag-es","12":"tag-espana","13":"tag-featured-news","14":"tag-featurednews","15":"tag-headlines","16":"tag-latest-news","17":"tag-latestnews","18":"tag-maria-guardiola-martin","19":"tag-news","20":"tag-noticias","21":"tag-noticias-destacadas","22":"tag-noticiasdestacadas","23":"tag-pp-extremadura","24":"tag-santiago-abascal","25":"tag-spain","26":"tag-titulares","27":"tag-ultimas-noticias","28":"tag-ultimasnoticias","29":"tag-vox"},"share_on_mastodon":{"url":"https:\/\/pubeurope.com\/@es\/115761040907059929","error":""},"_links":{"self":[{"href":"https:\/\/www.europesays.com\/es\/wp-json\/wp\/v2\/posts\/300764","targetHints":{"allow":["GET"]}}],"collection":[{"href":"https:\/\/www.europesays.com\/es\/wp-json\/wp\/v2\/posts"}],"about":[{"href":"https:\/\/www.europesays.com\/es\/wp-json\/wp\/v2\/types\/post"}],"author":[{"embeddable":true,"href":"https:\/\/www.europesays.com\/es\/wp-json\/wp\/v2\/users\/2"}],"replies":[{"embeddable":true,"href":"https:\/\/www.europesays.com\/es\/wp-json\/wp\/v2\/comments?post=300764"}],"version-history":[{"count":0,"href":"https:\/\/www.europesays.com\/es\/wp-json\/wp\/v2\/posts\/300764\/revisions"}],"wp:featuredmedia":[{"embeddable":true,"href":"https:\/\/www.europesays.com\/es\/wp-json\/wp\/v2\/media\/300765"}],"wp:attachment":[{"href":"https:\/\/www.europesays.com\/es\/wp-json\/wp\/v2\/media?parent=300764"}],"wp:term":[{"taxonomy":"category","embeddable":true,"href":"https:\/\/www.europesays.com\/es\/wp-json\/wp\/v2\/categories?post=300764"},{"taxonomy":"post_tag","embeddable":true,"href":"https:\/\/www.europesays.com\/es\/wp-json\/wp\/v2\/tags?post=300764"}],"curies":[{"name":"wp","href":"https:\/\/api.w.org\/{rel}","templated":true}]}}