{"id":300766,"date":"2025-12-22T03:21:17","date_gmt":"2025-12-22T03:21:17","guid":{"rendered":"https:\/\/www.europesays.com\/es\/300766\/"},"modified":"2025-12-22T03:21:17","modified_gmt":"2025-12-22T03:21:17","slug":"nuevo-piropo-de-montanana-a-sus-jugadoras-me-lo-habeis-escuchado-500-millones-de-veces-es-una-pasada-entrenar-a-un-equipo-asi","status":"publish","type":"post","link":"https:\/\/www.europesays.com\/es\/300766\/","title":{"rendered":"Nuevo piropo de Monta\u00f1ana a sus jugadoras: \u00abMe lo hab\u00e9is escuchado 500 millones de veces: es una pasada entrenar a un equipo as\u00ed\u00bb"},"content":{"rendered":"<p><a class=\"v-mdl-ath__fig-a\" href=\"https:\/\/www.lagacetadesalamanca.es\/autor\/alex-g-santana-6000.html\" title=\"Alex G. Santana\" rel=\"nofollow noopener\" target=\"_blank\"><br \/>\n<img decoding=\"async\" class=\"v-mdl-ath__img\" src=\"https:\/\/www.europesays.com\/es\/wp-content\/uploads\/2025\/12\/autor-6000-foto-1.png\" alt=\"Alex G. Santana\"\/><br \/>\n<\/a><\/p>\n<p class=\"v-mdl-ath__p v-mdl-ath__p--6\">\nDomingo, 21 de diciembre 2025, 17:06<\/p>\n<p>| Actualizado 18:12h.<\/p>\n<p class=\"v-p\"><strong>Anna Monta\u00f1ana<\/strong> ha mostrado sus impresiones <a href=\"https:\/\/www.lagacetadesalamanca.es\/deportes\/baloncesto-local\/perfumeriasavenida\/perfumerias-avenida-impone-baxi-ferrol-8175-elementos-20251221141652-nt.html\" target=\"_blank\" data-voc-vtm-id=\"in-text-traffic\" title=\"tras el partido contra el Baxi Ferrol\" data-mrf-link=\"www.lagacetadesalamanca.es\" rel=\"nofollow noopener\">tras el partido contra el Baxi Ferrol<\/a>, destacando la labor de su equipo y analizando distintos aspectos, como <a href=\"https:\/\/www.lagacetadesalamanca.es\/deportes\/baloncesto-local\/perfumeriasavenida\/exhibicion-iyana-baxi-ferrol-supone-nuevo-record-20251221163751-nt.html\" target=\"_blank\" data-voc-vtm-id=\"in-text-traffic\" title=\"la actuaci\u00f3n de Iyana Mart\u00edn\" data-mrf-link=\"www.lagacetadesalamanca.es\" rel=\"nofollow noopener\">la actuaci\u00f3n de Iyana Mart\u00edn<\/a>, <a href=\"https:\/\/www.lagacetadesalamanca.es\/deportes\/baloncesto-local\/perfumeriasavenida\/imagen-lamentable-wurzburg-marcadores-vuelven-funcionar-20251221121407-nt.html\" target=\"_blank\" data-voc-vtm-id=\"in-text-traffic\" title=\"los problemas con los marcadores\" data-mrf-link=\"www.lagacetadesalamanca.es\" rel=\"nofollow noopener\">los problemas con los marcadores<\/a>, o el arbitraje.<\/p>\n<p class=\"v-p\">La valenciana comenz\u00f3 hablando sobre la implicaci\u00f3n de todo el mundo ante la ausencia de <strong>Khadijiah Cave<\/strong>: \u00abEra dif\u00edcil de compensar su baja, porque es la que m\u00e1s juega, la que m\u00e1s puntos mete, la que m\u00e1s rebotea&#8230; Y creo que todo el mundo, una vez m\u00e1s, se ha remangado, y hemos tapado las situaciones que no hemos podido al empezar el partido\u00bb.<\/p>\n<p class=\"v-p\">A falta de un partido para terminar 2025, la entrenadora de Avenida quiso poner en valor lo que est\u00e1n haciendo: \u00abVa a ser muy importante el partido de Legan\u00e9s, claro que s\u00ed. Pero lo he dicho desde el principio y me lo hab\u00e9is escuchado 500 millones de veces y lo voy a seguir diciendo mientras lo hagan y creo que lo van a seguir haciendo: el equipo trabaja muy bien y es una pasada entrenar a un equipo as\u00ed. Creo que antes nos luc\u00eda muy poco y a veces ahora nos luce un poco, pero tenemos la capacidad para volver. <strong>Hemos encontrado una identidad que espero que sigamos manteniendo<\/strong>, y es que luchamos y volvemos a los partidos, independientemente de lo que est\u00e9 pasando. Y eso, a d\u00eda de hoy, si tengo que hacer un an\u00e1lisis, es una cosa muy positiva. Tambi\u00e9n he dicho que cuando se est\u00e1 con un equipo y lo que quer\u00edamos crear nosotros es ser el mejor equipo que podamos utilizando nuestro talento. Es m\u00e1s f\u00e1cil porque tienes esa base de trabajo y sobre todo de querer\u00ab.<\/p>\n<p class=\"v-p\">Hablando de nombres propios, Monta\u00f1ana fue preguntada por Iyana Mart\u00edn: \u00abNos da muchos destellos, lo sabemos. Hay veces que nos desatasca much\u00edsimo. Lo s\u00e9 porque lo vemos todos los d\u00edas: <strong>tiene un talento incre\u00edble<\/strong>. Hoy, por ejemplo, ante diferentes defensas, ha dado el paseo adelante y ha le\u00eddo muy bien situaciones que quer\u00edamos leer. Y por eso creo que ya es parte importante de la identidad de este club y de este equipo. S\u00e9 que Iyana es m\u00e1s vistosa, pero hay gente, <strong>como Bel\u00e9n otra vez<\/strong>, que est\u00e1 arremang\u00e1ndose y haciendo todo lo que se necesita, jugando en la posici\u00f3n que se necesita, y defendiendo a quien se necesite. Estoy contenta con el equipo: a veces no es f\u00e1cil adaptarse a los roles y seguir d\u00e1ndolo todo, y yo creo que lo est\u00e1n haciendo\u00ab.<\/p>\n<p class=\"v-p\">Sobre los problemas con los marcadores en los dos \u00faltimos partidos, quiso ser positiva: \u00ab<strong>Que se arreglen, porque no beneficia a nadie<\/strong>. Seguro que todo el mundo est\u00e1 ya en alerta, sobre todo cuando pasa dos d\u00edas seguidos. Que todo funcione bien y as\u00ed no repercute en el equipo y en el baloncesto.\u00ab<\/p>\n<p class=\"v-p\">En cuanto al arbitraje, no quiso mojarse mucho, pero s\u00ed que fue clara: \u00abYa sab\u00e9is que no es f\u00e1cil que me piten una t\u00e9cnica, pero hoy me ha ca\u00eddo y adem\u00e1s de forma inesperada. <strong>Hay veces que algunas decisiones te meten en una vor\u00e1gine y a veces es dif\u00edcil salir<\/strong>. No voy a comentar la actuaci\u00f3n porque seguro que habr\u00e1n cometido aciertos y errores y ellos mismos lo analizar\u00e1n. Me sabe mal porque no s\u00e9 lo que ha pasado, pero nosotras tenemos que seguir jugando\u00ab.<\/p>\n<p class=\"v-p\">Por \u00faltimo, considera que el peque\u00f1o descanso les va a venir muy bien, especialmente a algunas jugadoras: \u00abVan a ser unos d\u00edas libres para que la gente coja algo de aire. En el par\u00f3n s\u00f3lo cuatro jugadoras tuvieron una semana de descanso. A nivel mental Iyana, Andrea, Spreafico, Erikstrup&#8230; lo necesitaban. Hab\u00eda mucha gente que estaba empujando much\u00edsimo y sab\u00e9is el esfuerzo que hemos hecho para salir del bache. Necesit\u00e1bamos dar d\u00edas libres y que la gente se fuera con su familia. <strong>Es muy importante buscar amor, abrazos, y estar en ambientes familiares<\/strong>\u00ab.<\/p>\n<p>Reporta un error<\/p>\n","protected":false},"excerpt":{"rendered":"Domingo, 21 de diciembre 2025, 17:06 | Actualizado 18:12h. Anna Monta\u00f1ana ha mostrado sus impresiones tras el partido&hellip;\n","protected":false},"author":2,"featured_media":300767,"comment_status":"","ping_status":"","sticky":false,"template":"","format":"standard","meta":{"footnotes":""},"categories":[269],"tags":[4985,299,298,168,19324,622,25,52154,24,8913,4724,43640,524,16915,52153,23,167,3106],"class_list":{"0":"post-300766","1":"post","2":"type-post","3":"status-publish","4":"format-standard","5":"has-post-thumbnail","7":"category-baloncesto","8":"tag-4985","9":"tag-baloncesto","10":"tag-basketball","11":"tag-deportes","12":"tag-entrenar","13":"tag-equipo","14":"tag-es","15":"tag-escuchado","16":"tag-espana","17":"tag-jugadoras","18":"tag-millones","19":"tag-montanana","20":"tag-nuevo","21":"tag-pasada","22":"tag-piropo","23":"tag-spain","24":"tag-sports","25":"tag-veces"},"share_on_mastodon":{"url":"https:\/\/pubeurope.com\/@es\/115761073000115721","error":""},"_links":{"self":[{"href":"https:\/\/www.europesays.com\/es\/wp-json\/wp\/v2\/posts\/300766","targetHints":{"allow":["GET"]}}],"collection":[{"href":"https:\/\/www.europesays.com\/es\/wp-json\/wp\/v2\/posts"}],"about":[{"href":"https:\/\/www.europesays.com\/es\/wp-json\/wp\/v2\/types\/post"}],"author":[{"embeddable":true,"href":"https:\/\/www.europesays.com\/es\/wp-json\/wp\/v2\/users\/2"}],"replies":[{"embeddable":true,"href":"https:\/\/www.europesays.com\/es\/wp-json\/wp\/v2\/comments?post=300766"}],"version-history":[{"count":0,"href":"https:\/\/www.europesays.com\/es\/wp-json\/wp\/v2\/posts\/300766\/revisions"}],"wp:featuredmedia":[{"embeddable":true,"href":"https:\/\/www.europesays.com\/es\/wp-json\/wp\/v2\/media\/300767"}],"wp:attachment":[{"href":"https:\/\/www.europesays.com\/es\/wp-json\/wp\/v2\/media?parent=300766"}],"wp:term":[{"taxonomy":"category","embeddable":true,"href":"https:\/\/www.europesays.com\/es\/wp-json\/wp\/v2\/categories?post=300766"},{"taxonomy":"post_tag","embeddable":true,"href":"https:\/\/www.europesays.com\/es\/wp-json\/wp\/v2\/tags?post=300766"}],"curies":[{"name":"wp","href":"https:\/\/api.w.org\/{rel}","templated":true}]}}