{"id":300788,"date":"2025-12-22T03:34:09","date_gmt":"2025-12-22T03:34:09","guid":{"rendered":"https:\/\/www.europesays.com\/es\/300788\/"},"modified":"2025-12-22T03:34:09","modified_gmt":"2025-12-22T03:34:09","slug":"alcances-y-tensiones-de-la-decision-de-la-jep-en-el-caso-de-la-union-patriotica","status":"publish","type":"post","link":"https:\/\/www.europesays.com\/es\/300788\/","title":{"rendered":"alcances y tensiones de la decisi\u00f3n de la JEP en el caso de la Uni\u00f3n Patri\u00f3tica"},"content":{"rendered":"<p><b>\u00bfPor qu\u00e9 el derecho internacional excluye el genocidio pol\u00edtico?<\/b><\/p>\n<p>La exclusi\u00f3n de los grupos pol\u00edticos del concepto internacional de genocidio no se debe a una menor gravedad de su exterminio, sino a un compromiso pol\u00edtico alcanzado en 1948. Como explica <a href=\"http:\/\/ndl.ethernet.edu.et\/bitstream\/123456789\/56846\/1\/4.pdf\" rel=\"nofollow noopener\" target=\"_blank\">William A. Schabas en\u00a0The Crime of Crimes<\/a>, durante los trabajos preparatorios de la Convenci\u00f3n contra el Genocidio surgi\u00f3 una controversia profunda sobre la inclusi\u00f3n de los grupos pol\u00edticos.<\/p>\n<p>El argumento dominante para su exclusi\u00f3n fue que los grupos pol\u00edticos carecen de la estabilidad y la permanencia de los grupos nacionales, \u00e9tnicos, raciales o religiosos. En t\u00e9rminos simples, se sostuvo que una persona puede cambiar de ideolog\u00eda pol\u00edtica, pero no de raza. Sin embargo, detr\u00e1s de este razonamiento formal subyac\u00eda un temor pol\u00edtico evidente: que los Estados fueran acusados internacionalmente por la represi\u00f3n violenta de opositores pol\u00edticos.<\/p>\n<p>La delegaci\u00f3n venezolana lo expres\u00f3 con claridad al advertir que la inclusi\u00f3n de los grupos pol\u00edticos podr\u00eda poner en riesgo la ratificaci\u00f3n de la Convenci\u00f3n, al permitir que gobiernos fueran llevados ante tribunales internacionales por acusaciones relacionadas con la represi\u00f3n interna. En el contexto de la Guerra Fr\u00eda incipiente, ni los estados capitalistas ni los socialistas estaban dispuestos a asumir ese riesgo.<\/p>\n<p><b>Legalidad, doble calificaci\u00f3n y el papel de la JEP<\/b><\/p>\n<p>La coexistencia de estas dos definiciones plantea una tensi\u00f3n evidente para la JEP, ya identificada por la doctrina, <a href=\"https:\/\/department-ambos.uni-goettingen.de\/data\/documents\/Veroeffentlichungen\/epapers\/Ambos_Kai_con_Gustavo_Emilio_Cote_Barco_El_derecho_penal_internacional_como_derecho_aplicable_en_la_Jurisdiccin_Especial_para_la_Paz_JEP_y_el_principio_de_favorabilidad.pdf\" rel=\"nofollow noopener\" target=\"_blank\">como mencionan los profesores Cote y Ambos<\/a>. Seg\u00fan la jurisprudencia constitucional \u2014en particular la sentencia C-080 de 2018\u2014, la Jurisdicci\u00f3n puede aplicar tanto el C\u00f3digo Penal colombiano como las normas del derecho internacional humanitario y del derecho penal internacional aplicables al conflicto armado.<\/p>\n<p>El problema surge al constatar que el C\u00f3digo Penal, que incluye a los grupos pol\u00edticos entre las v\u00edctimas de genocidio, entr\u00f3 en vigencia en 2001, mientras que la mayor\u00eda de los hechos identificados por la JEP ocurrieron entre 1984 y 2007. Una lectura estricta del principio de legalidad conducir\u00eda a descartar la aplicaci\u00f3n del tipo penal interno por no ser una ley preexistente a los hechos.<\/p>\n<p>Sin embargo, la JEP adopta una interpretaci\u00f3n m\u00e1s compleja. Reconoce que, aunque el genocidio contra grupos pol\u00edticos no estaba tipificado en el momento en que se produjo el genocidio contra UP, las conductas cometidas ya constitu\u00edan cr\u00edmenes internacionales, en particular cr\u00edmenes de lesa humanidad. Esta interpretaci\u00f3n se apoya en la jurisprudencia del <a href=\"https:\/\/www.icty.org\/en\/case\/hadzihasanovic_kubura\" rel=\"nofollow noopener\" target=\"_blank\">Tribunal Penal Internacional para la ex Yugoslavia, en el caso\u00a0Had\u017eihasanovi\u0107<\/a>, donde se sostuvo que no hay violaci\u00f3n del principio de legalidad si la conducta era penalmente reprochable y previsible en el momento de su comisi\u00f3n, incluso si su calificaci\u00f3n jur\u00eddica posterior es distinta.<\/p>\n<p><b>Nombrar para reparar: el principio de\u00a0fair labelling<\/b><\/p>\n<p>El elemento central de la decisi\u00f3n de la JEP no es solo t\u00e9cnico, sino tambi\u00e9n profundamente normativo. El Acto Legislativo 01 de 2017 establece que la calificaci\u00f3n jur\u00eddica por la JEP debe realizarse con la aplicaci\u00f3n obligatoria del principio de favorabilidad. Una lectura aislada podr\u00eda sugerir que debe elegirse el tipo penal m\u00e1s benigno para el compareciente. Sin embargo, la JEP sostiene que este principio debe armonizarse con otros mandatos superiores: los derechos de las v\u00edctimas; la obligaci\u00f3n internacional de investigar, juzgar y sancionar los cr\u00edmenes m\u00e1s graves, as\u00ed como las normas de\u00a0ius cogens (derecho consuetudinario).<\/p>\n<p>En este contexto, la JEP recurre al principio de\u00a0fair labelling, o etiquetamiento justo. Este principio exige que los cr\u00edmenes m\u00e1s graves se denominen de manera acorde con su verdadera naturaleza y gravedad. No se trata \u00fanicamente de sancionar conductas, sino de reconocer el da\u00f1o causado a los valores sociales y democr\u00e1ticos comprometidos.<\/p>\n<p>Nombrar los cr\u00edmenes contra la UP como genocidio no incrementa la pena, pero s\u00ed transforma el significado jur\u00eddico, pol\u00edtico y moral de lo ocurrido. Cualquier otra calificaci\u00f3n \u2014como cr\u00edmenes de lesa humanidad\u2014 resultar\u00eda insuficiente para expresar que la violencia tuvo como objetivo destruir a un grupo pol\u00edtico como tal y, con ello, una posibilidad concreta de pluralismo democr\u00e1tico.<\/p>\n<p><b>Conclusi\u00f3n: el valor democr\u00e1tico de nombrar<\/b><\/p>\n<p>Al calificar de genocidio la violencia ejercida contra la UP, la JEP no reescribe el derecho internacional ni desconoce sus l\u00edmites. Lo que hace es reivindicar la capacidad del derecho interno para responder a su propia historia, asumiendo que, en contextos de violencia pol\u00edtica masiva, la neutralidad conceptual puede convertirse en una forma de negaci\u00f3n.<\/p>\n<p>La decisi\u00f3n no est\u00e1 exenta de tensiones jur\u00eddicas, pero conlleva un costo necesario: reconocer que destruir un partido pol\u00edtico mediante violencia sistem\u00e1tica no es solo una sucesi\u00f3n de homicidios, sino un ataque frontal contra la democracia y la humanidad misma. En ese sentido, el mayor aporte del Auto 010 no es \u00fanicamente penal, sino democr\u00e1tico: recordar que nombrar el genocidio pol\u00edtico tambi\u00e9n es una forma de reparar, de preservar la memoria y de afirmar que la eliminaci\u00f3n violenta de la oposici\u00f3n nunca puede ser normalizada en un Estado constitucional.<\/p>\n<p><strong>Le recomendamos: <a href=\"https:\/\/razonpublica.com\/la-primera-sentencia-la-jep-algunas-preguntas-lo-viene\/\" rel=\"nofollow noopener\" target=\"_blank\">La primera sentencia de la JEP: algunas preguntas para lo que viene<\/a><\/strong><\/p>\n","protected":false},"excerpt":{"rendered":"\u00bfPor qu\u00e9 el derecho internacional excluye el genocidio pol\u00edtico? La exclusi\u00f3n de los grupos pol\u00edticos del concepto internacional&hellip;\n","protected":false},"author":2,"featured_media":300789,"comment_status":"","ping_status":"","sticky":false,"template":"","format":"standard","meta":{"footnotes":""},"categories":[42],"tags":[17,18,13,14,11,61,62,63,64,19,20,9,10,15,16,12,21,22,65,66,67],"class_list":{"0":"post-300788","1":"post","2":"type-post","3":"status-publish","4":"format-standard","5":"has-post-thumbnail","7":"category-internacional","8":"tag-breaking-news","9":"tag-breakingnews","10":"tag-featured-news","11":"tag-featurednews","12":"tag-headlines","13":"tag-internacional","14":"tag-international","15":"tag-international-news","16":"tag-internationalnews","17":"tag-latest-news","18":"tag-latestnews","19":"tag-news","20":"tag-noticias","21":"tag-noticias-destacadas","22":"tag-noticiasdestacadas","23":"tag-titulares","24":"tag-ultimas-noticias","25":"tag-ultimasnoticias","26":"tag-world","27":"tag-world-news","28":"tag-worldnews"},"share_on_mastodon":{"url":"https:\/\/pubeurope.com\/@es\/115761123440760825","error":""},"_links":{"self":[{"href":"https:\/\/www.europesays.com\/es\/wp-json\/wp\/v2\/posts\/300788","targetHints":{"allow":["GET"]}}],"collection":[{"href":"https:\/\/www.europesays.com\/es\/wp-json\/wp\/v2\/posts"}],"about":[{"href":"https:\/\/www.europesays.com\/es\/wp-json\/wp\/v2\/types\/post"}],"author":[{"embeddable":true,"href":"https:\/\/www.europesays.com\/es\/wp-json\/wp\/v2\/users\/2"}],"replies":[{"embeddable":true,"href":"https:\/\/www.europesays.com\/es\/wp-json\/wp\/v2\/comments?post=300788"}],"version-history":[{"count":0,"href":"https:\/\/www.europesays.com\/es\/wp-json\/wp\/v2\/posts\/300788\/revisions"}],"wp:featuredmedia":[{"embeddable":true,"href":"https:\/\/www.europesays.com\/es\/wp-json\/wp\/v2\/media\/300789"}],"wp:attachment":[{"href":"https:\/\/www.europesays.com\/es\/wp-json\/wp\/v2\/media?parent=300788"}],"wp:term":[{"taxonomy":"category","embeddable":true,"href":"https:\/\/www.europesays.com\/es\/wp-json\/wp\/v2\/categories?post=300788"},{"taxonomy":"post_tag","embeddable":true,"href":"https:\/\/www.europesays.com\/es\/wp-json\/wp\/v2\/tags?post=300788"}],"curies":[{"name":"wp","href":"https:\/\/api.w.org\/{rel}","templated":true}]}}