{"id":300793,"date":"2025-12-22T03:46:11","date_gmt":"2025-12-22T03:46:11","guid":{"rendered":"https:\/\/www.europesays.com\/es\/300793\/"},"modified":"2025-12-22T03:46:11","modified_gmt":"2025-12-22T03:46:11","slug":"perfumerias-avenida-sube-al-tercer-puesto-de-la-liga-femenina","status":"publish","type":"post","link":"https:\/\/www.europesays.com\/es\/300793\/","title":{"rendered":"Perfumer\u00edas Avenida sube al tercer puesto de la Liga Femenina"},"content":{"rendered":"<p class=\"paragraph-atom &#10;        A-500-300-700-N A-550-300-700-N--md  \">La jornada de la Liga Femenina ten\u00eda su plato estrella en Girona. All\u00ed, el equipo dirigido por Roberto \u00cd\u00f1iguez aplast\u00f3 a Valencia Basket por 96-68 y mantiene su primer puesto en la Liga Femenina con un bagaje de 10\/1. Esa misma puntuaci\u00f3n tiene Zaragoza, que es col\u00edder en la tabla.<\/p>\n<p class=\"paragraph-atom &#10;        A-500-300-700-N A-550-300-700-N--md  \">Justo por detr\u00e1s aparece Perfumer\u00edas Avenida. El equipo charro ya es tercero en la tabla y se cuela en el podio de la competici\u00f3n regular despu\u00e9s de sus altibajos de inicio de campa\u00f1a.<\/p>\n<p class=\"paragraph-atom &#10;        A-500-300-700-N A-550-300-700-N--md  \">Las de Anna Monta\u00f1ana volver\u00e1 a la pista el pr\u00f3ximo domingo, 28 de diciembre, con el partido en tierras madrile\u00f1as ante el Legan\u00e9s. El duelo, que dar\u00e1 comienzo a las 17 horas, servir\u00e1 para poner punto y final a la jornada n\u00famero 13 de la Liga Femenina.<\/p>\n","protected":false},"excerpt":{"rendered":"La jornada de la Liga Femenina ten\u00eda su plato estrella en Girona. All\u00ed, el equipo dirigido por Roberto&hellip;\n","protected":false},"author":2,"featured_media":300794,"comment_status":"","ping_status":"","sticky":false,"template":"","format":"standard","meta":{"footnotes":""},"categories":[269],"tags":[14092,299,298,168,25,24,14091,3576,23,167,7247,619],"class_list":{"0":"post-300793","1":"post","2":"type-post","3":"status-publish","4":"format-standard","5":"has-post-thumbnail","7":"category-baloncesto","8":"tag-avenida","9":"tag-baloncesto","10":"tag-basketball","11":"tag-deportes","12":"tag-es","13":"tag-espana","14":"tag-perfumerias","15":"tag-puesto","16":"tag-spain","17":"tag-sports","18":"tag-sube","19":"tag-tercer"},"share_on_mastodon":{"url":"https:\/\/pubeurope.com\/@es\/115761170639208646","error":""},"_links":{"self":[{"href":"https:\/\/www.europesays.com\/es\/wp-json\/wp\/v2\/posts\/300793","targetHints":{"allow":["GET"]}}],"collection":[{"href":"https:\/\/www.europesays.com\/es\/wp-json\/wp\/v2\/posts"}],"about":[{"href":"https:\/\/www.europesays.com\/es\/wp-json\/wp\/v2\/types\/post"}],"author":[{"embeddable":true,"href":"https:\/\/www.europesays.com\/es\/wp-json\/wp\/v2\/users\/2"}],"replies":[{"embeddable":true,"href":"https:\/\/www.europesays.com\/es\/wp-json\/wp\/v2\/comments?post=300793"}],"version-history":[{"count":0,"href":"https:\/\/www.europesays.com\/es\/wp-json\/wp\/v2\/posts\/300793\/revisions"}],"wp:featuredmedia":[{"embeddable":true,"href":"https:\/\/www.europesays.com\/es\/wp-json\/wp\/v2\/media\/300794"}],"wp:attachment":[{"href":"https:\/\/www.europesays.com\/es\/wp-json\/wp\/v2\/media?parent=300793"}],"wp:term":[{"taxonomy":"category","embeddable":true,"href":"https:\/\/www.europesays.com\/es\/wp-json\/wp\/v2\/categories?post=300793"},{"taxonomy":"post_tag","embeddable":true,"href":"https:\/\/www.europesays.com\/es\/wp-json\/wp\/v2\/tags?post=300793"}],"curies":[{"name":"wp","href":"https:\/\/api.w.org\/{rel}","templated":true}]}}