{"id":300803,"date":"2025-12-22T03:53:19","date_gmt":"2025-12-22T03:53:19","guid":{"rendered":"https:\/\/www.europesays.com\/es\/300803\/"},"modified":"2025-12-22T03:53:19","modified_gmt":"2025-12-22T03:53:19","slug":"homo-argentum-todo-sobre-su-esperado-estreno","status":"publish","type":"post","link":"https:\/\/www.europesays.com\/es\/300803\/","title":{"rendered":"Homo Argentum: todo sobre su esperado estreno"},"content":{"rendered":"<p>            <a href=\"https:\/\/filasiete.com\/wp-content\/uploads\/2025\/12\/homoargentum.webp\" data-caption=\"Homo Argentum (2025)\" data-wpel-link=\"internal\" rel=\"nofollow noopener\" target=\"_blank\"><img loading=\"lazy\" decoding=\"async\" width=\"696\" height=\"393\" class=\"entry-thumb td-modal-image\" src=\"data:image\/svg+xml,%3Csvg%20xmlns=\" http:=\"\" data-lazy- data-lazy- alt=\"Homo Argentum (2025)\" title=\"Homo Argentum (2025)\" data-lazy-src=\"https:\/\/www.europesays.com\/es\/wp-content\/uploads\/2025\/12\/homoargentum-696x393.webp.webp\"\/><\/a>Homo Argentum (2025)<\/p>\n<p>Homo Argentum: todo sobre su esperado estreno en cines espa\u00f1oles<\/p>\n<p>Tras convertirse en un fen\u00f3meno en la taquilla de Latinoam\u00e9rica y arrasar en Argentina desde su estreno en agosto de este 2025, <strong>Homo Argentum<\/strong> se prepara para conquistar a los espectadores espa\u00f1oles. La comedia antol\u00f3gica protagonizada por <strong>Guillermo Francella<\/strong>, dirigida por <strong>Mariano Cohn<\/strong> y <strong>Gast\u00f3n Duprat<\/strong>, llegar\u00e1 a los cines de Espa\u00f1a el pr\u00f3ximo 25 de diciembre.<\/p>\n<p>Distribuida en nuestro pa\u00eds por A Contracorriente Films, esta pel\u00edcula argentina ha generado un gran inter\u00e9s por su formato original: 16 vi\u00f1etas independientes donde <strong>Francella<\/strong> interpreta a personajes diversos, desde un magnate hasta un cura, pasando por escenas c\u00f3micas, cr\u00edticas sociales e iron\u00edas sobre la vida contempor\u00e1nea.<\/p>\n<p>&#8211; Anuncio &#8211;<a class=\"gofollow\" data-track=\"NDgsMCw2MA==\" href=\"https:\/\/cutt.ly\/5r4q0ZON\" target=\"_blank\" data-wpel-link=\"external\" rel=\"nofollow external noopener noreferrer\"><img loading=\"lazy\" decoding=\"async\" width=\"300\" height=\"300\" src=\"data:image\/svg+xml,%3Csvg%20xmlns=\" http:=\"\" data-lazy-src=\"https:\/\/www.europesays.com\/es\/wp-content\/uploads\/2025\/11\/klinema_2025_300x300.jpg\"\/><\/a><br \/>\nUn fen\u00f3meno que trasciende fronteras<\/p>\n<p>Desde su paso por salas en Argentina (estrenada el 14 de agosto), <strong>Homo Argentum<\/strong> se ha destacado no solo por su \u00e9xito de taquilla, sino tambi\u00e9n por la conversaci\u00f3n que ha generado en torno a su estilo creativo. En solo unos d\u00edas, la pel\u00edcula logr\u00f3 superar el mill\u00f3n de espectadores en su pa\u00eds de origen y se consolid\u00f3 como una de las producciones m\u00e1s vistas de la era pospandemia.<\/p>\n<p>La cinta ha extendido su recorrido internacional con estrenos en diferentes pa\u00edses de Latinoam\u00e9rica antes de pisar Europa. Ahora, Espa\u00f1a se suma como uno de los \u00faltimos territorios que estrenar\u00e1n este t\u00edtulo en salas tradicionales justo en una de las fechas m\u00e1s concurridas del calendario cinematogr\u00e1fico: Navidad.<\/p>\n<p>\u00bfQu\u00e9 la hace especial en pantalla grande?<\/p>\n<p>Aunque parte de su trayectoria continuar\u00e1 en Disney+ m\u00e1s adelante, el formato fragmentado y la riqueza de personajes de <strong>Homo Argentum<\/strong> la hacen especialmente adecuada para verla en pantalla grande. La pel\u00edcula combina comedia, s\u00e1tira y cr\u00edtica social en un mosaico narrativo que, aunque naci\u00f3 con una mirada profundamente argentina, ha demostrado tener resonancia m\u00e1s all\u00e1 de su pa\u00eds de origen.<\/p>\n<p>Adem\u00e1s de <strong>Francella<\/strong>, el reparto incluye a <strong>Eva De Dominici<\/strong>, <strong>Clara Kovacic<\/strong>, <strong>Miguel Granados<\/strong>, <strong>Gast\u00f3n Soffritti<\/strong>, <strong>Milo J<\/strong> y otros talentos que aportan variedad y energ\u00eda a este proyecto poco convencional.<\/p>\n<p>Expectativas y oportunidades para el p\u00fablico espa\u00f1ol<\/p>\n<p>El estreno en Espa\u00f1a el 25 de diciembre posiciona a <strong>Homo Argentum<\/strong> como una de las opciones destacadas para la temporada navide\u00f1a en salas, compitiendo no solo con el cine local sino tambi\u00e9n con las grandes producciones comerciales del momento. Su propuesta diferente -entre humor, reflexi\u00f3n y personajes memorables- puede atraer tanto al p\u00fablico cin\u00e9filo como a quienes buscan una experiencia distinta en Navidad.<\/p>\n<p>Si a\u00fan no conoces este t\u00edtulo que ha dividido opiniones y generado debate en redes y medios, su llegada a Espa\u00f1a es la oportunidad perfecta para ver en pantalla grande una comedia audaz y original que ya ha demostrado ser un aut\u00e9ntico fen\u00f3meno en otros mercados.<\/p>\n<p><a href=\"https:\/\/filasiete.com\/shop\/producto\/suscripcion-filasiete\/\" data-wpel-link=\"internal\" rel=\"nofollow noopener\" target=\"_blank\">Suscr\u00edbete a la revista FilaSiete<\/a><br \/>\n<a class=\"gofollow\" data-track=\"MjcsMCw2MA==\" href=\"https:\/\/cutt.ly\/wrwjJ8jt\" target=\"_blank\" data-wpel-link=\"external\" rel=\"nofollow external noopener noreferrer\"><img loading=\"lazy\" decoding=\"async\" width=\"970\" height=\"250\" src=\"data:image\/svg+xml,%3Csvg%20xmlns=\" http:=\"\" data-lazy-src=\"https:\/\/www.europesays.com\/es\/wp-content\/uploads\/2025\/11\/newsletter_feb25_1.jpg\"\/><\/a>        <\/p>\n","protected":false},"excerpt":{"rendered":"Homo Argentum (2025) Homo Argentum: todo sobre su esperado estreno en cines espa\u00f1oles Tras convertirse en un fen\u00f3meno&hellip;\n","protected":false},"author":2,"featured_media":300804,"comment_status":"","ping_status":"","sticky":false,"template":"","format":"standard","meta":{"footnotes":""},"categories":[169],"tags":[177,146,147,25,24,176,71378,71379,175,23],"class_list":{"0":"post-300803","1":"post","2":"type-post","3":"status-publish","4":"format-standard","5":"has-post-thumbnail","7":"category-cine","8":"tag-cine","9":"tag-entertainment","10":"tag-entretenimiento","11":"tag-es","12":"tag-espana","13":"tag-film","14":"tag-gaston-duprat","15":"tag-mariano-cohn","16":"tag-movies","17":"tag-spain"},"share_on_mastodon":{"url":"https:\/\/pubeurope.com\/@es\/115761198473925461","error":""},"_links":{"self":[{"href":"https:\/\/www.europesays.com\/es\/wp-json\/wp\/v2\/posts\/300803","targetHints":{"allow":["GET"]}}],"collection":[{"href":"https:\/\/www.europesays.com\/es\/wp-json\/wp\/v2\/posts"}],"about":[{"href":"https:\/\/www.europesays.com\/es\/wp-json\/wp\/v2\/types\/post"}],"author":[{"embeddable":true,"href":"https:\/\/www.europesays.com\/es\/wp-json\/wp\/v2\/users\/2"}],"replies":[{"embeddable":true,"href":"https:\/\/www.europesays.com\/es\/wp-json\/wp\/v2\/comments?post=300803"}],"version-history":[{"count":0,"href":"https:\/\/www.europesays.com\/es\/wp-json\/wp\/v2\/posts\/300803\/revisions"}],"wp:featuredmedia":[{"embeddable":true,"href":"https:\/\/www.europesays.com\/es\/wp-json\/wp\/v2\/media\/300804"}],"wp:attachment":[{"href":"https:\/\/www.europesays.com\/es\/wp-json\/wp\/v2\/media?parent=300803"}],"wp:term":[{"taxonomy":"category","embeddable":true,"href":"https:\/\/www.europesays.com\/es\/wp-json\/wp\/v2\/categories?post=300803"},{"taxonomy":"post_tag","embeddable":true,"href":"https:\/\/www.europesays.com\/es\/wp-json\/wp\/v2\/tags?post=300803"}],"curies":[{"name":"wp","href":"https:\/\/api.w.org\/{rel}","templated":true}]}}