{"id":30081,"date":"2025-08-06T19:16:09","date_gmt":"2025-08-06T19:16:09","guid":{"rendered":"https:\/\/www.europesays.com\/es\/30081\/"},"modified":"2025-08-06T19:16:09","modified_gmt":"2025-08-06T19:16:09","slug":"ciclismo-por-carreno-y-una-visita-al-veterinario-en-aviles-irene-junquera-de-vacaciones-en-asturias","status":"publish","type":"post","link":"https:\/\/www.europesays.com\/es\/30081\/","title":{"rendered":"Ciclismo por Carre\u00f1o y una visita al veterinario en Avil\u00e9s: Irene Junquera, de vacaciones en Asturias"},"content":{"rendered":"<p><img fetchpriority=\"high\" class=\"v-a-img\" src=\"https:\/\/www.europesays.com\/es\/wp-content\/uploads\/2025\/08\/irene-junquera-asturias-kNfB-U2302570650899nKE-1200x840@El Comercio.jpg\" loading=\"eager\" decoding=\"async\" alt=\"Ciclismo por Carre\u00f1o y una visita al veterinario en Avil\u00e9s: Irene Junquera, de vacaciones en Asturias\"  width=\"1200\" height=\"840\"\/><\/p>\n<p>Instagram: @irenejunquera        <\/p>\n<p>La comunicadora aprovech\u00f3 unos d\u00edas en Salinas para hacer ciclismo y acudi\u00f3 a la cl\u00ednica La Villa de Avil\u00e9s por el estado de salud de su perro Turr\u00f3n<\/p>\n<p class=\"v-mdl-ath__p v-mdl-ath__p--6\">\nMi\u00e9rcoles, 6 de agosto 2025, 19:25<\/p>\n<p class=\"v-p\">Irene Junquera disfruta de las bondades de <a href=\"http:\/\/www.elcomercio.es\/asturias\/\" title=\"Asturias\" data-voc-vtm-id=\"in-text-traffic\" data-mrf-link=\"www.elcomercio.es\" rel=\"nofollow noopener\" target=\"_blank\">Asturias<\/a> y ya ha llenado sus redes sociales de carruseles con im\u00e1genes de su viaje. La periodista madrile\u00f1a est\u00e1 pasando unos d\u00edas de descanso en el Principado. Un lugar id\u00f3neo donde practicar uno de sus hobbies favoritos: el ciclismo. Y no es para menos porque la comunicadora recorri\u00f3 un largo trecho. En total, 36,37 kil\u00f3metros recorridos por Carre\u00f1o. As\u00ed lo public\u00f3 en su cuenta de Instagram donde tambi\u00e9n se pudo ver c\u00f3mo paseaba por el muro de la playa de Salinas junto a uno de sus perros, un simp\u00e1tico can de aguas llamado &#8216;Trufa&#8217;.<\/p>\n<p><img decoding=\"async\" loading=\"lazy\" src=\"https:\/\/www.europesays.com\/es\/wp-content\/uploads\/2025\/08\/irene-junquera-asturias-ciclismo-kNfB--650x975@El Comercio.png\" class=\"v-a-img\" width=\"650\" height=\"975\" alt=\"\" data-voc-vtm-id=\"in-text-traffic\"\/><\/p>\n<p class=\"v-p\">No es la \u00fanica mascota de Junquera que tambi\u00e9n mostr\u00f3 durante su viaje a su labrador, &#8216;Turr\u00f3n&#8217;, el cual tuvo que acudir de forma imprevista al veterinario. En concreto, la periodista acudi\u00f3 a la cl\u00ednica veterinaria La Villa, ubicada en <a href=\"http:\/\/www.elcomercio.es\/aviles\/\" target=\"_blank\" title=\"Avil\u00e9s\" data-voc-vtm-id=\"in-text-traffic\" data-mrf-link=\"www.elcomercio.es\" rel=\"nofollow noopener\">Avil\u00e9s<\/a>.<\/p>\n<p class=\"v-p\">Seg\u00fan public\u00f3 la cl\u00ednica en sus redes, el perro \u00abjadeaba m\u00e1s de lo normal\u00bb, lo que motiv\u00f3 su revisi\u00f3n. Afortunadamente, todo estaba bien. El centro aprovech\u00f3 para recordar que \u00absiempre que not\u00e9is un jadeo excesivo en vuestros peludos deb\u00e9is acudir para descartar cualquier complicaci\u00f3n\u00bb. Adem\u00e1s, se\u00f1alaron que estos d\u00edas est\u00e1n siendo especialmente<a href=\"https:\/\/www.elcomercio.es\/asturias\/incendios-forestales-asturias-alerta-tiempo-prevision-20250806125424-nt.html\" title=\"www.elcomercio.es\" data-voc-vtm-id=\"in-text-traffic\" data-mrf-link=\"www.elcomercio.es\" rel=\"nofollow noopener\" target=\"_blank\"> calurosos en Asturias<\/a>, lo que puede afectar a la salud de las mascotas.<\/p>\n<p>Reporta un error<\/p>\n","protected":false},"excerpt":{"rendered":"Instagram: @irenejunquera La comunicadora aprovech\u00f3 unos d\u00edas en Salinas para hacer ciclismo y acudi\u00f3 a la cl\u00ednica La&hellip;\n","protected":false},"author":2,"featured_media":30082,"comment_status":"","ping_status":"","sticky":false,"template":"","format":"standard","meta":{"footnotes":""},"categories":[273],"tags":[1770,313,312,168,15974,25,24,8363,15973,23,167,7166,938],"class_list":{"0":"post-30081","1":"post","2":"type-post","3":"status-publish","4":"format-standard","5":"has-post-thumbnail","7":"category-ciclismo","8":"tag-asturias","9":"tag-ciclismo","10":"tag-cycling","11":"tag-deportes","12":"tag-desconecta","13":"tag-es","14":"tag-espana","15":"tag-irene","16":"tag-junquera","17":"tag-spain","18":"tag-sports","19":"tag-veterinario","20":"tag-visita"},"share_on_mastodon":{"url":"","error":""},"_links":{"self":[{"href":"https:\/\/www.europesays.com\/es\/wp-json\/wp\/v2\/posts\/30081","targetHints":{"allow":["GET"]}}],"collection":[{"href":"https:\/\/www.europesays.com\/es\/wp-json\/wp\/v2\/posts"}],"about":[{"href":"https:\/\/www.europesays.com\/es\/wp-json\/wp\/v2\/types\/post"}],"author":[{"embeddable":true,"href":"https:\/\/www.europesays.com\/es\/wp-json\/wp\/v2\/users\/2"}],"replies":[{"embeddable":true,"href":"https:\/\/www.europesays.com\/es\/wp-json\/wp\/v2\/comments?post=30081"}],"version-history":[{"count":0,"href":"https:\/\/www.europesays.com\/es\/wp-json\/wp\/v2\/posts\/30081\/revisions"}],"wp:featuredmedia":[{"embeddable":true,"href":"https:\/\/www.europesays.com\/es\/wp-json\/wp\/v2\/media\/30082"}],"wp:attachment":[{"href":"https:\/\/www.europesays.com\/es\/wp-json\/wp\/v2\/media?parent=30081"}],"wp:term":[{"taxonomy":"category","embeddable":true,"href":"https:\/\/www.europesays.com\/es\/wp-json\/wp\/v2\/categories?post=30081"},{"taxonomy":"post_tag","embeddable":true,"href":"https:\/\/www.europesays.com\/es\/wp-json\/wp\/v2\/tags?post=30081"}],"curies":[{"name":"wp","href":"https:\/\/api.w.org\/{rel}","templated":true}]}}