{"id":300813,"date":"2025-12-22T03:58:19","date_gmt":"2025-12-22T03:58:19","guid":{"rendered":"https:\/\/www.europesays.com\/es\/300813\/"},"modified":"2025-12-22T03:58:19","modified_gmt":"2025-12-22T03:58:19","slug":"moeve-transforma-500-estaciones-de-servicio-un-tercio-de-su-red-en-el-primer-ano-de-su-cambio-de-marca-empresas","status":"publish","type":"post","link":"https:\/\/www.europesays.com\/es\/300813\/","title":{"rendered":"Moeve transforma 500 estaciones de servicio, un tercio de su red, en el primer a\u00f1o de su cambio de marca | Empresas"},"content":{"rendered":"<p class=\"\">Moeve entrar\u00e1 en el a\u00f1o 2026 con 500 estaciones de servicio transformadas de Cepsa a Moeve, lo que significa que en cerca de un tercio de su red en Espa\u00f1a y Portugal ya se ha implantado <a href=\"https:\/\/cincodias.elpais.com\/companias\/2024-10-30\/cepsa-cambia-su-nombre-por-moeve-para-dar-una-imagen-de-sostenibilidad.html\" target=\"_self\" rel=\"nofollow noopener\" title=\"https:\/\/cincodias.elpais.com\/companias\/2024-10-30\/cepsa-cambia-su-nombre-por-moeve-para-dar-una-imagen-de-sostenibilidad.html\">la nueva marca que adopt\u00f3 hace ya m\u00e1s de un a\u00f1o<\/a>, inform\u00f3 la compa\u00f1\u00eda. En concreto, la energ\u00e9tica ya cuenta con estaciones transformadas en poblaciones y v\u00edas de circulaci\u00f3n de todas las comunidades aut\u00f3nomas de Espa\u00f1a, Portugal y Andorra.<\/p>\n<p class=\"\">En paralelo con la transformaci\u00f3n de los establecimientos, Moeve tambi\u00e9n avanza en su oferta por una movilidad sostenible, desplegando una de las mayores redes de carga el\u00e9ctrica ultrarr\u00e1pida en estaciones de servicio en el conjunto de Espa\u00f1a y Portugal. Esta red suministra energ\u00eda 100% renovable y ya cuenta con m\u00e1s de 260 plazas de carga ultrarr\u00e1pida operativas (150 kW), de acceso p\u00fablico y libre, con cargadores capaces de recargar el 80% de la bater\u00eda de un coche en un tiempo estimado de 10-20 minutos en funci\u00f3n del modelo.<\/p>\n<p class=\"\">Asimismo, muchos de estos establecimientos funcionan con electricidad obtenida a trav\u00e9s de paneles solares all\u00ed instalados y la propuesta de valor a los clientes contiene la posibilidad de utilizar el ticket digital, adem\u00e1s de un t\u00fanel de lavado, Moeve Wash, que funciona con productos biodegradables.<\/p>\n<p class=\"\">Adem\u00e1s, oferta en sus estaciones de servicio la venta de productos frescos en Moeve Market y de caf\u00e9 y boller\u00eda premium en sus c\u00f3rneres R\u2019spiro e incluye nuevos servicios de paqueter\u00eda y delivery.<\/p>\n<p class=\"\">La oferta se completa con el programa de fidelizaci\u00f3n Moeve gow, que cuenta con alrededor de 3,5 millones de clientes que acceden a descuentos y promociones en las estaciones de servicio y comercios asociados a su alcance, adem\u00e1s de darles la posibilidad de adquirir el Plan Multienergy, junto a Naturgy, que combina la contrataci\u00f3n de luz y gas con descuentos de hasta 30 c\u00e9ntimos por litro en repostaje y de hasta 15 c\u00e9ntimos por kilovatio hora (kWh) en recargas el\u00e9ctricas.<\/p>\n<p class=\"\">El director de Mobility de Moeve, Pierre-Yves Sachet, puso en valor que el grupo est\u00e1 avanzando \u201ccon paso firme\u201d en la transformaci\u00f3n de nuestra red\u00bb. \u201cMoeve es una apuesta por la calidad y por el cliente, y la mejor muestra de ello son estos establecimientos renovados, dise\u00f1ados como lugares donde querer estar, donde la experiencia pueda ser personalizada y se disponga de muchos servicios cotidianos. Seguiremos por esta senda para convencer cada d\u00eda a m\u00e1s gente con nuestra oferta en energ\u00eda y movilidad\u201d, dijo.<\/p>\n<p class=\"\">Igualmente, en su primer a\u00f1o despu\u00e9s del \u2018rebranding\u2019, Moeve destac\u00f3 que su marca se consolida tambi\u00e9n en otras dimensiones, ya que las estaciones de servicio transformadas alcanzan un volumen de venta superior, crece el inter\u00e9s del talento por trabajar en la compa\u00f1\u00eda y el reconocimiento social ha superado en 20 puntos al objetivo de notoriedad marcado.<\/p>\n<p class=\"\">El director Global de Marca de Moeve, Jos\u00e9 Mar\u00eda Solana, consider\u00f3 que a la compa\u00f1\u00eda \u201cle est\u00e1 sentando muy bien la transformaci\u00f3n de su nombre y de su cultura, y la marca se est\u00e1 consolidando incluso m\u00e1s r\u00e1pido de lo esperado\u201d. \u201cHoy, Moeve representa la aspiraci\u00f3n del sector para transformar la energ\u00eda y la movilidad y ya tiene un reconocimiento de marca mayor a la de su antecesora en atributos como sostenibilidad, innovaci\u00f3n o cercan\u00eda\u201d, destac\u00f3.<\/p>\n","protected":false},"excerpt":{"rendered":"Moeve entrar\u00e1 en el a\u00f1o 2026 con 500 estaciones de servicio transformadas de Cepsa a Moeve, lo que&hellip;\n","protected":false},"author":2,"featured_media":300814,"comment_status":"","ping_status":"","sticky":false,"template":"","format":"standard","meta":{"footnotes":""},"categories":[80],"tags":[82,95,94,2308,5220,25,24,54186,23],"class_list":{"0":"post-300813","1":"post","2":"type-post","3":"status-publish","4":"format-standard","5":"has-post-thumbnail","7":"category-economia","8":"tag-business","9":"tag-economia","10":"tag-economy","11":"tag-empresas","12":"tag-energia","13":"tag-es","14":"tag-espana","15":"tag-moeve","16":"tag-spain"},"share_on_mastodon":{"url":"https:\/\/pubeurope.com\/@es\/115761217743837711","error":""},"_links":{"self":[{"href":"https:\/\/www.europesays.com\/es\/wp-json\/wp\/v2\/posts\/300813","targetHints":{"allow":["GET"]}}],"collection":[{"href":"https:\/\/www.europesays.com\/es\/wp-json\/wp\/v2\/posts"}],"about":[{"href":"https:\/\/www.europesays.com\/es\/wp-json\/wp\/v2\/types\/post"}],"author":[{"embeddable":true,"href":"https:\/\/www.europesays.com\/es\/wp-json\/wp\/v2\/users\/2"}],"replies":[{"embeddable":true,"href":"https:\/\/www.europesays.com\/es\/wp-json\/wp\/v2\/comments?post=300813"}],"version-history":[{"count":0,"href":"https:\/\/www.europesays.com\/es\/wp-json\/wp\/v2\/posts\/300813\/revisions"}],"wp:featuredmedia":[{"embeddable":true,"href":"https:\/\/www.europesays.com\/es\/wp-json\/wp\/v2\/media\/300814"}],"wp:attachment":[{"href":"https:\/\/www.europesays.com\/es\/wp-json\/wp\/v2\/media?parent=300813"}],"wp:term":[{"taxonomy":"category","embeddable":true,"href":"https:\/\/www.europesays.com\/es\/wp-json\/wp\/v2\/categories?post=300813"},{"taxonomy":"post_tag","embeddable":true,"href":"https:\/\/www.europesays.com\/es\/wp-json\/wp\/v2\/tags?post=300813"}],"curies":[{"name":"wp","href":"https:\/\/api.w.org\/{rel}","templated":true}]}}