{"id":300815,"date":"2025-12-22T03:59:10","date_gmt":"2025-12-22T03:59:10","guid":{"rendered":"https:\/\/www.europesays.com\/es\/300815\/"},"modified":"2025-12-22T03:59:10","modified_gmt":"2025-12-22T03:59:10","slug":"gobierno-de-trump-trump-remueve-a-casi-30-diplomaticos-de-carrera-de-sus-cargos-en-embajadas-noticias-univision-politica","status":"publish","type":"post","link":"https:\/\/www.europesays.com\/es\/300815\/","title":{"rendered":"Gobierno de Trump | Trump remueve a casi 30 diplom\u00e1ticos de carrera de sus cargos en embajadas | Noticias Univision Pol\u00edtica"},"content":{"rendered":"<p>La administraci\u00f3n de Donald Trump inici\u00f3 el retiro de casi 30 diplom\u00e1ticos de carrera de sus puestos de embajadores y otros altos cargos en embajadas, mientras busca colocar a funcionarios leales a su agenda pol\u00edtica.<\/p>\n<p>Los jefes de misi\u00f3n en al menos 29 pa\u00edses fueron informados la semana pasada que sus mandatos terminar\u00edan en enero, seg\u00fan dos funcionarios del Departamento de Estado, que hablaron bajo condici\u00f3n de anonimato para discutir movimientos internos de personal.<\/p>\n<p>Esto cambi\u00f3 el mi\u00e9rcoles, cuando comenzaron a recibir avisos de funcionarios en Washington sobre su inminente salida.<\/p>\n<p>Los afectados por la reestructuraci\u00f3n no perder\u00e1n sus puestos en el servicio exterior, sino que regresar\u00e1n a Washington para desempe\u00f1ar otras funciones si as\u00ed lo desean, seg\u00fan informaron los funcionarios.<\/p>\n<p>El Departamento de Estado se neg\u00f3 a comentar sobre el n\u00famero espec\u00edfico de embajadores afectados, pero defendi\u00f3 los cambios, calific\u00e1ndolos de \u00abun proceso est\u00e1ndar en cualquier administraci\u00f3n\u00bb. Se\u00f1al\u00f3 que un embajador es \u00abun representante personal del presidente y es derecho del presidente asegurarse de contar con personas en estos pa\u00edses que impulsen la agenda del &#8216;America First'\u00bb.<\/p>\n<p>\u00c1frica es el continente m\u00e1s afectado por los cambios, que se dan en Burundi, Camer\u00fan, Cabo Verde, Gab\u00f3n, Costa de Marfil, Madagascar, Mauricio, N\u00edger, Nigeria, Ruanda, Senegal, Somalia y Uganda.<\/p>\n<p>En segundo lugar est\u00e1 Asia, con cambios en Fiji, Laos, las Islas Marshall, Papua Nueva Guinea, Filipinas y Vietnam.<\/p>\n<p>Cuatro pa\u00edses de Europa (Armenia, Macedonia, Montenegro y Eslovaquia) est\u00e1n afectados, as\u00ed como dos en Oriente Medio (Argelia y Egipto), Asia meridional y central (Nepal y Sri Lanka) y el hemisferio occidental (Guatemala y Surinam).<\/p>\n<p>El medio Politico fue el primero en informar sobre los retiros de embajadores, que han generado preocupaci\u00f3n entre algunos legisladores y el sindicato que representa a los diplom\u00e1ticos estadounidenses.<\/p>\n","protected":false},"excerpt":{"rendered":"La administraci\u00f3n de Donald Trump inici\u00f3 el retiro de casi 30 diplom\u00e1ticos de carrera de sus puestos de&hellip;\n","protected":false},"author":2,"featured_media":300816,"comment_status":"","ping_status":"","sticky":false,"template":"","format":"standard","meta":{"footnotes":""},"categories":[42],"tags":[17,18,13,14,11,61,62,63,64,19,20,9,10,15,16,12,21,22,65,66,67],"class_list":{"0":"post-300815","1":"post","2":"type-post","3":"status-publish","4":"format-standard","5":"has-post-thumbnail","7":"category-internacional","8":"tag-breaking-news","9":"tag-breakingnews","10":"tag-featured-news","11":"tag-featurednews","12":"tag-headlines","13":"tag-internacional","14":"tag-international","15":"tag-international-news","16":"tag-internationalnews","17":"tag-latest-news","18":"tag-latestnews","19":"tag-news","20":"tag-noticias","21":"tag-noticias-destacadas","22":"tag-noticiasdestacadas","23":"tag-titulares","24":"tag-ultimas-noticias","25":"tag-ultimasnoticias","26":"tag-world","27":"tag-world-news","28":"tag-worldnews"},"share_on_mastodon":{"url":"https:\/\/pubeurope.com\/@es\/115761221712192770","error":""},"_links":{"self":[{"href":"https:\/\/www.europesays.com\/es\/wp-json\/wp\/v2\/posts\/300815","targetHints":{"allow":["GET"]}}],"collection":[{"href":"https:\/\/www.europesays.com\/es\/wp-json\/wp\/v2\/posts"}],"about":[{"href":"https:\/\/www.europesays.com\/es\/wp-json\/wp\/v2\/types\/post"}],"author":[{"embeddable":true,"href":"https:\/\/www.europesays.com\/es\/wp-json\/wp\/v2\/users\/2"}],"replies":[{"embeddable":true,"href":"https:\/\/www.europesays.com\/es\/wp-json\/wp\/v2\/comments?post=300815"}],"version-history":[{"count":0,"href":"https:\/\/www.europesays.com\/es\/wp-json\/wp\/v2\/posts\/300815\/revisions"}],"wp:featuredmedia":[{"embeddable":true,"href":"https:\/\/www.europesays.com\/es\/wp-json\/wp\/v2\/media\/300816"}],"wp:attachment":[{"href":"https:\/\/www.europesays.com\/es\/wp-json\/wp\/v2\/media?parent=300815"}],"wp:term":[{"taxonomy":"category","embeddable":true,"href":"https:\/\/www.europesays.com\/es\/wp-json\/wp\/v2\/categories?post=300815"},{"taxonomy":"post_tag","embeddable":true,"href":"https:\/\/www.europesays.com\/es\/wp-json\/wp\/v2\/tags?post=300815"}],"curies":[{"name":"wp","href":"https:\/\/api.w.org\/{rel}","templated":true}]}}