{"id":300819,"date":"2025-12-22T04:01:10","date_gmt":"2025-12-22T04:01:10","guid":{"rendered":"https:\/\/www.europesays.com\/es\/300819\/"},"modified":"2025-12-22T04:01:10","modified_gmt":"2025-12-22T04:01:10","slug":"los-resultados-de-las-elecciones-de-extremadura-calle-a-calle-elecciones-extremadura-21-d","status":"publish","type":"post","link":"https:\/\/www.europesays.com\/es\/300819\/","title":{"rendered":"Los resultados de las elecciones de Extremadura, calle a calle | Elecciones Extremadura 21-D"},"content":{"rendered":"<p class=\"a_st\">Consulte el ganador en cada secci\u00f3n censal, los votos de cada partido y los cambios desde los \u00faltimos comicios<\/p>\n<p class=\"\">Las auton\u00f3micas extreme\u00f1as han consolidado el dominio del bloque de derechas sobre C\u00e1ceres y Badajoz. Los populares han ganado en 761 secciones censales a las que se a\u00f1aden las 17 con predominio de Vox. La presencia socialista se ha contra\u00eddo notablemente: la formaci\u00f3n liderada por Miguel \u00c1ngel Gallardo apenas mantiene 194 secciones, frente a las 528 que dominaba en los comicios de 2023.<\/p>\n<p class=\"\">En el siguiente mapa puede explorar los resultados de cada secci\u00f3n en detalle:<\/p>\n<p>                  Ganador<br \/>\n                  2025<\/p>\n<p>Cambio desde 2023<\/p>\n<p>                        PP<\/p>\n<p>                        PSOE<\/p>\n<p>                        Vox<\/p>\n<p>                        UxE<\/p>\n<p>                  Ganador<br \/>\n                  2025<\/p>\n<p>Partidos 2025<\/p>\n<p>                          PP<\/p>\n<p>                          PSOE<\/p>\n<p>                          Vox<\/p>\n<p>                          UxE<\/p>\n<p>Cambio desde 2023<\/p>\n<p>                          PP<\/p>\n<p>                          PSOE<\/p>\n<p>                          Vox<\/p>\n<p>                          UxE<\/p>\n<p class=\"\">Las secciones censales son \u00e1reas donde viven alrededor de 1.000 personas. Suelen coincidir con el municipio en pueblos peque\u00f1os y a veces comprenden apenas dos manzanas en las ciudades. Tambi\u00e9n puede usar los filtros del mapa para ver los apoyos de cada partido o el cambio desde 2023 en cada secci\u00f3n.<\/p>\n<p><a class=\"a_com_l\" href=\"https:\/\/elpais.com\/info\/normas-de-participacion\/\" rel=\"nofollow noopener\" target=\"_blank\">Normas \u203a<\/a>M\u00e1s informaci\u00f3n<a href=\"https:\/\/elpais.com\/espana\/elecciones-extremadura\/2025-12-21\/los-resultados-de-las-autonomicas-en-extremadura-municipio-a-municipio.html#?rel=mas\" title=\"Los resultados de las auton\u00f3micas en Extremadura, municipio a municipio\" class=\"_db _pr\" rel=\"nofollow noopener\" target=\"_blank\"><img decoding=\"auto\" class=\"_re lazyload a_m-h\" height=\"311\" width=\"414\" src=\"https:\/\/www.europesays.com\/es\/wp-content\/uploads\/2025\/12\/M2QVQH64KFFS3IDPJUR3NYWSXM.png\" loading=\"lazy\"\/><\/a><a href=\"https:\/\/elpais.com\/espana\/elecciones-extremadura\/2025-12-22\/que-ha-pasado-en-extremadura-las-elecciones-en-siete-graficos.html#?rel=mas\" title=\"\u00bfQu\u00e9 ha pasado en Extremadura? Las elecciones en siete gr\u00e1ficos\" class=\"_db _pr\" rel=\"nofollow noopener\" target=\"_blank\"><img decoding=\"auto\" class=\"_re lazyload a_m-h\" height=\"311\" width=\"414\" src=\"https:\/\/www.europesays.com\/es\/wp-content\/uploads\/2025\/12\/IY32RCJA45AXRFX42QYKDEBSWU.png\" loading=\"lazy\"\/><\/a>Archivado EnSi est\u00e1 interesado en licenciar este contenido, pinche <a class=\"a_tp_si_l\" href=\"https:\/\/profesional.elpais.com\/soluciones-sindicacion\/?utm_medium=interno&amp;utm_source=crosslinking&amp;utm_campaign=sindicacion_ep_pie_articulos\" target=\"_blank\" rel=\"noopener noreferrer nofollow\">aqu\u00ed<\/a><\/p>\n","protected":false},"excerpt":{"rendered":"Consulte el ganador en cada secci\u00f3n censal, los votos de cada partido y los cambios desde los \u00faltimos&hellip;\n","protected":false},"author":2,"featured_media":300820,"comment_status":"","ping_status":"","sticky":false,"template":"","format":"standard","meta":{"footnotes":""},"categories":[5],"tags":[17,18,4246,62996,4374,54253,63513,25,24,7234,13,14,1468,11,19,20,9,10,15,16,957,68981,23,12,21,22],"class_list":{"0":"post-300819","1":"post","2":"type-post","3":"status-publish","4":"format-standard","5":"has-post-thumbnail","7":"category-titulares","8":"tag-breaking-news","9":"tag-breakingnews","10":"tag-campanas-electorales","11":"tag-coaliciones-electorales","12":"tag-elecciones","13":"tag-elecciones-autonomicas","14":"tag-elecciones-extremenas","15":"tag-es","16":"tag-espana","17":"tag-extremadura","18":"tag-featured-news","19":"tag-featurednews","20":"tag-gobierno-autonomico","21":"tag-headlines","22":"tag-latest-news","23":"tag-latestnews","24":"tag-news","25":"tag-noticias","26":"tag-noticias-destacadas","27":"tag-noticiasdestacadas","28":"tag-partidos-politicos","29":"tag-programas-electorales","30":"tag-spain","31":"tag-titulares","32":"tag-ultimas-noticias","33":"tag-ultimasnoticias"},"share_on_mastodon":{"url":"","error":"Validation failed: Text character limit of 500 exceeded"},"_links":{"self":[{"href":"https:\/\/www.europesays.com\/es\/wp-json\/wp\/v2\/posts\/300819","targetHints":{"allow":["GET"]}}],"collection":[{"href":"https:\/\/www.europesays.com\/es\/wp-json\/wp\/v2\/posts"}],"about":[{"href":"https:\/\/www.europesays.com\/es\/wp-json\/wp\/v2\/types\/post"}],"author":[{"embeddable":true,"href":"https:\/\/www.europesays.com\/es\/wp-json\/wp\/v2\/users\/2"}],"replies":[{"embeddable":true,"href":"https:\/\/www.europesays.com\/es\/wp-json\/wp\/v2\/comments?post=300819"}],"version-history":[{"count":0,"href":"https:\/\/www.europesays.com\/es\/wp-json\/wp\/v2\/posts\/300819\/revisions"}],"wp:featuredmedia":[{"embeddable":true,"href":"https:\/\/www.europesays.com\/es\/wp-json\/wp\/v2\/media\/300820"}],"wp:attachment":[{"href":"https:\/\/www.europesays.com\/es\/wp-json\/wp\/v2\/media?parent=300819"}],"wp:term":[{"taxonomy":"category","embeddable":true,"href":"https:\/\/www.europesays.com\/es\/wp-json\/wp\/v2\/categories?post=300819"},{"taxonomy":"post_tag","embeddable":true,"href":"https:\/\/www.europesays.com\/es\/wp-json\/wp\/v2\/tags?post=300819"}],"curies":[{"name":"wp","href":"https:\/\/api.w.org\/{rel}","templated":true}]}}