{"id":300821,"date":"2025-12-22T04:09:10","date_gmt":"2025-12-22T04:09:10","guid":{"rendered":"https:\/\/www.europesays.com\/es\/300821\/"},"modified":"2025-12-22T04:09:10","modified_gmt":"2025-12-22T04:09:10","slug":"joel-soriano-no-entra-en-la-convocatoria-y-esta-a-un-paso-de-salir-del-casademont-zaragoza","status":"publish","type":"post","link":"https:\/\/www.europesays.com\/es\/300821\/","title":{"rendered":"Joel Soriano no entra en la convocatoria y est\u00e1 a un paso de salir del Casademont Zaragoza"},"content":{"rendered":"<p class=\"ft-text\"><strong>Joel Soriano<\/strong> ha vuelvo a quedarse este domingo fuera de la convocatoria de <strong>Jes\u00fas Ram\u00edrez<\/strong> para el encuentro frente al Morabanc Andorra (18.00) y est\u00e1 a un paso de ser el siguiente jugador que abandona la plantilla tras la salida esta misma semana de Erik Stevenson. El p\u00edvot, cedido por el <strong>Valencia Basket, <\/strong>no ha llegado a ofrecer en ning\u00fan momento el rendimiento que se esperaba de \u00e9l y que dej\u00f3 entrever en sus primeros partidos disputados con la camiseta taronja la temporada pasada.<\/p>\n<p class=\"ft-text\">Ram\u00edrez <strong>no ten\u00eda ninguna necesidad normativa de prescindir de ninguno<\/strong> de los jugadores de la plantilla, puesto que ten\u00eda a su disposici\u00f3n a los doce profesionales sanos del primer equipo y entre ellos se incluyen los cuatro cupos que exige la Liga ACB por partido, se\u00f1al inequ\u00edvoca de que el t\u00e9cnico ya no cuenta con \u00e9l. El pasado mi\u00e9rcoles tambi\u00e9n fue el descarte en la FIBA Europe Cup, en este caso para dar entrada a <strong>Traor\u00e9<\/strong> y cumplir con los cinco cupos exigidos por la FIBA.<\/p>\n<p class=\"ft-text\">El pasado 28 de noviembre el club aragon\u00e9s decici\u00f3 incorporar a <strong>Christ Koumadje<\/strong>, un p\u00edvot de 2,24 cent\u00edmetros, para reforzar el juego interior del equipo, que no ha terminado de cuajar en estos primeros meses de temporada con la pareja Dubljevic-Soriano. Posteriormente, la entidad opt\u00f3 por rescindir el contrato de Erik Stevenson, quien tampoco hab\u00eda terminado de encajar en los esquemas de Jes\u00fas Ram\u00edrez.<\/p>\n<p class=\"ft-text\">Pese a los dos malos partidos protagonizados en la FIBA Europe Cup en las dos \u00faltimas semanas, el Casademont Zaragoza mantiene la confianza en <strong>Jes\u00fas Ram\u00edrez<\/strong> y apuesta por seguir apuntalando la plantilla en busca de mejores prestaciones en la pista. El propio t\u00e9cnico explic\u00f3 en la rueda de prensa del pasado viernes que el club est\u00e1 en el mercado buscando cosas que ahora mismo no tiene en el equipo.<\/p>\n<p class=\"ft-text\">Joel Soriano, cedido por el Valencia Basket y un fijo en las convocatorias de la Rep\u00fablica Dominicana, no ha ofrecido en estos meses de competici\u00f3n el rendimiento esperado. En la<strong> Liga Endesa<\/strong> ha participado en 9 partidos con un promedio de 15 minutos en los que ha aportado<strong> 7,8 puntos, 4,6 rebotes y 8,2 de valoraci\u00f3n.<\/strong> Su presencia en la pista se ha ido reduciendo y de repartirse los minutos con Dubljevic ha pasado a tener menos de cuatro en el \u00faltimo encuentro disputado por el equipo en Granada.<\/p>\n<p class=\"ft-text\">En la <strong>FIBA Europe Cup<\/strong> ha estado presente en 7 encuentros con unas medias de <strong>7,9 puntos, 3,7 rebotesy 7,6 cr\u00e9dtidos de valoraci\u00f3n.<\/strong> Sin embargo, en el Americup de este verano destac\u00f3 con la Rep\u00fablica Dominicana aportando 12,3 puntos y 5,3 rebotes para 16 cr\u00e9ditos de valoraci\u00f3n, y en las ventanas sus n\u00fameros han ascendido a los 14 puntos, 7,5 rebotes y 21,5 de valoraci\u00f3n. A Zaragoza lleg\u00f3 despu\u00e9s de la disputa del Americup, como Joaqu\u00edn Rodr\u00edguez y Bell-Haynes, pero no lleg\u00f3 en su mejor estado de forma y no ha terminado de encontrarlo en los meses que ha pasado en Zaragoza.<\/p>\n","protected":false},"excerpt":{"rendered":"Joel Soriano ha vuelvo a quedarse este domingo fuera de la convocatoria de Jes\u00fas Ram\u00edrez para el encuentro&hellip;\n","protected":false},"author":2,"featured_media":300822,"comment_status":"","ping_status":"","sticky":false,"template":"","format":"standard","meta":{"footnotes":""},"categories":[269],"tags":[299,298,5369,8461,168,7115,25,24,4457,665,4191,520,23,167],"class_list":{"0":"post-300821","1":"post","2":"type-post","3":"status-publish","4":"format-standard","5":"has-post-thumbnail","7":"category-baloncesto","8":"tag-baloncesto","9":"tag-basketball","10":"tag-casademont-zaragoza","11":"tag-convocatoria","12":"tag-deportes","13":"tag-entra","14":"tag-es","15":"tag-espana","16":"tag-joel","17":"tag-liga-endesa","18":"tag-paso","19":"tag-soriano","20":"tag-spain","21":"tag-sports"},"share_on_mastodon":{"url":"https:\/\/pubeurope.com\/@es\/115761261181587448","error":""},"_links":{"self":[{"href":"https:\/\/www.europesays.com\/es\/wp-json\/wp\/v2\/posts\/300821","targetHints":{"allow":["GET"]}}],"collection":[{"href":"https:\/\/www.europesays.com\/es\/wp-json\/wp\/v2\/posts"}],"about":[{"href":"https:\/\/www.europesays.com\/es\/wp-json\/wp\/v2\/types\/post"}],"author":[{"embeddable":true,"href":"https:\/\/www.europesays.com\/es\/wp-json\/wp\/v2\/users\/2"}],"replies":[{"embeddable":true,"href":"https:\/\/www.europesays.com\/es\/wp-json\/wp\/v2\/comments?post=300821"}],"version-history":[{"count":0,"href":"https:\/\/www.europesays.com\/es\/wp-json\/wp\/v2\/posts\/300821\/revisions"}],"wp:featuredmedia":[{"embeddable":true,"href":"https:\/\/www.europesays.com\/es\/wp-json\/wp\/v2\/media\/300822"}],"wp:attachment":[{"href":"https:\/\/www.europesays.com\/es\/wp-json\/wp\/v2\/media?parent=300821"}],"wp:term":[{"taxonomy":"category","embeddable":true,"href":"https:\/\/www.europesays.com\/es\/wp-json\/wp\/v2\/categories?post=300821"},{"taxonomy":"post_tag","embeddable":true,"href":"https:\/\/www.europesays.com\/es\/wp-json\/wp\/v2\/tags?post=300821"}],"curies":[{"name":"wp","href":"https:\/\/api.w.org\/{rel}","templated":true}]}}