{"id":300836,"date":"2025-12-22T04:19:12","date_gmt":"2025-12-22T04:19:12","guid":{"rendered":"https:\/\/www.europesays.com\/es\/300836\/"},"modified":"2025-12-22T04:19:12","modified_gmt":"2025-12-22T04:19:12","slug":"carla-bruni-anuncia-que-ha-concluido-tratamiento-contra-cancer-de-mam","status":"publish","type":"post","link":"https:\/\/www.europesays.com\/es\/300836\/","title":{"rendered":"Carla Bruni anuncia que ha concluido tratamiento contra c\u00e1ncer de mam"},"content":{"rendered":"<p><strong>Carla Bruni<\/strong>, cantante, actriz y exprimera dama de Francia, anunci\u00f3 que ha terminado su tratamiento contra el <strong>c\u00e1ncer de mama<\/strong>, cuadro del que fue diagnosticada en 2019.<\/p>\n<p>La esposa del expresidente franc\u00e9s <strong>Nicolas Sarkozy<\/strong> dio a conocer la noticia a trav\u00e9s de su cuenta de Instagram. All\u00ed, la int\u00e9rprete y modelo francesa de 57 a\u00f1os precis\u00f3 que puso punto final a cinco a\u00f1os de <strong>hormonoterapia<\/strong>, uno de los m\u00e9todos que tuvo que utilizar junto a la cirug\u00eda y la radioterapia.<\/p>\n<p>\u201cA pesar de sus efectos secundarios bastante agresivos, estoy agradecida a la ciencia por haber inventado la hormonoterapia: protege eficazmente contra las reca\u00eddas, que son frecuentes en los a\u00f1os posteriores al diagn\u00f3stico\u201d, indic\u00f3 Bruni en un mensaje que acompa\u00f1\u00f3 con una foto donde se le ve tumbada, sonriente y con una caja de los medicamentos sobre los ojos.<\/p>\n<p>Tambi\u00e9n aprovech\u00f3 la noticia para enviar un mensaje de apoyo \u201ca todas las mujeres que se encuentran en la misma situaci\u00f3n, para que se mantengan fuertes\u201d, porque aunque la hormonoterapia <strong>\u201ces un tratamiento bastante duro\u201d su eficacia \u201cpuede salvarles la vida\u201d<\/strong>.<\/p>\n<p><strong>\u201cQuiero decir una vez m\u00e1s a todas las mujeres que lean esta publicaci\u00f3n que no duden en hacerse las pruebas de detecci\u00f3n cada a\u00f1o, si es posible\u201d<\/strong>, a\u00f1adi\u00f3, y dio las gracias al equipo m\u00e9dico que la atendi\u00f3 en este tiempo.<\/p>\n<p>La buena noticia de salud contrasta con el tormentoso cap\u00edtulo que viven Bruni y su marido en lo judicial, ya que el exmandatario tiene varias causas e investigaciones abiertas.<\/p>\n<p>Esta misma semana la Fiscal\u00eda de Par\u00eds solicit\u00f3 enviar a juicio a ambos, entre otras personas, por haber sometido presuntamente a presiones a un testigo clave del caso de la financiaci\u00f3n libia de la campa\u00f1a electoral de 2007 de Sarkozy, una trama por el que el ex jefe de Estado ya fue condenado en septiembre a cinco a\u00f1os de c\u00e1rcel, una sentencia sujeta a apelaci\u00f3n.<\/p>\n<blockquote class=\"instagram-media\" data-instgrm-captioned=\"\" data-instgrm-permalink=\"https:\/\/www.instagram.com\/p\/DSfSvmojrhJ\/?utm_source=ig_embed&amp;utm_campaign=loading\" data-instgrm-version=\"14\" style=\" background:#FFF; border:0; border-radius:3px; box-shadow:0 0 1px 0 rgba(0,0,0,0.5),0 1px 10px 0 rgba(0,0,0,0.15); margin: 1px; max-width:540px; min-width:326px; padding:0; width:99.375%; width:-webkit-calc(100% - 2px); width:calc(100% - 2px);\">\n<\/blockquote>\n<p>                <script async src=\"\/\/www.instagram.com\/embed.js\"><\/script><\/p>\n","protected":false},"excerpt":{"rendered":"Carla Bruni, cantante, actriz y exprimera dama de Francia, anunci\u00f3 que ha terminado su tratamiento contra el c\u00e1ncer&hellip;\n","protected":false},"author":2,"featured_media":300837,"comment_status":"","ping_status":"","sticky":false,"template":"","format":"standard","meta":{"footnotes":""},"categories":[91],"tags":[6456,42317,4328,19570,119,6525,71382,146,147,71383,25,24,71384,71385,71386,4536,4044,19569,71387,10140,23,71388,71389],"class_list":{"0":"post-300836","1":"post","2":"type-post","3":"status-publish","4":"format-standard","5":"has-post-thumbnail","7":"category-entretenimiento","8":"tag-actriz","9":"tag-campana-electoral","10":"tag-cantante","11":"tag-carla-bruni","12":"tag-ciencia","13":"tag-deteccion","14":"tag-efectos-secundarios","15":"tag-entertainment","16":"tag-entretenimiento","17":"tag-equipo-medico","18":"tag-es","19":"tag-espana","20":"tag-exprimera-dama-de-francia","21":"tag-financiacion-libia","22":"tag-hormonoterapia","23":"tag-instagram","24":"tag-mujeres","25":"tag-nicolas-sarkozy","26":"tag-pruebas-anuales","27":"tag-seleccion-tendencias","28":"tag-spain","29":"tag-tratamiento-cancer","30":"tag-tratamiento-duro"},"share_on_mastodon":{"url":"","error":""},"_links":{"self":[{"href":"https:\/\/www.europesays.com\/es\/wp-json\/wp\/v2\/posts\/300836","targetHints":{"allow":["GET"]}}],"collection":[{"href":"https:\/\/www.europesays.com\/es\/wp-json\/wp\/v2\/posts"}],"about":[{"href":"https:\/\/www.europesays.com\/es\/wp-json\/wp\/v2\/types\/post"}],"author":[{"embeddable":true,"href":"https:\/\/www.europesays.com\/es\/wp-json\/wp\/v2\/users\/2"}],"replies":[{"embeddable":true,"href":"https:\/\/www.europesays.com\/es\/wp-json\/wp\/v2\/comments?post=300836"}],"version-history":[{"count":0,"href":"https:\/\/www.europesays.com\/es\/wp-json\/wp\/v2\/posts\/300836\/revisions"}],"wp:featuredmedia":[{"embeddable":true,"href":"https:\/\/www.europesays.com\/es\/wp-json\/wp\/v2\/media\/300837"}],"wp:attachment":[{"href":"https:\/\/www.europesays.com\/es\/wp-json\/wp\/v2\/media?parent=300836"}],"wp:term":[{"taxonomy":"category","embeddable":true,"href":"https:\/\/www.europesays.com\/es\/wp-json\/wp\/v2\/categories?post=300836"},{"taxonomy":"post_tag","embeddable":true,"href":"https:\/\/www.europesays.com\/es\/wp-json\/wp\/v2\/tags?post=300836"}],"curies":[{"name":"wp","href":"https:\/\/api.w.org\/{rel}","templated":true}]}}