{"id":300840,"date":"2025-12-22T04:22:21","date_gmt":"2025-12-22T04:22:21","guid":{"rendered":"https:\/\/www.europesays.com\/es\/300840\/"},"modified":"2025-12-22T04:22:21","modified_gmt":"2025-12-22T04:22:21","slug":"hammack-de-la-fed-apunta-a-que-tasas-se-mantendran-estables-durante-meses-segun-el-wsj","status":"publish","type":"post","link":"https:\/\/www.europesays.com\/es\/300840\/","title":{"rendered":"Hammack de la Fed apunta a que tasas se mantendr\u00e1n estables durante meses, seg\u00fan el WSJ"},"content":{"rendered":"\n<p class=\"yf-7hmkaz\">21 dic (Reuters) &#8211; La presidenta del Banco de la Reserva Federal de Cleveland, Beth Hammack, dijo que no ve\u00eda la necesidad de modificar las tasas de \u200binter\u00e9s estadounidenses en los pr\u00f3ximos meses, despu\u00e9s de que el banco central recort\u00f3 los \u200ccostos de endeudamiento en sus tres \u00faltimas reuniones, inform\u00f3 el domingo el Wall Street Journal.<\/p>\n<p class=\"yf-7hmkaz\">Hammack se opuso a los \u200crecientes recortes de tasas porque est\u00e1 m\u00e1s preocupada por la elevada inflaci\u00f3n que por la posible fragilidad del mercado laboral que llev\u00f3 a los funcionarios a bajar los tipos en un acumulado de 75 puntos b\u00e1sicos en los \u00faltimos meses, a\u00f1adi\u00f3 el informe.<\/p>\n<p class=\"yf-7hmkaz\">Hammack dijo al Journal que la \u2060Reserva Federal no necesitaba cambiar \u200csu tasa de inter\u00e9s de referencia, actualmente en un rango entre el 3,5% y el 3,75%, al menos hasta la primavera boreal.<\/p>\n<p class=\"yf-7hmkaz\">Para entonces, dijo \u200dHammack, ser\u00eda capaz de evaluar mejor si la reciente inflaci\u00f3n de los precios de los bienes estaba retrocediendo a medida que los aranceles del presidente estadounidense Donald Trump penetren m\u00e1s completamente a trav\u00e9s de la \u200bcadena de suministro, seg\u00fan el informe.<\/p>\n<p class=\"yf-7hmkaz\">Hammack dijo que el \u00edndice de precios al consumidor \u200cde noviembre del 2,7% probablemente subestim\u00f3 el crecimiento de los precios en 12 meses debido a las distorsiones de los datos, agreg\u00f3 el informe.<\/p>\n<p class=\"yf-7hmkaz\">\u00abMi hip\u00f3tesis b\u00e1sica es que podemos permanecer aqu\u00ed durante alg\u00fan tiempo, hasta que tengamos pruebas m\u00e1s claras de que la inflaci\u00f3n est\u00e1 volviendo al objetivo o de que el empleo se est\u00e1 debilitando de forma m\u00e1s material\u00bb, dijo Hammack \u2060al Journal en una entrevista grabada en podcast el \u200bjueves, citando las preocupaciones sobre la inflaci\u00f3n.<\/p>\n<p class=\"yf-7hmkaz\">En un acto \u200bcelebrado en Cincinnati a principios de este mes, Hammack afirm\u00f3 que quer\u00eda centrarse en la alta inflaci\u00f3n y que preferir\u00eda que la pol\u00edtica monetaria fuera m\u00e1s \u200drestrictiva.<\/p>\n<p class=\"yf-7hmkaz\">Hammack dijo que la \u2060actual tasa de pol\u00edtica monetaria era correcta, en torno a un nivel neutral, pero que preferir\u00eda una postura ligeramente m\u00e1s restrictiva para ayudar a ejercer m\u00e1s presi\u00f3n sobre \u2060la inflaci\u00f3n.<\/p>\n<p class=\"yf-7hmkaz\">El a\u00f1o que viene, Hammack ser\u00e1 miembro con derecho a voto del FOMC, que supervisa las decisiones \u200cimportantes en materia de pol\u00edtica monetaria y tasas de inter\u00e9s.<\/p>\n<p class=\"yf-7hmkaz\">(Reporte de Abu Sultan \u200cen Bengaluru; Editado en Espa\u00f1ol por Ricardo Figueroa)<\/p>\n","protected":false},"excerpt":{"rendered":"21 dic (Reuters) &#8211; La presidenta del Banco de la Reserva Federal de Cleveland, Beth Hammack, dijo que&hellip;\n","protected":false},"author":2,"featured_media":300841,"comment_status":"","ping_status":"","sticky":false,"template":"","format":"standard","meta":{"footnotes":""},"categories":[80],"tags":[71390,82,95,94,25,24,1843,23,40837,26454,17669],"class_list":{"0":"post-300840","1":"post","2":"type-post","3":"status-publish","4":"format-standard","5":"has-post-thumbnail","7":"category-economia","8":"tag-beth-hammack","9":"tag-business","10":"tag-economia","11":"tag-economy","12":"tag-es","13":"tag-espana","14":"tag-reserva-federal","15":"tag-spain","16":"tag-tasa-de-interes","17":"tag-tasas-de-interes","18":"tag-wall-street-journal"},"share_on_mastodon":{"url":"https:\/\/pubeurope.com\/@es\/115761312285518773","error":""},"_links":{"self":[{"href":"https:\/\/www.europesays.com\/es\/wp-json\/wp\/v2\/posts\/300840","targetHints":{"allow":["GET"]}}],"collection":[{"href":"https:\/\/www.europesays.com\/es\/wp-json\/wp\/v2\/posts"}],"about":[{"href":"https:\/\/www.europesays.com\/es\/wp-json\/wp\/v2\/types\/post"}],"author":[{"embeddable":true,"href":"https:\/\/www.europesays.com\/es\/wp-json\/wp\/v2\/users\/2"}],"replies":[{"embeddable":true,"href":"https:\/\/www.europesays.com\/es\/wp-json\/wp\/v2\/comments?post=300840"}],"version-history":[{"count":0,"href":"https:\/\/www.europesays.com\/es\/wp-json\/wp\/v2\/posts\/300840\/revisions"}],"wp:featuredmedia":[{"embeddable":true,"href":"https:\/\/www.europesays.com\/es\/wp-json\/wp\/v2\/media\/300841"}],"wp:attachment":[{"href":"https:\/\/www.europesays.com\/es\/wp-json\/wp\/v2\/media?parent=300840"}],"wp:term":[{"taxonomy":"category","embeddable":true,"href":"https:\/\/www.europesays.com\/es\/wp-json\/wp\/v2\/categories?post=300840"},{"taxonomy":"post_tag","embeddable":true,"href":"https:\/\/www.europesays.com\/es\/wp-json\/wp\/v2\/tags?post=300840"}],"curies":[{"name":"wp","href":"https:\/\/api.w.org\/{rel}","templated":true}]}}