{"id":300842,"date":"2025-12-22T04:23:11","date_gmt":"2025-12-22T04:23:11","guid":{"rendered":"https:\/\/www.europesays.com\/es\/300842\/"},"modified":"2025-12-22T04:23:11","modified_gmt":"2025-12-22T04:23:11","slug":"seguimos-aqui-lider-catolico-preside-misa-de-navidad-en-una-iglesia-de-gaza-bombardeada-por-israel","status":"publish","type":"post","link":"https:\/\/www.europesays.com\/es\/300842\/","title":{"rendered":"\u201cSeguimos aqu\u00ed\u201d: l\u00edder cat\u00f3lico preside misa de Navidad en una iglesia de Gaza bombardeada por Israel"},"content":{"rendered":"<p>      CNN<br \/>\n        \u00a0\u2014\u00a0<\/p>\n<p class=\"paragraph inline-placeholder vossi-paragraph\" data-uri=\"es.cms.cnn.com\/_components\/paragraph\/instances\/cmjg8886c003u26qhda94apcp@published\" data-editable=\"text\" data-component-name=\"paragraph\" data-article-gutter=\"true\">\n            El principal l\u00edder cat\u00f3lico en Tierra Santa inst\u00f3 a los palestinos a \u201cno solo sobrevivir\u201d, sino a \u201creconstruir la vida\u201d <a href=\"https:\/\/cnnespanol.cnn.com\/2025\/12\/03\/mundo\/fosas-sin-marcar-gaza-investigacion-cnn-trax\" rel=\"nofollow noopener\" target=\"_blank\">en Gaza<\/a>, mientras presid\u00eda la misa de Navidad el domingo, en medio de un escenario de destrucci\u00f3n y <a href=\"https:\/\/cnnespanol.cnn.com\/2025\/10\/08\/mundo\/guerra-cambio-palestinos-gaza-trax\" rel=\"nofollow noopener\" target=\"_blank\">desplazamiento <\/a>de proporciones apocal\u00edpticas causado por Israel.\n    <\/p>\n<p class=\"paragraph inline-placeholder vossi-paragraph\" data-uri=\"es.cms.cnn.com\/_components\/paragraph\/instances\/cmjg8vmn8001e356pihq7sb2a@published\" data-editable=\"text\" data-component-name=\"paragraph\" data-article-gutter=\"true\">\n            El cardenal Pierbattista Pizzaballa, patriarca latino de Jerusal\u00e9n, visit\u00f3 la Iglesia de la Sagrada Familia en la Ciudad de Gaza en su cuarto viaje al enclave palestino desde que Israel lanz\u00f3 su ofensiva militar, y por primera vez desde el ataque israel\u00ed mortal contra la parroquia <a href=\"https:\/\/cnnespanol.cnn.com\/2025\/07\/17\/mundo\/ataque-iglesia-catolica-gaza-israel-trax\" rel=\"nofollow noopener\" target=\"_blank\">en julio.<\/a>\n    <\/p>\n<p class=\"paragraph inline-placeholder vossi-paragraph\" data-uri=\"es.cms.cnn.com\/_components\/paragraph\/instances\/cmjg8vmn8001f356pr8wdou8n@published\" data-editable=\"text\" data-component-name=\"paragraph\" data-article-gutter=\"true\">\n            \u201cEstamos en una situaci\u00f3n muy precaria, como ocurre en pr\u00e1cticamente toda Gaza\u201d, dijo Pizzaballa a los fieles durante el serm\u00f3n del domingo.\n    <\/p>\n<p class=\"paragraph inline-placeholder vossi-paragraph\" data-uri=\"es.cms.cnn.com\/_components\/paragraph\/instances\/cmjg8vmn8001g356ph3vuvyu2@published\" data-editable=\"text\" data-component-name=\"paragraph\" data-article-gutter=\"true\">\n            \u201cA veces pensamos que los poderes del mundo decidir\u00e1n nuestro futuro. Pero en realidad, somos nosotros, la gente que est\u00e1 aqu\u00ed, quienes decidiremos c\u00f3mo reconstruirlo todo\u201d, afirm\u00f3. \u201cLos animo a no perder la esperanza. Estamos entrando en una nueva fase, no solo tenemos que sobrevivir, sino tambi\u00e9n reconstruir la vida\u201d.\n    <\/p>\n<p class=\"paragraph inline-placeholder vossi-paragraph\" data-uri=\"es.cms.cnn.com\/_components\/paragraph\/instances\/cmjg8vmn8001h356pjpxk2hci@published\" data-editable=\"text\" data-component-name=\"paragraph\" data-article-gutter=\"true\">\n            \u201dEn esta nueva etapa debemos llevar el esp\u00edritu de la Navidad, el esp\u00edritu de la luz, de la ternura y del crecimiento\u201d, a\u00f1adi\u00f3. \u201cAhora parece imposible, pero despu\u00e9s de dos a\u00f1os de una guerra terrible, seguimos aqu\u00ed\u201d.\n    <\/p>\n<p class=\"paragraph inline-placeholder vossi-paragraph\" data-uri=\"es.cms.cnn.com\/_components\/paragraph\/instances\/cmjg8vmn8001i356p1ygevz3j@published\" data-editable=\"text\" data-component-name=\"paragraph\" data-article-gutter=\"true\">\n            Desde octubre de 2023, el fallecido papa Francisco llamaba todos los d\u00edas a la Iglesia de la Sagrada Familia en la Ciudad de Gaza para hablar con l\u00edderes de la iglesia y con algunos de los palestinos que se refugiaban en la parroquia, <a href=\"https:\/\/www.cnn.com\/2025\/04\/23\/middleeast\/pope-gaza-christians-mourning-intl\" rel=\"nofollow noopener\" target=\"_blank\">cont\u00f3 previamente a CNN<\/a> el padre Gabriel Romanelli.\n    <\/p>\n<p class=\"paragraph inline-placeholder vossi-paragraph\" data-uri=\"es.cms.cnn.com\/_components\/paragraph\/instances\/cmjg8vmn8001j356pw30yi8sy@published\" data-editable=\"text\" data-component-name=\"paragraph\" data-article-gutter=\"true\">\n            La visita de Pizzaballa se produjo en un contexto en el que persisten los desaf\u00edos para la supervivencia de los palestinos en Gaza, m\u00e1s de dos meses despu\u00e9s de que Israel y Hamas acordaran un cese del fuego impulsado por Estados Unidos. Los bombardeos, las severas restricciones a la ayuda humanitaria, la <a href=\"https:\/\/cnnespanol.cnn.com\/2025\/12\/19\/mundo\/gaza-ya-no-sufre-hambruna-trax\" rel=\"nofollow noopener\" target=\"_blank\">inseguridad alimentaria<\/a> causada por Israel y las <a href=\"https:\/\/cnnespanol.cnn.com\/2025\/12\/13\/mundo\/gaza-tormentas-muerte-palestinos-trax\" rel=\"nofollow noopener\" target=\"_blank\">inundaciones repentinas<\/a> han agravado la crisis en el enclave.\n    <\/p>\n<p class=\"paragraph inline-placeholder vossi-paragraph\" data-uri=\"es.cms.cnn.com\/_components\/paragraph\/instances\/cmjg8vmn8001k356ppakru0tz@published\" data-editable=\"text\" data-component-name=\"paragraph\" data-article-gutter=\"true\">\n            Al menos 401 personas han muerto desde el alto el fuego del 11 de octubre, inform\u00f3 el s\u00e1bado el Ministerio de Salud de Gaza. En total, 70.925 palestinos han muerto por las acciones de Israel y 171.185 han resultado heridos desde el 7 de octubre de 2023, cuando Hamas y otros grupos militantes lanzaron un ataque contra Israel, seg\u00fan el ministerio.\n    <\/p>\n<p>       <img decoding=\"async\" src=\"https:\/\/www.europesays.com\/es\/wp-content\/uploads\/2025\/12\/still-22219312-1320608-741-still-20251221214705351.jpg\" alt=\"George Bisan, un ni\u00f1o de 11 a\u00f1os que se encontraba en la Iglesia de la Sagrada Familia en la Ciudad de Gaza, dijo a CNN que \u00e9l y otros palestinos \u201cquieren vivir\u201d tras dos a\u00f1os de bombardeos y asedio israel\u00edes.\" class=\"image__dam-img image__dam-img--loading\" onload=\"this.classList.remove('image__dam-img--loading')\" onerror=\"imageLoadError(this)\" height=\"544\" width=\"967\" loading=\"lazy\"\/><\/p>\n<p class=\"paragraph inline-placeholder vossi-paragraph\" data-uri=\"es.cms.cnn.com\/_components\/paragraph\/instances\/cmjg8vmn8001l356puqa4a99s@published\" data-editable=\"text\" data-component-name=\"paragraph\" data-article-gutter=\"true\">\n            Im\u00e1genes de CNN desde la Ciudad de Gaza mostraron el domingo campanas repicando con fuerza sobre la parroquia, donde un beb\u00e9, Mario, fue bautizado como s\u00edmbolo de \u201cnueva vida\u201d y \u201cnueva esperanza\u201d, seg\u00fan el Patriarcado Latino de Jerusal\u00e9n. Esferas rojas y doradas, coronas verdes y listones decoraban la Iglesia de la Sagrada Familia, y en una esquina se levantaba un alto \u00e1rbol de Navidad cubierto de guirnaldas.\n    <\/p>\n<p class=\"paragraph inline-placeholder vossi-paragraph\" data-uri=\"es.cms.cnn.com\/_components\/paragraph\/instances\/cmjg8vmn8001m356pozar6o3o@published\" data-editable=\"text\" data-component-name=\"paragraph\" data-article-gutter=\"true\">\n            George Bisan, un palestino de 11 a\u00f1os, dijo a CNN que a\u00fan sigue en estado de shock por el ataque a la iglesia ocurrido en julio.\n    <\/p>\n<p class=\"paragraph inline-placeholder vossi-paragraph\" data-uri=\"es.cms.cnn.com\/_components\/paragraph\/instances\/cmjg8vmn8001n356p0cwsgpv3@published\" data-editable=\"text\" data-component-name=\"paragraph\" data-article-gutter=\"true\">\n            \u201cCuando bombardearon la iglesia desde el aire, muchas personas resultaron heridas y murieron\u201d, cont\u00f3 el domingo. \u201cMi deseo para el a\u00f1o nuevo es salir de aqu\u00ed, reunirme con mi familia en el extranjero y que podamos vivir en paz. \u2026 Queremos vivir\u201d.\n    <\/p>\n<p class=\"paragraph inline-placeholder vossi-paragraph\" data-uri=\"es.cms.cnn.com\/_components\/paragraph\/instances\/cmjg8vmn8001p356pv749v4lj@published\" data-editable=\"text\" data-component-name=\"paragraph\" data-article-gutter=\"true\">\n            Para otros miembros de la comunidad cristiana, las visitas de l\u00edderes religiosos a Gaza representan un alivio y una fuente de consuelo para los palestinos que viven bajo asedio y violencia.\n    <\/p>\n<p class=\"paragraph inline-placeholder vossi-paragraph\" data-uri=\"es.cms.cnn.com\/_components\/paragraph\/instances\/cmjg8vmn8001q356p8fzn2fds@published\" data-editable=\"text\" data-component-name=\"paragraph\" data-article-gutter=\"true\">\n            \u201cEstas visitas se consideran una muestra de apoyo y de fortaleza para la comunidad\u201d, dijo a CNN el domingo Ramez Al-Souri, desplazado en la Ciudad de Gaza. \u201cLa gente de Gaza ama la vida y aspira a vivir en paz\u201d.\n    <\/p>\n<p>       <img decoding=\"async\" src=\"https:\/\/www.europesays.com\/es\/wp-content\/uploads\/2025\/12\/ramez-al-souri-and-family-in-bethlehem-in-2022-20251221215014617.jpg\" alt=\"Ramez Al-Souri (derecha) y su esposa, Helen (izquierda), junto a sus tres hijos, Julie (centro derecha), Majd (centro) y Suhail (centro izquierda), en Bel\u00e9n, en 2022. Posteriormente, un ataque israel\u00ed mat\u00f3 a los hermanos.\" class=\"image__dam-img image__dam-img--loading\" onload=\"this.classList.remove('image__dam-img--loading')\" onerror=\"imageLoadError(this)\" height=\"726\" width=\"967\" loading=\"lazy\"\/><\/p>\n<p class=\"paragraph inline-placeholder vossi-paragraph\" data-uri=\"es.cms.cnn.com\/_components\/paragraph\/instances\/cmjg8vmn8001r356poyoj6w83@published\" data-editable=\"text\" data-component-name=\"paragraph\" data-article-gutter=\"true\">\n            Durante las dos primeras semanas de los combates, un ataque israel\u00ed mat\u00f3 a los tres hijos de Al-Souri \u2014Suhail, de 14 a\u00f1os; Julie, de 12; y Majd, de 11\u2014 mientras intentaban refugiarse en otra iglesia del norte de Gaza, en octubre de 2023.\n    <\/p>\n<p class=\"paragraph inline-placeholder vossi-paragraph\" data-uri=\"es.cms.cnn.com\/_components\/paragraph\/instances\/cmjg8vmn8001s356pcqi5zzn0@published\" data-editable=\"text\" data-component-name=\"paragraph\" data-article-gutter=\"true\">\n            El ataque contra la Iglesia Ortodoxa Griega de San Porfirio \u2014una de las m\u00e1s antiguas del mundo\u2014 dej\u00f3 al menos 17 muertos, seg\u00fan autoridades sanitarias palestinas. En ese momento, las Fuerzas de Defensa de Israel afirm\u00f3 que el objetivo del ataque era Hamas, <a href=\"https:\/\/www.cnn.com\/videos\/world\/2023\/10\/24\/exp-israel-gaza-war-orthodox-church-strike-karadsheh-pkg-10241aseg2-cnni-world.cnn\" rel=\"nofollow noopener\" target=\"_blank\">report\u00f3 previamente CNN.<\/a>\n    <\/p>\n<p class=\"paragraph inline-placeholder vossi-paragraph\" data-uri=\"es.cms.cnn.com\/_components\/paragraph\/instances\/cmjg8vmn8001t356pk72bbayh@published\" data-editable=\"text\" data-component-name=\"paragraph\" data-article-gutter=\"true\">\n            \u201cYa no quedan ni\u00f1os. Todos se han convertido en v\u00edctimas de esta guerra\u201d, a\u00f1adi\u00f3 Al-Souri.\n    <\/p>\n<p class=\"paragraph inline-placeholder vossi-paragraph\" data-uri=\"es.cms.cnn.com\/_components\/paragraph\/instances\/cmjg8vmn8001u356pnqrlp3r5@published\" data-editable=\"text\" data-component-name=\"paragraph\" data-article-gutter=\"true\">\n            \u201cCon la llegada del nuevo a\u00f1o, esperamos que sea un a\u00f1o de amor y de paz, en el que todas las personas puedan vivir en libertad y con la esperanza de un ma\u00f1ana mejor\u201d, coment\u00f3.\n    <\/p>\n","protected":false},"excerpt":{"rendered":"CNN \u00a0\u2014\u00a0 El principal l\u00edder cat\u00f3lico en Tierra Santa inst\u00f3 a los palestinos a \u201cno solo sobrevivir\u201d, sino&hellip;\n","protected":false},"author":2,"featured_media":300843,"comment_status":"","ping_status":"","sticky":false,"template":"","format":"standard","meta":{"footnotes":""},"categories":[42],"tags":[17,18,13,14,694,79,69,11,61,62,63,64,74,19,20,9,10,15,16,5603,12,21,22,65,66,67],"class_list":{"0":"post-300842","1":"post","2":"type-post","3":"status-publish","4":"format-standard","5":"has-post-thumbnail","7":"category-internacional","8":"tag-breaking-news","9":"tag-breakingnews","10":"tag-featured-news","11":"tag-featurednews","12":"tag-gaza","13":"tag-genocidio","14":"tag-guerra","15":"tag-headlines","16":"tag-internacional","17":"tag-international","18":"tag-international-news","19":"tag-internationalnews","20":"tag-israel","21":"tag-latest-news","22":"tag-latestnews","23":"tag-news","24":"tag-noticias","25":"tag-noticias-destacadas","26":"tag-noticiasdestacadas","27":"tag-religion","28":"tag-titulares","29":"tag-ultimas-noticias","30":"tag-ultimasnoticias","31":"tag-world","32":"tag-world-news","33":"tag-worldnews"},"share_on_mastodon":{"url":"https:\/\/pubeurope.com\/@es\/115761316517899997","error":""},"_links":{"self":[{"href":"https:\/\/www.europesays.com\/es\/wp-json\/wp\/v2\/posts\/300842","targetHints":{"allow":["GET"]}}],"collection":[{"href":"https:\/\/www.europesays.com\/es\/wp-json\/wp\/v2\/posts"}],"about":[{"href":"https:\/\/www.europesays.com\/es\/wp-json\/wp\/v2\/types\/post"}],"author":[{"embeddable":true,"href":"https:\/\/www.europesays.com\/es\/wp-json\/wp\/v2\/users\/2"}],"replies":[{"embeddable":true,"href":"https:\/\/www.europesays.com\/es\/wp-json\/wp\/v2\/comments?post=300842"}],"version-history":[{"count":0,"href":"https:\/\/www.europesays.com\/es\/wp-json\/wp\/v2\/posts\/300842\/revisions"}],"wp:featuredmedia":[{"embeddable":true,"href":"https:\/\/www.europesays.com\/es\/wp-json\/wp\/v2\/media\/300843"}],"wp:attachment":[{"href":"https:\/\/www.europesays.com\/es\/wp-json\/wp\/v2\/media?parent=300842"}],"wp:term":[{"taxonomy":"category","embeddable":true,"href":"https:\/\/www.europesays.com\/es\/wp-json\/wp\/v2\/categories?post=300842"},{"taxonomy":"post_tag","embeddable":true,"href":"https:\/\/www.europesays.com\/es\/wp-json\/wp\/v2\/tags?post=300842"}],"curies":[{"name":"wp","href":"https:\/\/api.w.org\/{rel}","templated":true}]}}