{"id":300846,"date":"2025-12-22T04:25:11","date_gmt":"2025-12-22T04:25:11","guid":{"rendered":"https:\/\/www.europesays.com\/es\/300846\/"},"modified":"2025-12-22T04:25:11","modified_gmt":"2025-12-22T04:25:11","slug":"donde-ha-ganado-vox-los-municipios-en-los-que-se-ha-alzado-como-primera-fuerza","status":"publish","type":"post","link":"https:\/\/www.europesays.com\/es\/300846\/","title":{"rendered":"\u00bfD\u00f3nde ha ganado Vox? Los municipios en los que se ha alzado como primera fuerza"},"content":{"rendered":"<p class=\"paragraph\">Este domingo, <b>21 de diciembre<\/b>, Extremadura decide el nuevo rumbo de su Gobierno auton\u00f3mico en unas elecciones auton\u00f3micas anticipadas. La presidenta de la Junta, <b>Mar\u00eda Guardiola (PP)<\/b>, anunci\u00f3 la disoluci\u00f3n de la Asamblea el pasado mes de octubre tras constatar la imposibilidad de aprobar los Presupuestos regionales de cara a 2026 debido al<b> bloqueo parlamentario de Vox y del PSOE<\/b>. Con esta convocatoria, la candidata del PP busca reforzar su posici\u00f3n en la C\u00e1mara y lograr una mayor\u00eda suficiente que le permita garantizar la estabilidad institucional y sacar adelante su agenda de gobierno.<\/p>\n<p class=\"paragraph\">Sin embargo, el candidato de Vox, <b>\u00d3scar Fern\u00e1ndez Calle<\/b>, parece haber convencido al electorado y ha conseguido alzarse con la victoria en m\u00e1s de un municipio.<\/p>\n<p>\tElecciones en Extremadura<\/p>\n<p style=\"margin:0 0 10px;padding:0;font-family:'Flama',Arial, Helvetica, sans-serif;font-size: 18px;text-align: left;color:#030303;\">Toca sobre cada municipio para mostrar m\u00e1s informaci\u00f3n. Los colores indican el partido ganador, a m\u00e1s intensidad mayor diferencia con el segundo partido m\u00e1s votado<\/p>\n<p>\nM\u00e1s noticias de elecciones en Extremadura\n<\/p>\n<p class=\"paragraph\">Con casi el 100 % del voto escrutado, Vox se consolida como la tercera fuerza m\u00e1s votada y el 16,9 % de los votos, lo que se traduce en <b>11 esca\u00f1os, 6 m\u00e1s<\/b> que los que consigui\u00f3 en los comicios del 28 de mayo de 2023.<\/p>\n<p>Los municipios en los que gana Vox<\/p>\n<ul>\n<li><b>Guare\u00f1a<\/b>, Badajoz: Consigue el 31,7 % de los votos, seguido del PP, con el 30,53 %. <\/li>\n<li><b>Valdeca\u00f1as de Tajo<\/b>, C\u00e1ceres: Vox empata con el PP con el 38,7 % de los votos.<\/li>\n<li><b>Garv\u00edn<\/b>, C\u00e1ceres: Vox consigue el 45,45 % de los votos.<\/li>\n<li><b>Valdeh\u00fancar<\/b>, C\u00e1ceres: Vox se hace con el 43,47 % de los votos. <\/li>\n<li><b>Pueblonuevo de Miramontes<\/b>, C\u00e1ceres: Vox se hace con el 34,92 % de los votos, <\/li>\n<li><b>Ladrillar,<\/b> C\u00e1ceres: Vox se hace con el 39,53 % de los votos<\/li>\n<li><b>Talayuela<\/b>, C\u00e1ceres: Vox empata con el PP con el 37,24 % de los votos. <\/li>\n<li><b>Fresnedoso de Ibor<\/b>, C\u00e1ceres: Vox se hace con el 30,64 % de los votos. <\/li>\n<\/ul>\n<p>\nResultados por provincia\n<\/p>\n<p>\nResultados por ciudad<\/p>\n","protected":false},"excerpt":{"rendered":"Este domingo, 21 de diciembre, Extremadura decide el nuevo rumbo de su Gobierno auton\u00f3mico en unas elecciones auton\u00f3micas&hellip;\n","protected":false},"author":2,"featured_media":300847,"comment_status":"","ping_status":"","sticky":false,"template":"","format":"standard","meta":{"footnotes":""},"categories":[5],"tags":[17,18,25,24,13,14,11,19,20,9,10,15,16,23,12,21,22],"class_list":{"0":"post-300846","1":"post","2":"type-post","3":"status-publish","4":"format-standard","5":"has-post-thumbnail","7":"category-titulares","8":"tag-breaking-news","9":"tag-breakingnews","10":"tag-es","11":"tag-espana","12":"tag-featured-news","13":"tag-featurednews","14":"tag-headlines","15":"tag-latest-news","16":"tag-latestnews","17":"tag-news","18":"tag-noticias","19":"tag-noticias-destacadas","20":"tag-noticiasdestacadas","21":"tag-spain","22":"tag-titulares","23":"tag-ultimas-noticias","24":"tag-ultimasnoticias"},"share_on_mastodon":{"url":"https:\/\/pubeurope.com\/@es\/115761323911827255","error":""},"_links":{"self":[{"href":"https:\/\/www.europesays.com\/es\/wp-json\/wp\/v2\/posts\/300846","targetHints":{"allow":["GET"]}}],"collection":[{"href":"https:\/\/www.europesays.com\/es\/wp-json\/wp\/v2\/posts"}],"about":[{"href":"https:\/\/www.europesays.com\/es\/wp-json\/wp\/v2\/types\/post"}],"author":[{"embeddable":true,"href":"https:\/\/www.europesays.com\/es\/wp-json\/wp\/v2\/users\/2"}],"replies":[{"embeddable":true,"href":"https:\/\/www.europesays.com\/es\/wp-json\/wp\/v2\/comments?post=300846"}],"version-history":[{"count":0,"href":"https:\/\/www.europesays.com\/es\/wp-json\/wp\/v2\/posts\/300846\/revisions"}],"wp:featuredmedia":[{"embeddable":true,"href":"https:\/\/www.europesays.com\/es\/wp-json\/wp\/v2\/media\/300847"}],"wp:attachment":[{"href":"https:\/\/www.europesays.com\/es\/wp-json\/wp\/v2\/media?parent=300846"}],"wp:term":[{"taxonomy":"category","embeddable":true,"href":"https:\/\/www.europesays.com\/es\/wp-json\/wp\/v2\/categories?post=300846"},{"taxonomy":"post_tag","embeddable":true,"href":"https:\/\/www.europesays.com\/es\/wp-json\/wp\/v2\/tags?post=300846"}],"curies":[{"name":"wp","href":"https:\/\/api.w.org\/{rel}","templated":true}]}}