{"id":300854,"date":"2025-12-22T04:38:18","date_gmt":"2025-12-22T04:38:18","guid":{"rendered":"https:\/\/www.europesays.com\/es\/300854\/"},"modified":"2025-12-22T04:38:18","modified_gmt":"2025-12-22T04:38:18","slug":"el-nuevo-avance-de-one-piece-desvela-las-voces-internacionales-de-tony-tony-chopper-incluida-la-espanola","status":"publish","type":"post","link":"https:\/\/www.europesays.com\/es\/300854\/","title":{"rendered":"El nuevo avance de &#8216;One Piece&#8217; desvela las voces internacionales de Tony Tony Chopper, incluida la espa\u00f1ola"},"content":{"rendered":"<p>La segunda temporada de la serie en acci\u00f3n real de &#8216;<a href=\"https:\/\/www.ecartelera.com\/series\/one-piece-netflix\/\" data-mention-type=\"serie\" data-mention-id=\"2051\" rel=\"nofollow noopener\" target=\"_blank\">One Piece<\/a>&#8216; <strong>zarpa en 2026 y antes de acabar el presente a\u00f1o<\/strong>, Netflix ha lanzado un nuevo adelanto de los nuevos episodios centrado espec\u00edficamente en Tony Tony Chopper.<\/p>\n<p>Primeras im\u00e1genes &#8216;One Piece&#8217; Temporada 2<\/p>\n<p><video id=\"vid-35634\" class=\"video-js vjs-default-skin\" data-title=\"Primeras im\u00e1genes 'One Piece' Temporada 2\" poster=\"https:\/\/www.ecartelera.com\/images\/videos\/35600\/f35634.jpg\" controls=\"\" preload=\"auto\" width=\"640\" height=\"360\" playsinline=\"\" data-vtt=\"\/\/v1.ecartelera.com\/video\/35600\/35634_sprite.vtt\" data-stream=\"1\">El navegador no soporta el tag de v\u00eddeo.<\/video><\/p>\n<p>X<\/p>\n<p>Uno de los personajes favoritos del manga y el anime se incorpora a la segunda entrega de la adaptaci\u00f3n de Netflix para hacer las delicias de sus fans. Siguiendo la historia original, <strong>el adorable y peludito doctor con aspecto de reno antropomorfo se une oficialmente a la tripulaci\u00f3n de los Piratas de Sombrero de Paja, y Netflix<\/strong>, que conoce su tir\u00f3n como icono de la propiedad japonesa, lo ha puesto en el centro de la promoci\u00f3n.<\/p>\n<p>En un nuevo avance tras las c\u00e1maras, la plataforma de streaming ofrece nuevas im\u00e1genes del h\u00e9roe de Isla de Drum en la serie, pero <strong>la promo se centra en su voz, o mejor dicho, sus voces<\/strong>. En \u00e9l se muestra el proceso de doblaje global de la serie a m\u00faltiples idiomas, confirmando a las actrices (y alg\u00fan actor) que dar\u00e1n vida al personaje en diferentes pa\u00edses, incluida Espa\u00f1a.<\/p>\n<p>\t\t\t\t\t\t\t<img decoding=\"async\" loading=\"lazy\" src=\"https:\/\/www.europesays.com\/es\/wp-content\/uploads\/2025\/12\/227222_one-piece-ya-estan-aqui-las-primeras-imagenes-d.jpg\" alt=\"'One Piece': ya Tony Tony Chopper en el animeest\u00e1n aqu\u00ed las primeras im\u00e1genes de Chopper en la segunda temporada aunque no dejan ver demasiado\" width=\"1200\" height=\"750\"\/><\/p>\n<p>\t\t\t\t\t\tTony Tony Chopper en el anime (Toei Animation Inc.)<\/p>\n<p>Como ya se hab\u00eda anunciado previamente, la actriz que pone voz a Chopper en el live-action en ingl\u00e9s es Mikaela Hoover, quien ha trabajado en t\u00edtulos como &#8216;Floor&#8217; o &#8216;<a href=\"https:\/\/www.ecartelera.com\/peliculas\/guardianes-de-la-galaxia-3\/\" data-mention-type=\"pelicula\" data-mention-id=\"12696\" rel=\"nofollow noopener\" target=\"_blank\">Guardianes de la Galaxia Vol. 3<\/a>&#8216;. En Espa\u00f1a, Luis Vicente Ivars &#8216;Tente&#8217; ha sido el encargado de doblar al personaje en el anime, pero <strong>en su adaptaci\u00f3n en acci\u00f3n real, ser\u00e1 una mujer quien lo encarne, como en la mayor\u00eda de pa\u00edses: Elena Jim\u00e9nez<\/strong>.<\/p>\n<blockquote class=\"twitter-tweet\">\n<p lang=\"en\" dir=\"ltr\">Our journey continues, Straw Hats! \ud83d\ude06 The beloved Tony Tony Chopper comes to life with help from talent across the globe! \ud83e\udd8c\ud83c\udf6c Keep your eye on the horizon, ONE PIECE: INTO THE GRAND LINE arrives March 10th! \ud83c\udf05 <a href=\"https:\/\/t.co\/K4E1TPmcMb\" rel=\"nofollow\">pic.twitter.com\/K4E1TPmcMb<\/a><\/p>\n<p>\u2014 ONE PIECE(\u30ef\u30f3\u30d4\u30fc\u30b9) Netflix (@onepiecenetflix) <a href=\"https:\/\/twitter.com\/onepiecenetflix\/status\/2002665346394640419?ref_src=twsrc%5Etfw\" rel=\"nofollow noopener\" target=\"_blank\">December 21, 2025<\/a><\/p><\/blockquote>\n<p>A sus 29 a\u00f1os, Jim\u00e9nez tiene ya una larga trayectoria como actriz de doblaje, con personajes como Enid de &#8216;<a href=\"https:\/\/www.ecartelera.com\/series\/wednesday\/\" data-mention-type=\"serie\" data-mention-id=\"1738\" rel=\"nofollow noopener\" target=\"_blank\">Mi\u00e9rcoles<\/a>&#8216;, Poppy de &#8216;<a href=\"https:\/\/www.ecartelera.com\/peliculas\/gru-4-mi-villano-favorito\/\" data-mention-type=\"pelicula\" data-mention-id=\"18314\" rel=\"nofollow noopener\" target=\"_blank\">Gru 4. Mi villano favorito<\/a>&#8216;, Ahsoka Tano adolescente en &#8216;<a href=\"https:\/\/www.ecartelera.com\/series\/ahsoka\/\" data-mention-type=\"serie\" data-mention-id=\"1691\" rel=\"nofollow noopener\" target=\"_blank\">Ahsoka<\/a>&#8216; o Philipa Featherington de &#8216;<a href=\"https:\/\/www.ecartelera.com\/series\/bridgerton\/\" data-mention-type=\"serie\" data-mention-id=\"1466\" rel=\"nofollow noopener\" target=\"_blank\">Los Bridgerton<\/a>&#8216;, entre muchos otros. Su especialidad son los personajes infantiles y femeninos j\u00f3venes. M\u00e1s all\u00e1 del doblaje, <strong>Jim\u00e9nez interpret\u00f3 durante a\u00f1os a Leonor G\u00f3mez Sanabria en la telenovela &#8216;<a href=\"https:\/\/www.ecartelera.com\/series\/amar-es-para-siempre\/\" data-mention-type=\"serie\" data-mention-id=\"192\" rel=\"nofollow noopener\" target=\"_blank\">Amar es para siempre<\/a>&#8216;<\/strong>.<\/p>\n<p>A continuaci\u00f3n os dejamos con la <strong>lista completa de voces globales <\/strong>de Tony Tony Chopper, publicada por Netflix junto al v\u00eddeo promocional:<\/p>\n<ul>\n<li>Mikaela Hoover (Estados Unidos)<\/li>\n<li>Ikue Otani (Jap\u00f3n, voz original del anime)<\/li>\n<li>Mitchiko Tiongson (Filipinas)<\/li>\n<li>Meaghan Dendra\u00ebl (Francia)<\/li>\n<li>Martin Halm (Alemania)<\/li>\n<li>Valentina Favazza (Italia)<\/li>\n<li>Okjoo Jeong (Corea)<\/li>\n<li>Adibah Hakimah Abdul Kahar (Malasia)<\/li>\n<li>Agatha Paulita (Brasil)<\/li>\n<li>Nallely Sol\u00eds (M\u00e9xico, voz de doblaje original)<\/li>\n<li>Elena Jim\u00e9nez (Espa\u00f1a)<\/li>\n<li>Pimpida Pitaksonggram (Tailandia)<\/li>\n<li>Malv\u00edna Pachlov\u00e1 (Rep\u00fablica Checa)<\/li>\n<li>Mageshwari Dhanashekar (India, tamil)<\/li>\n<li>Besta Varada Honeyritha (India, t\u00e9lugu)<\/li>\n<li>Swapnil Kumari (India, hindi)<\/li>\n<li>Zhan Ya Jing (Taiw\u00e1n, mandar\u00edn)<\/li>\n<\/ul>\n<p>Rumbo a la Grand Line<\/p>\n<p>\u2018One Piece&#8217; regresa en 2026 con una nueva temporada que Netflix ha titulad oficialmente &#8216;One Piece: Rumbo a la Grand Line\u2019. Y todos sabemos lo que eso significa. La aventura pirata basada en la obra de Eiichir\u014d Oda navega hacia la extraordinaria <strong>Grand Line, una fabulosa franja de mar donde el peligro y el asombro aguardan a cada paso<\/strong>.<\/p>\n<p>\t\t\t\t\t\t\t<img decoding=\"async\" loading=\"lazy\" src=\"https:\/\/www.europesays.com\/es\/wp-content\/uploads\/2025\/12\/250193_el-nuevo-teaser-one-piece-desvela-las-voces-internacionales-de-tony-tony-chopper.jpg\" alt=\"El Monkey D. Luffy de carne y hueso\" width=\"1200\" height=\"751\"\/><\/p>\n<p>\t\t\t\t\t\tEl Monkey D. Luffy de carne y hueso (Netflix)<\/p>\n<p>En estos nuevos episodios, Luffy y Los Sombreros de Paja se topar\u00e1n con islas extra\u00f1as y con nuevos enemigos formidables mientras siguen su camino en busca de un m\u00edtico tesoro. En la traves\u00eda, los personajes har\u00e1n paradas en <strong>Loguetown, Reverse Mountain (Twin Capes), Whiskey Peak, Little Island y Drum Island<\/strong>, el lugar de origen de Tony Tony Chopper.<\/p>\n<p>Otros personajes m\u00edticos, como la doctora Kureha <a href=\"https:\/\/www.ecartelera.com\/personas\/katey-sagal\/\" data-mention-type=\"persona\" data-mention-id=\"12149\" rel=\"nofollow noopener\" target=\"_blank\">Katey Sagal<\/a>), Cocodrile (<a href=\"https:\/\/www.ecartelera.com\/personas\/joe-manganiello\/\" data-mention-type=\"persona\" data-mention-id=\"4393\" rel=\"nofollow noopener\" target=\"_blank\">Joe Manganiello<\/a>), Bon Clay (Cole Escola), Galdino (<a href=\"https:\/\/www.ecartelera.com\/personas\/david-dastmalchian\/\" data-mention-type=\"persona\" data-mention-id=\"9061\" rel=\"nofollow noopener\" target=\"_blank\">David Dastmalchian<\/a>) o Portgas D. Ace (<a href=\"https:\/\/www.ecartelera.com\/personas\/xolo-mariduena\/\" data-mention-type=\"persona\" data-mention-id=\"28330\" rel=\"nofollow noopener\" target=\"_blank\">Xolo Maridue\u00f1a<\/a>), aparecer\u00e1n en los nuevos episodios, que <strong>llegan a Netflix el 10 de marzo<\/strong>.<\/p>\n<p><script async src=\"https:\/\/platform.twitter.com\/widgets.js\" charset=\"utf-8\"><\/script><\/p>\n","protected":false},"excerpt":{"rendered":"La segunda temporada de la serie en acci\u00f3n real de &#8216;One Piece&#8216; zarpa en 2026 y antes de&hellip;\n","protected":false},"author":2,"featured_media":300855,"comment_status":"","ping_status":"","sticky":false,"template":"","format":"standard","meta":{"footnotes":""},"categories":[171],"tags":[1014,1015,1013,177,1011,146,147,25,24,782,1019,1016,753,1012,23,1017,214,1018],"class_list":{"0":"post-300854","1":"post","2":"type-post","3":"status-publish","4":"format-standard","5":"has-post-thumbnail","7":"category-tv","8":"tag-actores","9":"tag-actrices","10":"tag-cartelera","11":"tag-cine","12":"tag-ecartelera","13":"tag-entertainment","14":"tag-entretenimiento","15":"tag-es","16":"tag-espana","17":"tag-estrellas","18":"tag-fotogramas","19":"tag-fotos","20":"tag-peliculas","21":"tag-pelis","22":"tag-spain","23":"tag-trailers","24":"tag-tv","25":"tag-videos"},"share_on_mastodon":{"url":"https:\/\/pubeurope.com\/@es\/115761375445636974","error":""},"_links":{"self":[{"href":"https:\/\/www.europesays.com\/es\/wp-json\/wp\/v2\/posts\/300854","targetHints":{"allow":["GET"]}}],"collection":[{"href":"https:\/\/www.europesays.com\/es\/wp-json\/wp\/v2\/posts"}],"about":[{"href":"https:\/\/www.europesays.com\/es\/wp-json\/wp\/v2\/types\/post"}],"author":[{"embeddable":true,"href":"https:\/\/www.europesays.com\/es\/wp-json\/wp\/v2\/users\/2"}],"replies":[{"embeddable":true,"href":"https:\/\/www.europesays.com\/es\/wp-json\/wp\/v2\/comments?post=300854"}],"version-history":[{"count":0,"href":"https:\/\/www.europesays.com\/es\/wp-json\/wp\/v2\/posts\/300854\/revisions"}],"wp:featuredmedia":[{"embeddable":true,"href":"https:\/\/www.europesays.com\/es\/wp-json\/wp\/v2\/media\/300855"}],"wp:attachment":[{"href":"https:\/\/www.europesays.com\/es\/wp-json\/wp\/v2\/media?parent=300854"}],"wp:term":[{"taxonomy":"category","embeddable":true,"href":"https:\/\/www.europesays.com\/es\/wp-json\/wp\/v2\/categories?post=300854"},{"taxonomy":"post_tag","embeddable":true,"href":"https:\/\/www.europesays.com\/es\/wp-json\/wp\/v2\/tags?post=300854"}],"curies":[{"name":"wp","href":"https:\/\/api.w.org\/{rel}","templated":true}]}}