{"id":300864,"date":"2025-12-22T04:44:10","date_gmt":"2025-12-22T04:44:10","guid":{"rendered":"https:\/\/www.europesays.com\/es\/300864\/"},"modified":"2025-12-22T04:44:10","modified_gmt":"2025-12-22T04:44:10","slug":"vital-y-cdti-aportan-otros-72-millones-a-basquevolt-gananzia","status":"publish","type":"post","link":"https:\/\/www.europesays.com\/es\/300864\/","title":{"rendered":"Vital y CDTI aportan otros 7,2 millones a Basquevolt \u2013 Gananzia"},"content":{"rendered":"<p>Aunque Basquevolt cay\u00f3 en desgracia con la quiebra de Northvolt, el proyecto se mantiene activo y peri\u00f3dicamente requiere nuevas aportaciones econ\u00f3micas, dado que todav\u00eda no ha empezado a generar ingresos. La \u00faltima corresponde a dos socios ya existentes, CDTI y Vital Fundazioa, que han puesto otros 7,2 millones de euros en lo que se considera\u2026 <\/p>\n<p>Este contenido es solo para socios suscriptores de Gananzia.<br \/><a href=\"https:\/\/gananzia.com\/wp-login.php?action=register\" rel=\"nofollow noopener\" target=\"_blank\">Suscr\u00edbete<\/a><\/p>\n<p>\n\tRelacionado\n<\/p>\n<p>\t\t\t\t\t\t\t\t\tSobre el Autor<\/p>\n<p>\t\t\t\t\t\t\t\t\t\t<img loading=\"lazy\" alt=\"\" src=\"https:\/\/www.europesays.com\/es\/wp-content\/uploads\/2025\/12\/fa5bf65b5f73feae8931c71485b367bdccc4682295cfb5559b88bd6e3e2813ed\"  class=\"avatar avatar-100 photo\" height=\"100\" width=\"100\" decoding=\"async\"\/>\t\t\t\t\t\t\t\t\t\tJos\u00e9 A. del Moral<\/p>\n<p>Socio director de Alianzo, fundador de Startup 2.0 y business angel. Fue socio fundador de Ya.com. Ha coescrito dos libros sobre la Web 2.0. El Mundo lo incluye todos los a\u00f1os desde 2011 en la lista de los 25 espa\u00f1oles m\u00e1s influyentes en Internet.<\/p>\n","protected":false},"excerpt":{"rendered":"Aunque Basquevolt cay\u00f3 en desgracia con la quiebra de Northvolt, el proyecto se mantiene activo y peri\u00f3dicamente requiere&hellip;\n","protected":false},"author":2,"featured_media":300865,"comment_status":"","ping_status":"","sticky":false,"template":"","format":"standard","meta":{"footnotes":""},"categories":[81],"tags":[119,123,124,25,24,117,121,122,23,118,120],"class_list":{"0":"post-300864","1":"post","2":"type-post","3":"status-publish","4":"format-standard","5":"has-post-thumbnail","7":"category-ciencia-y-tecnologia","8":"tag-ciencia","9":"tag-ciencia-y-tecnologia","10":"tag-cienciaytecnologia","11":"tag-es","12":"tag-espana","13":"tag-science","14":"tag-science-and-technology","15":"tag-scienceandtechnology","16":"tag-spain","17":"tag-technology","18":"tag-tecnologia"},"share_on_mastodon":{"url":"https:\/\/pubeurope.com\/@es\/115761399264658484","error":""},"_links":{"self":[{"href":"https:\/\/www.europesays.com\/es\/wp-json\/wp\/v2\/posts\/300864","targetHints":{"allow":["GET"]}}],"collection":[{"href":"https:\/\/www.europesays.com\/es\/wp-json\/wp\/v2\/posts"}],"about":[{"href":"https:\/\/www.europesays.com\/es\/wp-json\/wp\/v2\/types\/post"}],"author":[{"embeddable":true,"href":"https:\/\/www.europesays.com\/es\/wp-json\/wp\/v2\/users\/2"}],"replies":[{"embeddable":true,"href":"https:\/\/www.europesays.com\/es\/wp-json\/wp\/v2\/comments?post=300864"}],"version-history":[{"count":0,"href":"https:\/\/www.europesays.com\/es\/wp-json\/wp\/v2\/posts\/300864\/revisions"}],"wp:featuredmedia":[{"embeddable":true,"href":"https:\/\/www.europesays.com\/es\/wp-json\/wp\/v2\/media\/300865"}],"wp:attachment":[{"href":"https:\/\/www.europesays.com\/es\/wp-json\/wp\/v2\/media?parent=300864"}],"wp:term":[{"taxonomy":"category","embeddable":true,"href":"https:\/\/www.europesays.com\/es\/wp-json\/wp\/v2\/categories?post=300864"},{"taxonomy":"post_tag","embeddable":true,"href":"https:\/\/www.europesays.com\/es\/wp-json\/wp\/v2\/tags?post=300864"}],"curies":[{"name":"wp","href":"https:\/\/api.w.org\/{rel}","templated":true}]}}