{"id":300869,"date":"2025-12-22T04:48:58","date_gmt":"2025-12-22T04:48:58","guid":{"rendered":"https:\/\/www.europesays.com\/es\/300869\/"},"modified":"2025-12-22T04:48:58","modified_gmt":"2025-12-22T04:48:58","slug":"el-ii-belen-viviente-de-guadiaro-se-celebra-con-exito","status":"publish","type":"post","link":"https:\/\/www.europesays.com\/es\/300869\/","title":{"rendered":"El II Bel\u00e9n Viviente de Guadiaro se celebra con \u00e9xito"},"content":{"rendered":"<p>La Hermandad del Santo Entierro y Dolorosa de Guadiaro, organizadora del segundo Bel\u00e9n Viviente en la barriada, debido a las previsiones de fuertes lluvias para el domingo, condens\u00f3 este s\u00e1bado todas las actividades del fin de semana. La concejal de la zona del Valle del Guadiaro, Eva Gil, y el teniente de alcalde \u00d3scar Ledesma, acompa\u00f1aron al representante de la Hermandad de Guadiaro, Javier Godino, en los actos.<\/p>\n<p>La edil agradeci\u00f3 a los organizadores por llevar a cabo por segundo a\u00f1o consecutivo este evento y anim\u00f3 a los vecinos a asistir tambi\u00e9n el a\u00f1o que viene.<\/p>\n<p>As\u00ed, en colaboraci\u00f3n con el Ayuntamiento de San Roque, la Parroquia de Nuestra Se\u00f1ora del Rosario de Guadiaro acogi\u00f3 la representaci\u00f3n de la Natividad del Se\u00f1or y numerosas actividades.<\/p>\n<p>La jornada comenz\u00f3 a mediod\u00eda con la llegada de los ni\u00f1os integrantes del bel\u00e9n, quienes m\u00e1s tarde recibieron a unos peque\u00f1os Reyes Magos. En el lugar hab\u00eda varios puestos de complementos, dulces, artesan\u00eda y embutidos. Posteriormente, hubo una paella popular para los asistentes.<\/p>\n<p>La convivencia continu\u00f3 tras las palabras de reflexi\u00f3n y esperanza del sacerdote de la zona del Valle del Guadiaro, Juan Ram\u00f3n Rouco, quien dio paso a una nevada de espuma que los ni\u00f1os disfrutaron. M\u00e1s tarde, la representaci\u00f3n adulta del misterio de la Navidad recibi\u00f3 a los Reyes Magos de Oriente y estos escucharon los deseos de los ni\u00f1os de Guadiaro.<\/p>\n<p>Finalmente, tras la Misa celebrada a las 19:00 horas, el Coro Rociero de San Roque clausur\u00f3 la jornada.<\/p>\n","protected":false},"excerpt":{"rendered":"La Hermandad del Santo Entierro y Dolorosa de Guadiaro, organizadora del segundo Bel\u00e9n Viviente en la barriada, debido&hellip;\n","protected":false},"author":2,"featured_media":300870,"comment_status":"","ping_status":"","sticky":false,"template":"","format":"standard","meta":{"footnotes":""},"categories":[8],"tags":[1250,17,18,2193,2191,25,24,13,14,2190,11,19,20,9,10,15,16,2186,2189,2185,2187,23,2192,12,2188,21,22],"class_list":{"0":"post-300869","1":"post","2":"type-post","3":"status-publish","4":"format-standard","5":"has-post-thumbnail","7":"category-espana","8":"tag-ayuntamiento","9":"tag-breaking-news","10":"tag-breakingnews","11":"tag-cadiz","12":"tag-campamento","13":"tag-es","14":"tag-espana","15":"tag-featured-news","16":"tag-featurednews","17":"tag-guadiaro","18":"tag-headlines","19":"tag-latest-news","20":"tag-latestnews","21":"tag-news","22":"tag-noticias","23":"tag-noticias-destacadas","24":"tag-noticiasdestacadas","25":"tag-roque","26":"tag-san-enrique","27":"tag-san-roque","28":"tag-soto-grande","29":"tag-spain","30":"tag-taraguilla","31":"tag-titulares","32":"tag-torreguadiaro","33":"tag-ultimas-noticias","34":"tag-ultimasnoticias"},"share_on_mastodon":{"url":"https:\/\/pubeurope.com\/@es\/115761418316544805","error":""},"_links":{"self":[{"href":"https:\/\/www.europesays.com\/es\/wp-json\/wp\/v2\/posts\/300869","targetHints":{"allow":["GET"]}}],"collection":[{"href":"https:\/\/www.europesays.com\/es\/wp-json\/wp\/v2\/posts"}],"about":[{"href":"https:\/\/www.europesays.com\/es\/wp-json\/wp\/v2\/types\/post"}],"author":[{"embeddable":true,"href":"https:\/\/www.europesays.com\/es\/wp-json\/wp\/v2\/users\/2"}],"replies":[{"embeddable":true,"href":"https:\/\/www.europesays.com\/es\/wp-json\/wp\/v2\/comments?post=300869"}],"version-history":[{"count":0,"href":"https:\/\/www.europesays.com\/es\/wp-json\/wp\/v2\/posts\/300869\/revisions"}],"wp:featuredmedia":[{"embeddable":true,"href":"https:\/\/www.europesays.com\/es\/wp-json\/wp\/v2\/media\/300870"}],"wp:attachment":[{"href":"https:\/\/www.europesays.com\/es\/wp-json\/wp\/v2\/media?parent=300869"}],"wp:term":[{"taxonomy":"category","embeddable":true,"href":"https:\/\/www.europesays.com\/es\/wp-json\/wp\/v2\/categories?post=300869"},{"taxonomy":"post_tag","embeddable":true,"href":"https:\/\/www.europesays.com\/es\/wp-json\/wp\/v2\/tags?post=300869"}],"curies":[{"name":"wp","href":"https:\/\/api.w.org\/{rel}","templated":true}]}}