{"id":300875,"date":"2025-12-22T05:00:17","date_gmt":"2025-12-22T05:00:17","guid":{"rendered":"https:\/\/www.europesays.com\/es\/300875\/"},"modified":"2025-12-22T05:00:17","modified_gmt":"2025-12-22T05:00:17","slug":"un-mal-tercer-cuarto-condena-al-tizona-frente-al-hla-alicante-72-85","status":"publish","type":"post","link":"https:\/\/www.europesays.com\/es\/300875\/","title":{"rendered":"Un mal tercer cuarto condena al Tizona frente al HLA Alicante (72-85)"},"content":{"rendered":"<p>El Tizona no pudo despedirse en este \u00faltimo partido de 2025 en el polideportivo El Plant\u00edo con victoria (72-85). El equipo burgal\u00e9s cerr\u00f3 un primer tiempo con bastante igualdad en el marcador, lleg\u00e1ndose por momentos a poner una distancia de 6 puntos por encima en el marcador en el segundo cuarto. Los buenos minutos antes y, sobre todo, despu\u00e9s del descanso del HLA Alicante permitieron darle la vuelta al marcador y colocarse por encima, con momentos de +12 en el marcador Los alicantinos, con un gran Larsen y Deng Geu, consiguieron mantener las distancias para terminar ganando con 13 puntos de diferencia.<\/p>\n<p><strong>Ficha t\u00e9cnica:<\/strong><\/p>\n<p><strong>Parciales: <\/strong>14-14, 21-23 (35-37), 15-25 (50-62), 22-23 (72-85).<\/p>\n<p><strong>Grupo Ureta Tizona Burgos: <\/strong>Marquis Jackson (6), Arnau Parrado (0), Ram\u00f3n Vil\u00e0 (12), Gerard Jofresa (9), Gabriel Gil (12) -cinco inicial- Felix Terins (6), Andy Huelves (2), Jan Zidek (8), Javonte Brown (3), Alberto Alonso (2), Gerard Jofresa (9), Ayoze Alonso (12).<\/p>\n<p><strong>HLA Alicante:<\/strong>\u00a0Kevin Larsen (19), Ismael Tamba (2), Tucker Richardson (5), Alejandro Jord\u00e1 (9), Mike Torres (11) -once inicial- Unai Mendicote (-), Sebastian Aris Ceccardi (2), Jean Marc Mwema (10), Boubacar Coulibaly (8), Jordan Walker (-), Deng Geu (19), Sergio Llorente (0).<\/p>\n<p><strong>Equipo arbitral: <\/strong>Hurtado Almansa, Juan Ram\u00f3n \u2013 Domingo Vilalta, Jordi \u2013 Berbeira Oria, Manuel.<\/p>\n<p><strong>Incidencias:<\/strong> Partido correspondiente a la jornada 13 de la Primera FEB entre el Grupo Ureta Tizona y el HLA Alicante. Encuentro celebrado en el polideportivo El Plant\u00edo ante 1592 espectadores.<\/p>\n","protected":false},"excerpt":{"rendered":"El Tizona no pudo despedirse en este \u00faltimo partido de 2025 en el polideportivo El Plant\u00edo con victoria&hellip;\n","protected":false},"author":2,"featured_media":300876,"comment_status":"","ping_status":"","sticky":false,"template":"","format":"standard","meta":{"footnotes":""},"categories":[269],"tags":[2206,299,298,29062,2770,168,25,24,23,167],"class_list":{"0":"post-300875","1":"post","2":"type-post","3":"status-publish","4":"format-standard","5":"has-post-thumbnail","7":"category-baloncesto","8":"tag-alicante","9":"tag-baloncesto","10":"tag-basketball","11":"tag-cb-tizona","12":"tag-complejo-deportivo-el-plantio","13":"tag-deportes","14":"tag-es","15":"tag-espana","16":"tag-spain","17":"tag-sports"},"share_on_mastodon":{"url":"https:\/\/pubeurope.com\/@es\/115761461687405021","error":""},"_links":{"self":[{"href":"https:\/\/www.europesays.com\/es\/wp-json\/wp\/v2\/posts\/300875","targetHints":{"allow":["GET"]}}],"collection":[{"href":"https:\/\/www.europesays.com\/es\/wp-json\/wp\/v2\/posts"}],"about":[{"href":"https:\/\/www.europesays.com\/es\/wp-json\/wp\/v2\/types\/post"}],"author":[{"embeddable":true,"href":"https:\/\/www.europesays.com\/es\/wp-json\/wp\/v2\/users\/2"}],"replies":[{"embeddable":true,"href":"https:\/\/www.europesays.com\/es\/wp-json\/wp\/v2\/comments?post=300875"}],"version-history":[{"count":0,"href":"https:\/\/www.europesays.com\/es\/wp-json\/wp\/v2\/posts\/300875\/revisions"}],"wp:featuredmedia":[{"embeddable":true,"href":"https:\/\/www.europesays.com\/es\/wp-json\/wp\/v2\/media\/300876"}],"wp:attachment":[{"href":"https:\/\/www.europesays.com\/es\/wp-json\/wp\/v2\/media?parent=300875"}],"wp:term":[{"taxonomy":"category","embeddable":true,"href":"https:\/\/www.europesays.com\/es\/wp-json\/wp\/v2\/categories?post=300875"},{"taxonomy":"post_tag","embeddable":true,"href":"https:\/\/www.europesays.com\/es\/wp-json\/wp\/v2\/tags?post=300875"}],"curies":[{"name":"wp","href":"https:\/\/api.w.org\/{rel}","templated":true}]}}