{"id":300890,"date":"2025-12-22T05:11:09","date_gmt":"2025-12-22T05:11:09","guid":{"rendered":"https:\/\/www.europesays.com\/es\/300890\/"},"modified":"2025-12-22T05:11:09","modified_gmt":"2025-12-22T05:11:09","slug":"el-hospital-general-de-valencia-participa-en-un-proyecto-europeo-para-tratar-arritmias-cardiacas-con-radioterapia","status":"publish","type":"post","link":"https:\/\/www.europesays.com\/es\/300890\/","title":{"rendered":"El Hospital General de Valencia participa en un proyecto europeo para tratar arritmias card\u00edacas con radioterapia"},"content":{"rendered":"<p>El Hospital General de Valencia forma parte de un proyecto europeo que investiga el uso innovador de la radioterapia estereot\u00e1ctica en el tratamiento de las arritmias card\u00edacas, concretamente de la taquicardia ventricular.<\/p>\n<p>Desde su incorporaci\u00f3n a este proyecto en 2021, el hospital ha llevado a cabo el tratamiento de pacientes con esta t\u00e9cnica, conocida como radioablaci\u00f3n estereot\u00e1ctica de arritmias, un procedimiento no invasivo que administra altas dosis de radiaci\u00f3n en el \u00e1rea afectada del coraz\u00f3n para controlar arritmias resistentes a tratamientos convencionales.<\/p>\n<p>Este procedimiento utiliza haces de radiaci\u00f3n para localizar y destruir con precisi\u00f3n los puntos de origen de la arritmia sin cirug\u00eda y su efecto, explorado en diferentes estudios precl\u00ednicos, ha demostrado la capacidad de reducir los episodios de arritmias en los pacientes con estas caracter\u00edsticas.<\/p>\n<p>La taquicardia ventricular es una alteraci\u00f3n del ritmo card\u00edaco que suele ser tratada mediante f\u00e1rmacos, ablaci\u00f3n con cat\u00e9ter y colocaci\u00f3n de desfribilador de cardioversi\u00f3n implantable que pretenden evitar los da\u00f1os irreversibles. Sin embargo, puede ser recurrente, lo que conlleva la necesidad de repetir sucesivas ablaciones invasivas o de dif\u00edcil abordaje.<\/p>\n<p>Tal y como ha explicado Piedad Almendros Blanco, facultativa del servicio de Oncolog\u00eda Radioter\u00e1pica, \u201clos resultados obtenidos con la radioterapia estereot\u00e1ctica en los pacientes tratados en nuestro centro son alentadores y apuntan a una mejor\u00eda cl\u00ednica significativa, adem\u00e1s de una notable reducci\u00f3n de los episodios arr\u00edtmicos, lo que contribuye a mejorar la calidad de vida de los pacientes\u201d.<\/p>\n<p>La jefa del Servicio de Oncolog\u00eda Radioter\u00e1pica, Carmen Garc\u00eda Mora, ha destacado que la incorporaci\u00f3n del Hospital General de Valencia al proyecto fue gracias al impulso y liderazgo de Aurelio Quesada, jefe de la Secci\u00f3n de Arritmias hasta su fallecimiento en noviembre de 2024. \u201cSu trayectoria profesional y su compromiso con la investigaci\u00f3n fueron determinantes para que el centro se sumara a esta iniciativa internacional. Su entusiasmo y visi\u00f3n hicieron posible que hoy formemos parte de un proyecto europeo de esta magnitud. Su legado sigue muy presente en nuestro trabajo diario\u201d, ha afirmado Garc\u00eda Mora.<\/p>\n<p>Adem\u00e1s, la participaci\u00f3n del centro valenciano es posible gracias a la colaboraci\u00f3n entre los servicios de Cardiolog\u00eda, Oncolog\u00eda Radioter\u00e1pica y Radiof\u00edsica y Protecci\u00f3n Radiol\u00f3gica, que cuentan con los requerimientos de este proyecto, la cualificaci\u00f3n y la experiencia de los profesionales, as\u00ed como con el equipamiento tecnol\u00f3gico puntero para aplicar esta t\u00e9cnica avanzada.<\/p>\n<p><strong>Proyecto STOPSTORM<\/strong><\/p>\n<p>El Hospital General de Valencia forma parte del proyecto europeo STOPSTORM, una iniciativa financiada por la Uni\u00f3n Europea dentro del programa Horizonte 2020.<\/p>\n<p>El proyecto STOPSTORM \u2014siglas de \u2018plataforma estandarizada de tratamiento y resultados de la terapia estereot\u00e1ctica de la taquicardia reentrante a trav\u00e9s de un consorcio multidisciplinar\u2019\u2014 re\u00fane a m\u00e1s de 30 organizaciones de 10 pa\u00edses europeos con el objetivo de recopilar y analizar datos cl\u00ednicos que permitan validar cl\u00ednicamente esta terapia.<\/p>\n<p>En Espa\u00f1a, solo tres hospitales p\u00fablicos participan en el estudio, el Hospital General de Valencia, el Hospital Cl\u00ednico San Carlos de Madrid y el Hospital del Mar de Barcelona.<\/p>\n","protected":false},"excerpt":{"rendered":"El Hospital General de Valencia forma parte de un proyecto europeo que investiga el uso innovador de la&hellip;\n","protected":false},"author":2,"featured_media":300891,"comment_status":"","ping_status":"","sticky":false,"template":"","format":"standard","meta":{"footnotes":""},"categories":[81],"tags":[119,123,124,25,24,117,121,122,23,118,120],"class_list":{"0":"post-300890","1":"post","2":"type-post","3":"status-publish","4":"format-standard","5":"has-post-thumbnail","7":"category-ciencia-y-tecnologia","8":"tag-ciencia","9":"tag-ciencia-y-tecnologia","10":"tag-cienciaytecnologia","11":"tag-es","12":"tag-espana","13":"tag-science","14":"tag-science-and-technology","15":"tag-scienceandtechnology","16":"tag-spain","17":"tag-technology","18":"tag-tecnologia"},"share_on_mastodon":{"url":"https:\/\/pubeurope.com\/@es\/115761505352614888","error":""},"_links":{"self":[{"href":"https:\/\/www.europesays.com\/es\/wp-json\/wp\/v2\/posts\/300890","targetHints":{"allow":["GET"]}}],"collection":[{"href":"https:\/\/www.europesays.com\/es\/wp-json\/wp\/v2\/posts"}],"about":[{"href":"https:\/\/www.europesays.com\/es\/wp-json\/wp\/v2\/types\/post"}],"author":[{"embeddable":true,"href":"https:\/\/www.europesays.com\/es\/wp-json\/wp\/v2\/users\/2"}],"replies":[{"embeddable":true,"href":"https:\/\/www.europesays.com\/es\/wp-json\/wp\/v2\/comments?post=300890"}],"version-history":[{"count":0,"href":"https:\/\/www.europesays.com\/es\/wp-json\/wp\/v2\/posts\/300890\/revisions"}],"wp:featuredmedia":[{"embeddable":true,"href":"https:\/\/www.europesays.com\/es\/wp-json\/wp\/v2\/media\/300891"}],"wp:attachment":[{"href":"https:\/\/www.europesays.com\/es\/wp-json\/wp\/v2\/media?parent=300890"}],"wp:term":[{"taxonomy":"category","embeddable":true,"href":"https:\/\/www.europesays.com\/es\/wp-json\/wp\/v2\/categories?post=300890"},{"taxonomy":"post_tag","embeddable":true,"href":"https:\/\/www.europesays.com\/es\/wp-json\/wp\/v2\/tags?post=300890"}],"curies":[{"name":"wp","href":"https:\/\/api.w.org\/{rel}","templated":true}]}}