{"id":300900,"date":"2025-12-22T05:20:10","date_gmt":"2025-12-22T05:20:10","guid":{"rendered":"https:\/\/www.europesays.com\/es\/300900\/"},"modified":"2025-12-22T05:20:10","modified_gmt":"2025-12-22T05:20:10","slug":"alvaro-el-hermano-mayor-que-iba-para-tenista-y-nunca-se-separa-de-carlos-alcaraz","status":"publish","type":"post","link":"https:\/\/www.europesays.com\/es\/300900\/","title":{"rendered":"\u00c1lvaro, el hermano mayor que iba para tenista y nunca se separa de Carlos Alcaraz"},"content":{"rendered":"<p> \u00c1lvaro Alcaraz Garfia (Murcia, 26 a\u00f1os) so\u00f1aba con ser tenista profesional. Como la mayor\u00eda de ni\u00f1os que quieren jugar un d\u00eda en la pista  &#8230; central de Roland Garros y Wimbledon, sus primeros recuerdos son con una raqueta en la mano. En su caso, aquello era adem\u00e1s lo m\u00e1s normal del mundo. Su padre y su abuelo hab\u00edan sido tenistas y le salieron los dientes jugando en las pistas del Club de Campo de El Palmar, el de su familia. Hubo un d\u00eda, eso s\u00ed, en el que se dio cuenta de que \u00e9l no ser\u00eda el Alcaraz que llegara a la \u00e9lite. Ser\u00eda otro. \u00ab<a href=\"https:\/\/www.laverdad.es\/carlos-alcaraz\/\" data-voc-vtm-id=\"in-text-traffic\" title=\"Carlos empez\u00f3 a ganarme\" data-mrf-link=\"www.laverdad.es\" rel=\"nofollow noopener\" target=\"_blank\">Carlos empez\u00f3 a ganarme<\/a>, siendo tres a\u00f1os y medio menor que yo. \u00c9l ten\u00eda 14 y yo 17 y me gan\u00f3 una final del torneo Postres Reina que se organizaba en nuestro club\u00bb, cont\u00f3 el propio \u00c1lvaro en una entrevista concedida a la agencia EFE hace tres a\u00f1os.<\/p>\n<p class=\"v-p\">\u00c1lvaro, el mayor de los cuatro hijos que tuvieron Carlos y Virginia, lleg\u00f3 a participar en Campeonatos de Espa\u00f1a y entre 2019 y 2020 disput\u00f3 varios torneos de categor\u00eda Futures y M25. Pero con 21 a\u00f1os tir\u00f3 la toalla y se centr\u00f3 en ayudar a su hermano y echar una mano en todo lo que fuera necesario en el centenario club de tenis que dirig\u00eda su padre y ahora preside su t\u00edo abuelo, Tom\u00e1s Gonz\u00e1lez. Como le sucedi\u00f3 a su padre, \u00c1lvaro no iba a poder alcanzar el circuito ATP. <\/p>\n<p class=\"v-p\">El tiempo pas\u00f3, <a href=\"https:\/\/www.laverdad.es\/carlos-alcaraz\/carlos-alcaraz-semanas-cima-tenis-hueco-historia-20251216004121-nt.html\" data-voc-vtm-id=\"in-text-traffic\" title=\"Carlos triunf\u00f3\" data-mrf-link=\"www.laverdad.es\" rel=\"nofollow noopener\" target=\"_blank\">Carlos triunf\u00f3<\/a> y ahora, tras la ruptura entre su hermano peque\u00f1o y <a href=\"https:\/\/www.laverdad.es\/carlos-alcaraz\/bombazo-mundo-tenis-carlos-alcaraz-juan-carlos-20251217131240-nt.html\" data-voc-vtm-id=\"in-text-traffic\" title=\"Juan Carlos Ferrero\" data-mrf-link=\"www.laverdad.es\" rel=\"nofollow noopener\" target=\"_blank\">Juan Carlos Ferrero<\/a>, su entrenador desde 2018, parece que \u00c1lvaro Alcaraz va a coger m\u00e1s protagonismo en el equipo de trabajo del n\u00famero uno del mundo. Hasta el mes pasado, su rol se limitaba al de &#8216;sparring&#8217; ocasional de su hermano y acompa\u00f1ante en cada uno de sus viajes por el mundo de Carlitos, fuera en torneos, exhibiciones o simplemente actos protocolarios o d\u00edas de vacaciones. <\/p>\n<p>\n\u00c1lvaro est\u00e1 adoptando un rol de segundo t\u00e9cnico en las sesiones de trabajo que se est\u00e1n llevando a cabo estos d\u00edas en El Palmar\n<\/p>\n<p class=\"v-p\">\u00abTras la gira americana de 2022 entr\u00e9 al 100% en el equipo. Mi presencia es fundamentalmente como apoyo familiar y para hacer que \u00e9l se sienta c\u00f3modo, como si estuviera en casa cuando se encuentre lejos y como hermano mayor suyo que soy creo que le puedo ayudar y sumar tambi\u00e9n en el plano personal\u00bb, explicaba el propio \u00c1lvaro en la citada entrevista. <\/p>\n<p>Un paso adelante<\/p>\n<p class=\"v-p\">\u00c9l nunca se meti\u00f3 en la parcela t\u00e9cnica, aunque tiene unos conocimientos de tenis elevados. Tanto el padre como el hermano mayor del ganador de 6 Grand Slam siempre tuvieron claro que todo lo que estuviera relacionado con el tenis hab\u00eda que dejarlo en manos de Ferrero. Y eso es lo que han hecho en todos estos a\u00f1os.<\/p>\n<p class=\"v-p\">Estos \u00faltimos d\u00edas, sin embargo, se ha visto al hermano mayor de Carlos Alcaraz muy cerca de <a href=\"https:\/\/www.laverdad.es\/carlos-alcaraz\/samuel-lopez-tecnico-carlos-alcaraz-anos-experiencia-20251218122117-nt.html\" data-voc-vtm-id=\"in-text-traffic\" title=\"Samu L\u00f3pez\" data-mrf-link=\"www.laverdad.es\" rel=\"nofollow noopener\" target=\"_blank\">Samu L\u00f3pez<\/a>, nuevo entrenador del tenista murciano, adoptando un rol de ayudante en las sesiones de entrenamiento que se est\u00e1n llevando a cabo en El Palmar.<\/p>\n<p class=\"v-p\">No est\u00e1 confirmado que Samu L\u00f3pez vaya a ser el &#8216;head coach&#8217; del n\u00famero uno del mundo durante todo 2026, aunque s\u00ed ejercer\u00e1 esa funci\u00f3n en el Open de Australia que arrancar\u00e1 el pr\u00f3ximo 18 de enero en Melbourne. A juzgar por la din\u00e1mica de trabajo en esta pretemporada, \u00c1lvaro Alcaraz tendr\u00e1 m\u00e1s peso en el equipo. Hermano, confidente, compa\u00f1ero de litera y hombro en el que apoyarse siempre, para Carlos es innegociable tener cerca a \u00c1lvaro.<\/p>\n","protected":false},"excerpt":{"rendered":"\u00c1lvaro Alcaraz Garfia (Murcia, 26 a\u00f1os) so\u00f1aba con ser tenista profesional. Como la mayor\u00eda de ni\u00f1os que quieren&hellip;\n","protected":false},"author":2,"featured_media":300901,"comment_status":"","ping_status":"","sticky":false,"template":"","format":"standard","meta":{"footnotes":""},"categories":[274],"tags":[4736,2607,415,168,25,24,37,17576,31,1050,43942,23,167,327,6811,326],"class_list":{"0":"post-300900","1":"post","2":"type-post","3":"status-publish","4":"format-standard","5":"has-post-thumbnail","7":"category-tenis","8":"tag-alcaraz","9":"tag-alvaro","10":"tag-carlos","11":"tag-deportes","12":"tag-es","13":"tag-espana","14":"tag-hermano","15":"tag-iba","16":"tag-mayor","17":"tag-nunca","18":"tag-separa","19":"tag-spain","20":"tag-sports","21":"tag-tenis","22":"tag-tenista","23":"tag-tennis"},"share_on_mastodon":{"url":"https:\/\/pubeurope.com\/@es\/115761540193041725","error":""},"_links":{"self":[{"href":"https:\/\/www.europesays.com\/es\/wp-json\/wp\/v2\/posts\/300900","targetHints":{"allow":["GET"]}}],"collection":[{"href":"https:\/\/www.europesays.com\/es\/wp-json\/wp\/v2\/posts"}],"about":[{"href":"https:\/\/www.europesays.com\/es\/wp-json\/wp\/v2\/types\/post"}],"author":[{"embeddable":true,"href":"https:\/\/www.europesays.com\/es\/wp-json\/wp\/v2\/users\/2"}],"replies":[{"embeddable":true,"href":"https:\/\/www.europesays.com\/es\/wp-json\/wp\/v2\/comments?post=300900"}],"version-history":[{"count":0,"href":"https:\/\/www.europesays.com\/es\/wp-json\/wp\/v2\/posts\/300900\/revisions"}],"wp:featuredmedia":[{"embeddable":true,"href":"https:\/\/www.europesays.com\/es\/wp-json\/wp\/v2\/media\/300901"}],"wp:attachment":[{"href":"https:\/\/www.europesays.com\/es\/wp-json\/wp\/v2\/media?parent=300900"}],"wp:term":[{"taxonomy":"category","embeddable":true,"href":"https:\/\/www.europesays.com\/es\/wp-json\/wp\/v2\/categories?post=300900"},{"taxonomy":"post_tag","embeddable":true,"href":"https:\/\/www.europesays.com\/es\/wp-json\/wp\/v2\/tags?post=300900"}],"curies":[{"name":"wp","href":"https:\/\/api.w.org\/{rel}","templated":true}]}}