{"id":300904,"date":"2025-12-22T05:24:13","date_gmt":"2025-12-22T05:24:13","guid":{"rendered":"https:\/\/www.europesays.com\/es\/300904\/"},"modified":"2025-12-22T05:24:13","modified_gmt":"2025-12-22T05:24:13","slug":"asi-le-hemos-contado-en-directo-el-cadiz-cf-castellon","status":"publish","type":"post","link":"https:\/\/www.europesays.com\/es\/300904\/","title":{"rendered":"As\u00ed le hemos contado en directo el C\u00e1diz CF-Castell\u00f3n"},"content":{"rendered":"<p class=\"paragraph-atom&#10;        &#10;        B-510-400-550-N B-525-400-700-N--md&#10;        &#10;        \">\n    <a href=\"https:\/\/www.diariodecadiz.es\/cadizcf\/cadiz-cf-tine-navidad-amarillo_0_2005499259.html\" rel=\"nofollow noopener\" target=\"_blank\">El C\u00e1diz CF cierra el a\u00f1o 2025 con una victoria de prestigio<\/a> que le mete de lleno en la pelea por el ascenso a LaLiga EA Sports.<strong> Un doblete de Dawda Camara, con doblete tambi\u00e9n de asistencias de \u00c1lvaro Garc\u00eda Pascual, dio la victoria a los de Gaizka Garitano <\/strong>frente a un buen Castell\u00f3n, que tuvo un buen n\u00famero de ocasiones para llevarse un buen bot\u00edn del Nuevo Mirandilla.\n    <\/p>\n<p class=\"paragraph-atom&#10;        &#10;        B-510-400-550-N B-525-400-700-N--md&#10;        &#10;        \">\n    De hecho, todo cambi\u00f3 cuando mejor estaba el equipo castellonense. <strong>Fue en el 58&#8242; cuando el colegiado anul\u00f3 un gol del Castell\u00f3n <\/strong>por una mano de Camara dentro del \u00e1rea antes de cederle el bal\u00f3n a Lucas Alc\u00e1zar.\n    <\/p>\n<p class=\"paragraph-atom&#10;        &#10;        B-510-400-550-N B-525-400-700-N--md&#10;        &#10;        \">\n    <strong>Dawda Camara adelant\u00f3 al C\u00e1diz en el 68&#8242; <\/strong>al aprovechar una buena asistencia de \u00c1lvaro Garc\u00eda Pascual tras una contra en la que se deshizo de cinco defensas. <strong>La sentencia lleg\u00f3 en el 82&#8242;<\/strong> con un gran pase en largo de \u00c1lvaro Garc\u00eda Pascual que permiti\u00f3 Camara plantarse solo ante Matthys.\n    <\/p>\n<p class=\"paragraph-atom&#10;        &#10;        B-510-400-550-N B-525-400-700-N--md&#10;        &#10;        \">\n    Con todo, el C\u00e1diz se va de vacaciones <strong>en sexta posici\u00f3n con 30 puntos.<\/strong>\n    <\/p>\n<p class=\"title-text-atom   &#10;    &#10;    &#10;    &#10;    \">\n    Temas relacionados\n    <\/p>\n","protected":false},"excerpt":{"rendered":"El C\u00e1diz CF cierra el a\u00f1o 2025 con una victoria de prestigio que le mete de lleno en&hellip;\n","protected":false},"author":2,"featured_media":300905,"comment_status":"","ping_status":"","sticky":false,"template":"","format":"standard","meta":{"footnotes":""},"categories":[268],"tags":[2193,3965,13103,168,2125,25,24,280,282,14499,281,23,167],"class_list":{"0":"post-300904","1":"post","2":"type-post","3":"status-publish","4":"format-standard","5":"has-post-thumbnail","7":"category-futbol","8":"tag-cadiz","9":"tag-castellon","10":"tag-cf","11":"tag-deportes","12":"tag-directo","13":"tag-es","14":"tag-espana","15":"tag-football","16":"tag-futbol","17":"tag-minuto","18":"tag-soccer","19":"tag-spain","20":"tag-sports"},"share_on_mastodon":{"url":"https:\/\/pubeurope.com\/@es\/115761556224771138","error":""},"_links":{"self":[{"href":"https:\/\/www.europesays.com\/es\/wp-json\/wp\/v2\/posts\/300904","targetHints":{"allow":["GET"]}}],"collection":[{"href":"https:\/\/www.europesays.com\/es\/wp-json\/wp\/v2\/posts"}],"about":[{"href":"https:\/\/www.europesays.com\/es\/wp-json\/wp\/v2\/types\/post"}],"author":[{"embeddable":true,"href":"https:\/\/www.europesays.com\/es\/wp-json\/wp\/v2\/users\/2"}],"replies":[{"embeddable":true,"href":"https:\/\/www.europesays.com\/es\/wp-json\/wp\/v2\/comments?post=300904"}],"version-history":[{"count":0,"href":"https:\/\/www.europesays.com\/es\/wp-json\/wp\/v2\/posts\/300904\/revisions"}],"wp:featuredmedia":[{"embeddable":true,"href":"https:\/\/www.europesays.com\/es\/wp-json\/wp\/v2\/media\/300905"}],"wp:attachment":[{"href":"https:\/\/www.europesays.com\/es\/wp-json\/wp\/v2\/media?parent=300904"}],"wp:term":[{"taxonomy":"category","embeddable":true,"href":"https:\/\/www.europesays.com\/es\/wp-json\/wp\/v2\/categories?post=300904"},{"taxonomy":"post_tag","embeddable":true,"href":"https:\/\/www.europesays.com\/es\/wp-json\/wp\/v2\/tags?post=300904"}],"curies":[{"name":"wp","href":"https:\/\/api.w.org\/{rel}","templated":true}]}}