{"id":300906,"date":"2025-12-22T05:25:10","date_gmt":"2025-12-22T05:25:10","guid":{"rendered":"https:\/\/www.europesays.com\/es\/300906\/"},"modified":"2025-12-22T05:25:10","modified_gmt":"2025-12-22T05:25:10","slug":"actriz-cubana-maikel-amelia-exhorta-a-vivir-con-mas-amor-en-medio-del-caos-sistemico-que-ahoga-a-cuba","status":"publish","type":"post","link":"https:\/\/www.europesays.com\/es\/300906\/","title":{"rendered":"Actriz cubana Maikel Amelia exhorta a \u201cvivir con m\u00e1s amor en medio del caos\u201d sist\u00e9mico que ahoga a Cuba"},"content":{"rendered":"<p>La actriz cubana <a href=\"https:\/\/www.cibercuba.com\/noticias\/2024-08-08-u198484-e198484-s27065-nid286533-actriz-cubana-maikel-amelia-vuelve-isla-tras\" rel=\"nofollow noopener\" target=\"_blank\"><strong>Maikel Amelia Reyes<\/strong><\/a> public\u00f3 un extenso mensaje en redes sociales que, en menos de un d\u00eda, acumul\u00f3 decenas de miles de reacciones al llamar a \u201cvivir con m\u00e1s amor\u201d en medio de las m\u00faltiples crisis en las cuales se encuentra hundida Cuba.<\/p>\n<p>En su publicaci\u00f3n compartida este s\u00e1bado en su perfil de <a href=\"https:\/\/www.facebook.com\/share\/p\/1BwdAjeUSY\/\" rel=\"nofollow noopener\" target=\"_blank\">Facebook<\/a>, la actriz reconoce que Cuba vive tiempos \u201cdificil\u00edsimos\u201d, atravesados por carencias materiales, apagones, enfermedades y la fragmentaci\u00f3n familiar causada por la emigraci\u00f3n, pero insiste en que incluso en ese contexto cada persona conserva la capacidad de elegir c\u00f3mo enfrentar la realidad.<\/p>\n<p>Captura de Facebook\/Maikel Amelia<\/p>\n<p>Reyes relata el dolor de la distancia con su madre, su hermano y otros familiares, as\u00ed como la imposibilidad econ\u00f3mica de reunirse con ellos con frecuencia.<\/p>\n<p>Aun as\u00ed, afirma que se obliga a optar por la gratitud y la plenitud, convencida de que asumir la responsabilidad personal permite dejar de culpar a otros por la propia desgracia.<\/p>\n<p>El texto defiende la idea de que la miseria material ha ido acompa\u00f1ada de una degradaci\u00f3n espiritual y emocional, visible \u2014seg\u00fan la actriz\u2014 en el aumento del odio, la envidia y la agresividad social.<\/p>\n<p>Captura de Facebook\/Maikel Amelia<\/p>\n<p>\u201cExtra\u00f1o ver a la gente amable entre s\u00ed, los olores a carb\u00f3n mezclado con asados, extra\u00f1o el desearnos bien unos a otros sin que medie la ruindad y la miseria de esp\u00edritu y mente que trae la miseria material y la inconsciencia de creer no podemos elegir\u201d, escribi\u00f3.<\/p>\n<p>Por eso, agreg\u00f3, \u201csi en vez de odiar, envidiar y criticar tanto bendij\u00e9ramos m\u00e1s, nos ayud\u00e1ramos m\u00e1s, nos alegr\u00e1ramos m\u00e1s del bien de nuestro vecino o compa\u00f1ero entonces ser\u00edamos m\u00e1s abundantes en todo sentido positivo y vibrar\u00edamos desde el amor y la gratitud\u201d.<\/p>\n<p>En uno de los pasajes m\u00e1s comentados, Reyes sostuvo que no existe igualdad en ning\u00fan pa\u00eds ni sistema social, pero s\u00ed la posibilidad de tratarnos con respeto, amor y gentileza, porque \u201cel hecho de que t\u00fa tengas mejor econom\u00eda que yo, no me resta a m\u00ed\u2026 mientras m\u00e1s tengan los que te rodean, m\u00e1s tendr\u00e1s t\u00fa\u201d.<\/p>\n<p>Captura de Facebook\/Desmintiendo al NTV de Cuba<\/p>\n<p>A prop\u00f3sito del nuevo a\u00f1o, dese\u00f3 que el 2026 \u201cnos permita discernir y comprender que tenemos el poder de cambiar al menos nuestro metro cuadrado y que tenemos la capacidad de elegir vivir con m\u00e1s amor en medio del caos y as\u00ed llegan m\u00e1s milagros a nuestra vida, m\u00e1s oportunidades y m\u00e1s abundancia de lo bueno\u201d.<\/p>\n<p>El mensaje, cerrado con referencias religiosas y un deseo de renovaci\u00f3n mental y emocional para los venideros 12 meses, ha generado reacciones encontradas.<\/p>\n<p>Reacciones<\/p>\n<p>Cientos de usuarios agradecieron el llamado a la fe y a la resiliencia, si bien otros recordaron la responsabilidad del poder pol\u00edtico en una crisis marcada por el colapso de los servicios b\u00e1sicos, la falta de expectativas y un futuro cada vez m\u00e1s incierto para millones de cubanos.<\/p>\n<p>Captura de Facebook\/Desmintiendo al NTV de Cuba<\/p>\n<p>En este sentido se\u00f1alaron que mientras en Cuba exista un sistema controlado por el Partido Comunista el ciudadano cubano no tendr\u00e1 libertad de elegir ni su propio destino.<\/p>\n<p>Al respecto, en el grupo de <a href=\"https:\/\/www.facebook.com\/share\/p\/17iZvsQMgd\/\" rel=\"nofollow noopener\" target=\"_blank\">Facebook<\/a> Desmintiendo al NTV de Cuba, el usuario Ghostman Barcel\u00f3 public\u00f3 un extenso texto en el que cuestiona frontalmente el enfoque del mensaje y lo asocia al discurso oficial que, seg\u00fan afirma, desplaza la responsabilidad pol\u00edtica hacia el individuo.<\/p>\n<p>Barcel\u00f3 lleg\u00f3 a identificar a la actriz con su personaje de Luc\u00eda, de la serie policial Tras la huella, sugiriendo que su reflexi\u00f3n reproduce la l\u00f3gica moral del aparato represivo.<\/p>\n<p>En su respuesta, el usuario rechaz\u00f3 la idea de que la crisis cubana pueda resolverse mediante un cambio de actitud personal o una \u201cmirada espiritual\u201d sobre la realidad.<\/p>\n<p>Sostuvo que pedir gratitud, calma o amor en un contexto de escasez, miedo y represi\u00f3n equivale a exigir resignaci\u00f3n, y afirma que la capacidad de elegir no es un acto m\u00edstico sino un privilegio material del que millones de cubanos carecen.<\/p>\n<p>A su juicio, presentar la miseria como un problema emocional o de \u201cvibraci\u00f3n\u201d constituye una forma elegante de culpabilizar a las v\u00edctimas.<\/p>\n<p>El texto recurre reiteradamente a citas de Jos\u00e9 Mart\u00ed para contraponer la noci\u00f3n de justicia a la de caridad emocional, y acusa este tipo de discursos de encubrir la desigualdad estructural y el privilegio asociado al poder.<\/p>\n<p>Barcel\u00f3 concluy\u00f3 que la indignaci\u00f3n y la cr\u00edtica no son odio ni envidia, sino expresiones de dignidad, y que amar a Cuba no implica aceptar el colapso con serenidad, sino se\u00f1alar a los responsables y exigir cambios reales, aunque ello incomode.<\/p>\n<p>La popular actriz <a href=\"https:\/\/www.cibercuba.com\/noticias\/2025-12-02-u1-e199370-s27065-nid315878-actriz-maikel-amelia-recupera-chikungunya-esta\" rel=\"nofollow noopener\" target=\"_blank\"><strong>se recupera a\u00fan del chikungunya<\/strong><\/a>, pero asegura que no ha dejado de trabajar pese a los fuertes dolores que causa la enfermedad.<\/p>\n","protected":false},"excerpt":{"rendered":"La actriz cubana Maikel Amelia Reyes public\u00f3 un extenso mensaje en redes sociales que, en menos de un&hellip;\n","protected":false},"author":2,"featured_media":300907,"comment_status":"","ping_status":"","sticky":false,"template":"","format":"standard","meta":{"footnotes":""},"categories":[174],"tags":[55315,255,4361,56661,66369,146,147,25,62390,24,142,256,4360,23],"class_list":{"0":"post-300906","1":"post","2":"type-post","3":"status-publish","4":"format-standard","5":"has-post-thumbnail","7":"category-famosos","8":"tag-actriz-cubana","9":"tag-celebrities","10":"tag-crisis-economica-en-cuba","11":"tag-crisis-energetica","12":"tag-emigracion-cubana","13":"tag-entertainment","14":"tag-entretenimiento","15":"tag-es","16":"tag-escasez-en-cuba","17":"tag-espana","18":"tag-facebook","19":"tag-famosos","20":"tag-noticias-de-cuba","21":"tag-spain"},"share_on_mastodon":{"url":"https:\/\/pubeurope.com\/@es\/115761559855775870","error":""},"_links":{"self":[{"href":"https:\/\/www.europesays.com\/es\/wp-json\/wp\/v2\/posts\/300906","targetHints":{"allow":["GET"]}}],"collection":[{"href":"https:\/\/www.europesays.com\/es\/wp-json\/wp\/v2\/posts"}],"about":[{"href":"https:\/\/www.europesays.com\/es\/wp-json\/wp\/v2\/types\/post"}],"author":[{"embeddable":true,"href":"https:\/\/www.europesays.com\/es\/wp-json\/wp\/v2\/users\/2"}],"replies":[{"embeddable":true,"href":"https:\/\/www.europesays.com\/es\/wp-json\/wp\/v2\/comments?post=300906"}],"version-history":[{"count":0,"href":"https:\/\/www.europesays.com\/es\/wp-json\/wp\/v2\/posts\/300906\/revisions"}],"wp:featuredmedia":[{"embeddable":true,"href":"https:\/\/www.europesays.com\/es\/wp-json\/wp\/v2\/media\/300907"}],"wp:attachment":[{"href":"https:\/\/www.europesays.com\/es\/wp-json\/wp\/v2\/media?parent=300906"}],"wp:term":[{"taxonomy":"category","embeddable":true,"href":"https:\/\/www.europesays.com\/es\/wp-json\/wp\/v2\/categories?post=300906"},{"taxonomy":"post_tag","embeddable":true,"href":"https:\/\/www.europesays.com\/es\/wp-json\/wp\/v2\/tags?post=300906"}],"curies":[{"name":"wp","href":"https:\/\/api.w.org\/{rel}","templated":true}]}}