{"id":300908,"date":"2025-12-22T05:28:15","date_gmt":"2025-12-22T05:28:15","guid":{"rendered":"https:\/\/www.europesays.com\/es\/300908\/"},"modified":"2025-12-22T05:28:15","modified_gmt":"2025-12-22T05:28:15","slug":"marc-giro-si-la-fama-me-hubiera-pillado-mas-joven-quiza-estaria-cocainomano-perdido-icon","status":"publish","type":"post","link":"https:\/\/www.europesays.com\/es\/300908\/","title":{"rendered":"Marc Gir\u00f3: \u201cSi la fama me hubiera pillado m\u00e1s joven, quiz\u00e1 estar\u00eda cocain\u00f3mano perdido\u201d | ICON"},"content":{"rendered":"<p class=\"\">El pasado septiembre, cuando se estren\u00f3 la actual temporada de Late Xou con Marc Gir\u00f3 en RTVE, <a href=\"https:\/\/elpais.com\/smoda\/famosos\/2024-01-21\/marc-giro-la-unica-manera-de-vivir-bien-es-ser-de-izquierdas-y-lo-digo-como-una-invitacion.html\" target=\"_blank\" rel=\"noreferrer nofollow noopener\" title=\"https:\/\/elpais.com\/smoda\/famosos\/2024-01-21\/marc-giro-la-unica-manera-de-vivir-bien-es-ser-de-izquierdas-y-lo-digo-como-una-invitacion.html\">Marc Gir\u00f3 <\/a>(Barcelona, 51 a\u00f1os) sali\u00f3 al escenario para recrear el n\u00famero musical m\u00e1s famoso del teatro espa\u00f1ol: Gracias por venir, la canci\u00f3n con que Lina Morgan acababa sus espect\u00e1culos de revista. \u201cQuer\u00edamos emular aquella televisi\u00f3n de Noche de Fiesta\u201d, explica el periodista, que ejerci\u00f3 como vedette de la canci\u00f3n antes de sentarse a entrevistar a los primeros invitados de la noche. \u201cEs una declaraci\u00f3n de intenciones porque queremos espect\u00e1culo, brillo. Y reivindicar la pluma, claro\u201d. <\/p>\n<p class=\"\"><b>Parece que han encontrado una f\u00f3rmula que funciona. <\/b>Yo lo que espero es quedarme como estoy. El programa est\u00e1 funcionando y no hay que ponerse nervioso. Hoy en d\u00eda tenemos much\u00edsimos est\u00edmulos para cambiar de pareja, de perro, de hijos, de casa, de ciudad. Y yo estoy a favor de la b\u00fasqueda constante de la novedad en la ciencia, por ejemplo, en los cient\u00edficos que estudian el Alzh\u00e9imer, la vacuna del sida o el cambio clim\u00e1tico. Pero para la gente ordinaria como nosotros, si algo funciona, para qu\u00e9 cambiar.<\/p>\n<p class=\"\"><b>Late Xou con Marc Gir\u00f3 <\/b><b>naci\u00f3 en la desconexi\u00f3n territorial de La 2 y pas\u00f3 por RTVE Play antes de volver a lo grande los martes, despu\u00e9s de <\/b><b>La Revuelta<\/b><b>. Esta temporada est\u00e1 haciendo m\u00e1ximos hist\u00f3ricos. \u00bfC\u00f3mo ha vivido este ascenso?<\/b> Con much\u00edsima tranquilidad. Tengo 51 a\u00f1os y s\u00e9 que las cosas escalan, pero tambi\u00e9n pueden desescalar. Y lo que hay que hacer es mantenerse. Yo estoy a favor del mantenimiento. Soy conservador, como los conservadores de Do\u00f1ana o del Museo del Prado. As\u00ed que tranquilidad. Admiro mucho a <a href=\"https:\/\/elpais.com\/cultura\/2025-03-16\/amaia-reinventa-el-concepto-de-estrella-pop-la-historia-de-un-encantamiento.html\" target=\"_blank\" rel=\"noreferrer nofollow noopener\" title=\"https:\/\/elpais.com\/cultura\/2025-03-16\/amaia-reinventa-el-concepto-de-estrella-pop-la-historia-de-un-encantamiento.html\">Amaia<\/a>, tan joven y con la cabeza tan bien amueblada, tan tranquila, es decir, tan poco gilipollas. Si esto me hubiera pillado m\u00e1s joven, quiz\u00e1 estar\u00eda cocain\u00f3mano perdido. Pero ya estoy de capa ca\u00edda y eso es buen\u00edsimo para m\u00ed. <\/p>\n<p><img decoding=\"auto\" class=\"_re lazyload a_m-v\" height=\"623\"  width=\"414\"  src=\"https:\/\/www.europesays.com\/es\/wp-content\/uploads\/2025\/12\/72MX2Z23GFBI7P6ODEL7BXLNVM.jpg\" loading=\"lazy\"\/>Marc Gir\u00f3 viste traje de DOLCE&amp;GABBANA. Las gafas son DR. FOCUS &amp; CO.Adri\u00e0 Ca\u00f1ameras<\/p>\n<p class=\"\"><b>\u00bfHay que relativizar el \u00e9xito?<\/b> El \u00e9xito individual da tranquilidad, pero lo que m\u00e1s tranquiliza es el \u00e9xito colectivo. Es algo que se aprende con los a\u00f1os. Cuando yo trabajaba en la revista Marie Claire, cerr\u00f3 la edici\u00f3n alemana, y alguien en redacci\u00f3n dijo: \u2018\u00a1Que se jodan!\u2019. Y le ech\u00e9 una bronca descomunal, porque todos necesitamos que a nuestros iguales les vaya bien. Yo quiero que le vaya bien a la Sexta y a Telecinco.<\/p>\n<p class=\"\"><b>Late Xou <\/b><b>es un \u00e9xito de la televisi\u00f3n p\u00fablica, pero eso hace que tambi\u00e9n est\u00e9 constantemente bajo el foco. Usted lo aborda de forma abierta, incluso bromea con ello. \u00bfSe ha roto el tab\u00fa a la hora de hablar de dinero p\u00fablico? <\/b>Yo creo que, en general, el dinero p\u00fablico est\u00e1 bien gestionado. A pesar de los casos de corrupci\u00f3n en izquierda y derecha, arriba y abajo, esos casos son m\u00ednimos. Aqu\u00ed en Espa\u00f1a puede pasar que un agente te pida dinero para quitarte una multa, pero no es lo habitual. En Espa\u00f1a somos honrados, no corruptos. Y, en el caso de la televisi\u00f3n, y de cualquier instituci\u00f3n p\u00fablica, hay webs que indican cu\u00e1nto cobra cada persona, desde el maquillador hasta el que presenta. Otra cosa es que el dinero se utilice como arma arrojadiza. Nadie se escandaliza cuando un futbolista gana much\u00edsimo dinero, o cuando en un banco se reparten beneficios. El esc\u00e1ndalo llega solo cuando se trata de titiriteros, o de alguien del cine. En todo caso, y perd\u00f3n por la demagogia, yo prefiero mil veces invertir en Broncano o en m\u00ed mismo, que invertir en misiles. <\/p>\n<blockquote class=\"a_q\">\n<p>\u201cTodos necesitamos que a nuestros iguales les vaya bien. Yo quiero que le vaya bien a la Sexta y a Telecinco\u201d<\/p>\n<\/blockquote>\n<p class=\"\"><b>\u00bfLa televisi\u00f3n p\u00fablica que se hace hoy es m\u00e1s atrevida que antes? <\/b>No estamos inventando nada. Venimos de una tradici\u00f3n de televisi\u00f3n vanguardista. La Edad de Oro, Javier Gurruchaga, El Gran Wyoming, Ca\u00f1as y barro, Anillos de oro, los programas de Carmen Maura y Mercedes Mil\u00e1, Tocata. La televisi\u00f3n p\u00fablica en Espa\u00f1a siempre ha sido arriesgada. No creo que nosotros estemos arriesgando tanto. Es m\u00e1s, creo que deber\u00edamos arriesgar un poquito m\u00e1s. <\/p>\n<p class=\"\"><b>Ha creado una secci\u00f3n para responder a los insultos que recibe en redes. <\/b>Las cartas al director siempre han existido, pero era un proceso m\u00e1s lento. Ahora es inmediato. Y en las redes sociales hay respuestas muy viscerales. Hay personas que a m\u00ed me llaman de todo. Y si la televisi\u00f3n p\u00fablica sirve para que se desfogue, intentamos contestar. Pero, cuando contesto, nunca doy el nombre de la persona, porque entiendo que no es lo mismo alguien que tuitea desde casa, que una titiritera que est\u00e1 en la televisi\u00f3n p\u00fablica. Pero s\u00ed contesto. Otra cosa es el acoso sistem\u00e1tico, cuando se organizan razias en internet para acosar a alguien. Eso lo saben muy bien las mujeres, que siempre han sido las m\u00e1s acosadas dentro y fuera de internet, de una forma muy violenta. <\/p>\n<p><img decoding=\"auto\" class=\"_re lazyload a_m-v\" height=\"623\"  width=\"414\"  src=\"https:\/\/www.europesays.com\/es\/wp-content\/uploads\/2025\/12\/UEZJQTIV7RCIZM3TG3JLMNBZUM.jpg\" loading=\"lazy\"\/>El presentador de &#8216;Late Xou con Marc Gir\u00f3&#8217; viste look completo de la colecci\u00f3n de invierno de Prada.Adri\u00e0 Ca\u00f1ameras<img decoding=\"auto\" class=\"_re lazyload a_m-v\" height=\"623\"  width=\"414\"  src=\"https:\/\/www.europesays.com\/es\/wp-content\/uploads\/2025\/12\/IZ54GVRKQFDOJOEU4P2B4KGLGU.jpg\" loading=\"lazy\"\/>El presentador de &#8216;Late Xou con Marc Gir\u00f3&#8217; viste look completo de la colecci\u00f3n de invierno de Prada.Adri\u00e0 Ca\u00f1ameras<img decoding=\"auto\" class=\"_re lazyload a_m-v\" height=\"623\"  width=\"414\"  src=\"https:\/\/www.europesays.com\/es\/wp-content\/uploads\/2025\/12\/VFCMMY4HQNAWXKXWVEFAR546VU.jpg\" loading=\"lazy\"\/>El presentador de &#8216;Late Xou con Marc Gir\u00f3&#8217; viste look completo de la colecci\u00f3n de invierno de Prada.Adri\u00e0 Ca\u00f1ameras<\/p>\n<p class=\"\"><b>\u00bfEl humor puede servir para exorcizar el odio?<\/b> Puede servir. Aunque yo con el humor tengo una relaci\u00f3n ambivalente. No me considero gracioso ni humorista. Tampoco pretendo hacer gracia. El humor a veces es complicado, porque en los \u00faltimos tiempos ha sido una v\u00eda de entrada para el fascismo. Te r\u00edes de un se\u00f1or que va por Espa\u00f1a montado a caballo, y ahora lo tenemos metido en el parlamento. As\u00ed que hay gente sobre la que ya no voy a hacer chistes. Pero, dicho esto, el humor es fundamental. Aunque tambi\u00e9n es muy pesada la gente empe\u00f1ada en ser graciosa todo el rato. <\/p>\n<p class=\"\">El 25 de septiembre, el diputado de Vox Manuel Mariscal Zabala asegur\u00f3 en la Comisi\u00f3n de Control Parlamentario de la Corporaci\u00f3n y sus Sociedades, que cuando su partido llegase al gobierno entrar\u00eda en RTVE \u201ccon motosierra o con lanzallamas\u201d. Nombr\u00f3 a varios profesionales, entre ellos a Marc Gir\u00f3. En el Late Xou del 15 de octubre, el mon\u00f3logo de Gir\u00f3 fue interrumpido por unas motosierras. \u201c\u00a1Ay, Dios m\u00edo, que ya est\u00e1n aqu\u00ed!\u201d, exclam\u00f3 el presentador. \u201cOiga, por favor, caballero. Que yo sepa, ustedes todav\u00eda no han ganado las elecciones\u201d, a\u00f1adi\u00f3. Pero no eran las motosierras de la ultraderecha, sino de unos ebanistas que estaban tallando bustos de Pedro S\u00e1nchez para todos los despachos.<\/p>\n<blockquote class=\"a_q\">\n<p>\u201cEl humor a veces es complicado, porque en los \u00faltimos tiempos ha sido una v\u00eda de entrada para el fascismo. Te r\u00edes de un se\u00f1or que va por Espa\u00f1a montado a caballo, y ahora lo tenemos metido en el parlamento\u201d<\/p>\n<\/blockquote>\n<p class=\"\"><b>\u00bfQu\u00e9 sinti\u00f3 al verse interpelado de forma tan directa? <\/b>Me ha pillado con musculatura. Cuando est\u00e1bamos en La 2 Cat, que sal\u00edamos solo en la desconexi\u00f3n territorial, no sab\u00edamos que esto de Espa\u00f1a funcionaba as\u00ed. En cada reuni\u00f3n de la comisi\u00f3n las derechas presentaban 300 preguntas sobre nuestro programa. Estuvieron a punto de quitarlo. Pero no es m\u00e1s que el plan incansable de la ultraderecha. Se entrenan con una mota de polvo, que somos nosotros. O con un partido peque\u00f1o. O con la esposa del presidente. Todo tiene que ver con esa estrategia internacional para cargarse la democracia y, dentro de ese marco, cargarse tambi\u00e9n la libertad de expresi\u00f3n. Los medios siempre han sufrido injerencias, pero por suerte en la democracia hay contrapesos: es como un gran gimnasio en el que todos podemos desarrollar m\u00fasculo. Y hay una estrategia para cargarse lo p\u00fablico, privatizarlo y aprovecharse luego de ello. Tambi\u00e9n para acabar con espacios como la televisi\u00f3n, la plaza p\u00fablica, la escuela, la universidad o los centros culturales, que son espacios para el di\u00e1logo, para confrontar opiniones y reconocer al otro en un juego de seducci\u00f3n socr\u00e1tico. Eso era la democracia. La diferencia es que ahora la ultraderecha no reconoce la verdad en el otro. Solo quiere aplastarlo. As\u00ed que no tengo duda de que, si alg\u00fan d\u00eda llegan, lo de la motosierra ser\u00e1 literal.<\/p>\n<p><img decoding=\"auto\" class=\"_re lazyload a_m-v\" height=\"623\"  width=\"414\"  src=\"https:\/\/www.europesays.com\/es\/wp-content\/uploads\/2025\/12\/QTCG2B3WYFANDAVGSJNQSO5ZHU.jpg\" loading=\"lazy\"\/>Marc Gir\u00f3 viste traje de DOLCE&amp;GABBANA. Las gafas son DR. FOCUS &amp; CO.Adri\u00e0 Ca\u00f1ameras<\/p>\n<p class=\"\">Marc Gir\u00f3 trabaj\u00f3 durante a\u00f1os en la revista de moda Marie Claire antes de recalar en medios audiovisuales. Se curti\u00f3 como colaborador en radio y televisi\u00f3n antes de conducir sus propios programas. Desde 2019 presenta Vost\u00e9 Primer en RAC1 y, desde 2023, Late Xou con Marc Gir\u00f3. El programa, inspirado en los late night shows estadounidenses, incluye entrevistas, un mon\u00f3logo de Gir\u00f3, actuaciones musicales, peque\u00f1os juegos con los invitados e incursiones inesperadas, como el bailar\u00edn cl\u00e1sico que, en medio de las entrevistas, lleva a cabo una coreograf\u00eda inspirada en el entrevistado. <\/p>\n<p class=\"\"><b>\u00bfSiempre le interes\u00f3 la televisi\u00f3n?<\/b> Yo he llegado hasta aqu\u00ed porque no soy estricto conmigo mismo. Soy perezoso. No he tenido un plan. Me he dejado llevar y las cosas han pasado as\u00ed. Tambi\u00e9n es cierto que siempre he necesitado trabajar para ganar dinero. Cuando trabajaba en la moda, como era locuaz, me invitaban a hablar en muchos sitios. Pero tambi\u00e9n es verdad que estoy casada con un se\u00f1or que se dedica a esto [su marido, Santi Villas, es productor y director televisivo, y responsable de Late Xou] y, cuando han necesitado un presentador, han dicho: \u201cQue se ponga este\u201d. Soy como esas actrices del destape que se casaban con el productor. Me siento identificado. <\/p>\n<blockquote class=\"a_q\">\n<p>\u201cNo s\u00e9 si ser\u00e1 por mariquita, por catalana o por roja, pero nunca he tenido un horizonte. El futuro me pilla demasiado lejos. Lo bueno de la tele es que llegas, haces y te vas\u201d<\/p>\n<\/blockquote>\n<p class=\"\"><b>Algo habr\u00e1 tenido que ver su soltura ante la c\u00e1mara. <\/b>Yo llegu\u00e9 a esto por locuaz y por casualidad. Tambi\u00e9n porque el resultado es inmediato. No s\u00e9 si ser\u00e1 por mariquita, por catalana o por roja, pero nunca he tenido un horizonte. El futuro me pilla demasiado lejos. Lo bueno de la tele es que llegas, haces y te vas. <\/p>\n<p class=\"\"><b>\u00bfHay un personaje? <\/b>Hombre, por supuesto que hay personaje. Yo recomiendo much\u00edsimo que la gente tenga personaje. De peque\u00f1o me dijeron claramente que ten\u00eda que controlar la furia. Y yo lo intento. Adem\u00e1s, yo creo en lo socr\u00e1tico, y lo social implica que haya un personaje, para hablar con el otro. La obsesi\u00f3n por la autenticidad o la naturalidad es muy peligrosa, porque te lleva al racismo, a la xenofobia y al supremacismo. <\/p>\n<p><img decoding=\"auto\" class=\"_re lazyload a_m-v\" height=\"623\"  width=\"414\"  src=\"https:\/\/www.europesays.com\/es\/wp-content\/uploads\/2025\/12\/DWVYZK6SUJFJ5OVE3JLLA3C35Y.jpg\" loading=\"lazy\"\/>Mac Giro viste de Fendi.Adri\u00e0 Ca\u00f1ameras<\/p>\n<p class=\"\"><b>Siempre viste traje y corbata.<\/b> Una t\u00eda m\u00eda ten\u00eda una amiga en Venecia, que viv\u00eda en una casa espectacular, con vistas al canal, destartalada, de ese destartale que gusta tanto en las revistas de moda. Y esta se\u00f1ora iba siempre emperifollada. Nosotras, que somos catalanas, no lo entend\u00edamos. En Madrid hay m\u00e1s diversi\u00f3n, pero el t\u00f3pico de las catalanas es verdad. F\u00edjate en Tita Cervera, que es catalana, y siempre tiende al beis. En fin, que un d\u00eda esta se\u00f1ora nos lo explic\u00f3. \u201cEn Venecia hay tanto turismo que las venecianas siempre vamos muy vestidas, para que se note que somos de aqu\u00ed\u201d. A m\u00ed se me qued\u00f3 esa idea, y en Barcelona siempre voy muy trajeado. Y luego, claro, yo tiendo a travesti. Hay muchas compa\u00f1eras drags que se fijan en modelos con mucho culo, muchas curvas. Mi l\u00ednea de travesti es otra, la de Diane Keaton, Fran Lebowitz, Marlene Dietrich, Katharine Hepburn, mi propia madre, las monjas, las antiguas azafatas de Iberia\u2026 Las mujeres en traje quedan bien, y las travestis tambi\u00e9n.<\/p>\n<blockquote class=\"a_q\">\n<p>\u201cyo tiendo a travesti. Hay muchas compa\u00f1eras drags que se fijan en modelos con mucho culo, muchas curvas. Mi l\u00ednea de travesti es otra, la de Diane Keaton, Fran Lebowitz, Marlene Dietrich, Katharine Hepburn, mi propia madre, las monjas, las antiguas azafatas de Iberia\u2026\u00bb<\/p>\n<\/blockquote>\n<p class=\"\"><b>\u00bfPasa mucho tiempo eligiendo traje? <\/b>No, porque es facil\u00edsimo. La camisa la he depurado hasta l\u00edmites insospechados, solo a rayas o azul. Antes ten\u00eda una rosa, pero cada vez que la vest\u00eda me pon\u00eda nervioso. Adem\u00e1s, el traje tiene bolsillos, as\u00ed que no te hace falta pochette. Zapato negro de cord\u00f3n, y listo.<\/p>\n<p class=\"\"><b>Ahora que el traje vuelve a estar de moda, \u00bfse plantea cambiar?<\/b> No, los hombres que hagan lo que quieran. Yo estoy a favor de los hombres, de algunos m\u00e1s que de otros, pero en general no tengo nada contra los hombres. Si quieren corbata, adelante. Me parece bien.<\/p>\n<blockquote class=\"a_q\">\n<p>\u201cSoy de una clase social moderada, ni muy rica ni muy pobre. Antes se llamaba clase media y era un invento buen\u00edsimo\u201d<\/p>\n<\/blockquote>\n<p class=\"\"><b>\u00bfQu\u00e9 tal se lleva con su clase social?<\/b> Yo soy de una clase social moderada, ni muy rica ni muy pobre. Antes se llamaba clase media y era un invento buen\u00edsimo, porque significaba que pod\u00edas alimentarte con primer plato, segundo plato y postre, luego un caf\u00e9 y a lo mejor hasta un bomb\u00f3n. Pod\u00edas tener hijos sin ir apretada, te ibas de vacaciones, tus hijos estaban m\u00e1s alfabetizados que t\u00fa. Era cultura democr\u00e1tica. Yo creo que hay que tender a eso. A veces me preguntan que por qu\u00e9 defiendo el comunismo. Y no es exactamente as\u00ed. Yo parto del empirismo. Y creo en la redistribuci\u00f3n de la riqueza. Es decir, que a lo mejor algunos tienen que ganar menos. \u00bfHas estado en Costco?<\/p>\n<p class=\"\"><b>\u00bfLos hipermercados? <\/b>S\u00ed. Estuve el otro d\u00eda. Y tienen de todo, a todo trapo. Ah\u00ed entiendes que lo del hambre en el mundo es inexplicable. Habiendo para todos, no puedo entender que haya gente que no quiera que haya para todos y que use su energ\u00eda para matar de hambre al otro.<\/p>\n<p><img decoding=\"auto\" class=\"_re lazyload a_m-v\" height=\"623\"  width=\"414\"  src=\"https:\/\/www.europesays.com\/es\/wp-content\/uploads\/2025\/12\/4XQQOKEPUFDRHMN2LSMVJB7XZM.jpg\" loading=\"lazy\"\/>En esta imagen Marc Gir\u00f3, como el diablo, viste de PRADA.Adri\u00e0 Ca\u00f1ameras<\/p>\n<p class=\"\"><b>\u00bfVivimos en una cultura del exceso? <\/b>Mira, hubo mucho debate con <a href=\"https:\/\/elpais.com\/icon\/2025-07-18\/querido-lamine-mantente-humilde-por-que-la-generacion-de-lamine-yamal-esta-obsesionada-con-vestir-como-un-gangster.html\" target=\"_blank\" rel=\"noreferrer nofollow noopener\" title=\"https:\/\/elpais.com\/icon\/2025-07-18\/querido-lamine-mantente-humilde-por-que-la-generacion-de-lamine-yamal-esta-obsesionada-con-vestir-como-un-gangster.html\">la fiesta de cumplea\u00f1os de Lamine Yamal<\/a>. Y yo le entiendo. Eres adolescente y quieres m\u00e1s coches, m\u00e1s todo, m\u00e1s y m\u00e1s. Yo cuando era adolescente sal\u00eda de casa tan perfumado que parec\u00eda una cocotte del siglo XVIII, ca\u00edan ardillas de los \u00e1rboles del mareo. Por eso entiendo a Lamine Yamal. Cuando eres adolescente, est\u00e1s eclosionando y tiendes a lo hortera. Pero llega un momento en que eso tiene que parar y entiendes que con una ensaladita y una pechuga a la plancha tiras fenomenal tambi\u00e9n. No entiendo la tendencia a prolongar la adolescencia. Veo pol\u00edticos de 80 a\u00f1os que dirigen el mundo y que son adolescentes. \u00bfNadie les dice nada? \u00bfNo tienen amigos reales que les digan qu\u00e9 est\u00e1n haciendo el rid\u00edculo? <\/p>\n<p class=\"\"><b>\u00bfLa contenci\u00f3n llega con los a\u00f1os? <\/b>No es que est\u00e9 a favor de lo frugal. Por ejemplo, me parece muy bien que si una persona va a Par\u00eds por primera vez, haga cola para comerse un macaron. Lo que no entiendo es esa gente que va a Par\u00eds de rebajas, cada a\u00f1o. \u00bfQu\u00e9 necesidad? Hay que autorregularse. No estoy a favor de prohibir, pero s\u00ed de escuchar a tu cuerpo. F\u00edjate en Aitana, que monta superconciertos. Le deseo una carrera maravillosa porque lo merece, y s\u00e9 que dentro de unos a\u00f1os acabar\u00e1 con un micro, un foco, un taburete y un piano en el Palau de la M\u00fasica, como todas. Pero ahora hay que dejarla tranquila. Igual que a Lamine Yamal, que acabar\u00e1 montando una escuela de f\u00fatbol. \u00a1Hasta Madonna acab\u00f3 escribiendo cuentos para ni\u00f1os! Al final te vas conteniendo. <\/p>\n<p class=\"\">Realizaci\u00f3n: Gina Berenguer. Asistente de estilismo: Claudia Catroux. Maquillaje y peluquer\u00eda: Alicia Ogilvy (One Off).<\/p>\n","protected":false},"excerpt":{"rendered":"El pasado septiembre, cuando se estren\u00f3 la actual temporada de Late Xou con Marc Gir\u00f3 en RTVE, Marc&hellip;\n","protected":false},"author":2,"featured_media":300909,"comment_status":"","ping_status":"","sticky":false,"template":"","format":"standard","meta":{"footnotes":""},"categories":[171],"tags":[146,147,25,24,23430,2959,952,10758,71396,518,23,807,214,4247,624],"class_list":{"0":"post-300908","1":"post","2":"type-post","3":"status-publish","4":"format-standard","5":"has-post-thumbnail","7":"category-tv","8":"tag-entertainment","9":"tag-entretenimiento","10":"tag-es","11":"tag-espana","12":"tag-marc-giro","13":"tag-pedro-sanchez","14":"tag-politica","15":"tag-presentadores-television","16":"tag-revistas-moda","17":"tag-rtve","18":"tag-spain","19":"tag-television","20":"tag-tv","21":"tag-ultraderecha","22":"tag-vox"},"share_on_mastodon":{"url":"https:\/\/pubeurope.com\/@es\/115761573359912578","error":""},"_links":{"self":[{"href":"https:\/\/www.europesays.com\/es\/wp-json\/wp\/v2\/posts\/300908","targetHints":{"allow":["GET"]}}],"collection":[{"href":"https:\/\/www.europesays.com\/es\/wp-json\/wp\/v2\/posts"}],"about":[{"href":"https:\/\/www.europesays.com\/es\/wp-json\/wp\/v2\/types\/post"}],"author":[{"embeddable":true,"href":"https:\/\/www.europesays.com\/es\/wp-json\/wp\/v2\/users\/2"}],"replies":[{"embeddable":true,"href":"https:\/\/www.europesays.com\/es\/wp-json\/wp\/v2\/comments?post=300908"}],"version-history":[{"count":0,"href":"https:\/\/www.europesays.com\/es\/wp-json\/wp\/v2\/posts\/300908\/revisions"}],"wp:featuredmedia":[{"embeddable":true,"href":"https:\/\/www.europesays.com\/es\/wp-json\/wp\/v2\/media\/300909"}],"wp:attachment":[{"href":"https:\/\/www.europesays.com\/es\/wp-json\/wp\/v2\/media?parent=300908"}],"wp:term":[{"taxonomy":"category","embeddable":true,"href":"https:\/\/www.europesays.com\/es\/wp-json\/wp\/v2\/categories?post=300908"},{"taxonomy":"post_tag","embeddable":true,"href":"https:\/\/www.europesays.com\/es\/wp-json\/wp\/v2\/tags?post=300908"}],"curies":[{"name":"wp","href":"https:\/\/api.w.org\/{rel}","templated":true}]}}