{"id":300918,"date":"2025-12-22T05:35:21","date_gmt":"2025-12-22T05:35:21","guid":{"rendered":"https:\/\/www.europesays.com\/es\/300918\/"},"modified":"2025-12-22T05:35:21","modified_gmt":"2025-12-22T05:35:21","slug":"asi-podrian-cooperar-los-drones-en-entornos-imposibles-para-las-redes-tradicionales","status":"publish","type":"post","link":"https:\/\/www.europesays.com\/es\/300918\/","title":{"rendered":"As\u00ed podr\u00edan cooperar los drones en entornos imposibles para las redes tradicionales"},"content":{"rendered":"<p>Imaginar m\u00e1quinas cooperando sin emitir se\u00f1ales parece ciencia ficci\u00f3n, pero la f\u00edsica moderna empieza a ofrecer alternativas inesperadas. En escenarios donde las comunicaciones fallan (desde t\u00faneles y zonas de desastre hasta entornos extremos), <a href=\"https:\/\/es.gizmodo.com\/el-panorama-ahora-esta-clarisimo-el-cero-no-representa-la-nada-sino-el-principio-de-todo-la-historia-del-simbolo-que-permitio-pensar-universo-2000201426\" rel=\"nofollow noopener\" target=\"_blank\">un principio cu\u00e1ntico<\/a> podr\u00eda redefinir c\u00f3mo los sistemas aut\u00f3nomos toman decisiones colectivas y act\u00faan como un solo organismo.<\/p>\n<p> El gran problema de los enjambres sin conexi\u00f3n <\/p>\n<p><a href=\"https:\/\/es.gizmodo.com\/el-proyecto-con-rayos-laser-que-podria-recargar-las-baterias-de-los-drones-militares-a-mas-de-1-500-metros-de-altura-2000210793\" rel=\"nofollow noopener\" target=\"_blank\">Los enjambres de drones<\/a> y los equipos de robots aut\u00f3nomos dependen hoy de comunicaciones inal\u00e1mbricas constantes. Ondas de radio, enlaces satelitales o redes m\u00f3viles permiten que compartan datos, coordinen movimientos y reaccionen ante cambios del entorno. Esta arquitectura funciona bien\u2026 hasta que deja de hacerlo.<\/p>\n<p>En incendios forestales, estructuras colapsadas, minas profundas o zonas sometidas a interferencias intencionales, las se\u00f1ales pueden degradarse o desaparecer por completo. Cuando eso ocurre, los agentes pierden coordinaci\u00f3n y el sistema deja de comportarse como un conjunto inteligente. Resolver este punto d\u00e9bil es uno de los mayores retos actuales de <a href=\"https:\/\/es.gizmodo.com\/en-la-competencia-por-el-liderazgo-en-la-robotica-un-robot-chino-establece-el-record-mundial-guinness-al-caminar-106-kilometros-2000207196\" rel=\"nofollow noopener\" target=\"_blank\">la rob\u00f3tica<\/a> distribuida.<\/p>\n<p> Un fen\u00f3meno que no necesita viajar por el espacio <\/p>\n<p>Aqu\u00ed entra en escena el entrelazamiento cu\u00e1ntico, uno de los conceptos m\u00e1s desconcertantes de la f\u00edsica. Dos part\u00edculas entrelazadas comparten un mismo estado cu\u00e1ntico, de modo que lo que le sucede a una se refleja instant\u00e1neamente en la otra, sin importar la distancia que las separe.<\/p>\n<p>Albert Einstein lo describi\u00f3 como una \u201cacci\u00f3n fantasmal a distancia\u201d, porque rompe con la idea intuitiva de que la informaci\u00f3n debe viajar de un punto a otro. En lugar de enviarse, el v\u00ednculo ya existe. Y esa diferencia conceptual es la que inspira este <a href=\"https:\/\/es.gizmodo.com\/el-inesperado-golpe-tecnologico-que-llega-desde-china-y-cambia-la-competencia-global-2000206354\" rel=\"nofollow noopener\" target=\"_blank\">nuevo enfoque tecnol\u00f3gico<\/a>.<\/p>\n<p> Un planteo radical para m\u00e1quinas aut\u00f3nomas <\/p>\n<p>Un equipo de investigadores de la Universidad Tecnol\u00f3gica de Virginia propuso aprovechar este fen\u00f3meno para coordinar sistemas multiagente. En lugar de intercambiar mensajes tradicionales, los drones o robots compartir\u00edan qubits entrelazados desde el inicio de la operaci\u00f3n.<\/p>\n<p>As\u00ed, cuando uno de los agentes interact\u00faa con el entorno (detecta un obst\u00e1culo, modifica su trayectoria o identifica una amenaza), su qubit cambia de estado. Debido al entrelazamiento, los dem\u00e1s agentes \u201csaben\u201d que algo ocurri\u00f3, aunque no haya existido ninguna transmisi\u00f3n de datos en el sentido cl\u00e1sico.<\/p>\n<p> El marco eQMARL y el aprendizaje colectivo <\/p>\n<p>Este enfoque fue formalizado en un marco te\u00f3rico denominado eQMARL, sigla de \u201caprendizaje de refuerzo cu\u00e1ntico multiagente entrelazado\u201d. A diferencia de los sistemas tradicionales, aqu\u00ed no se comparten observaciones ni decisiones expl\u00edcitas entre los agentes.<\/p>\n<p>Cada dron recibe un conjunto de qubits entrelazados y aprende por ensayo y error. Lo importante no es el contenido exacto del cambio, sino el hecho de que el cambio sucede. Esa se\u00f1al impl\u00edcita permite que el grupo ajuste su comportamiento colectivo incluso cuando no puede comunicarse por radio, internet o sat\u00e9lite.<\/p>\n<p>El l\u00edder del estudio lo resume de forma sencilla: cuando se act\u00faa sobre una mitad del <a href=\"https:\/\/es.gizmodo.com\/el-cerebro-y-el-campo-cuantico-la-hipotesis-radical-que-sugiere-que-la-conciencia-nace-de-la-energia-del-vacio-2000209890\" rel=\"nofollow noopener\" target=\"_blank\">sistema cu\u00e1ntico<\/a>, la otra responde. Ese efecto basta para coordinar el aprendizaje conjunto sin necesidad de mensajes convencionales.<\/p>\n<p> <img loading=\"lazy\" decoding=\"async\" class=\"size-full wp-image-2000210942\" src=\"https:\/\/www.europesays.com\/es\/wp-content\/uploads\/2025\/12\/Diseno-sin-titulo-2025-12-21T114405.601.jpg\" alt=\"Dise\u00f1o Sin T\u00edtulo 2025 12 21t114405.601\" width=\"1500\" height=\"1000\"  \/>\u00a9Josh Sorenson \u2013 Pexels Por qu\u00e9 este avance resulta tan prometedor <\/p>\n<p>Las aplicaciones potenciales son amplias. En el corto plazo, podr\u00eda permitir que enjambres de drones mantengan la coordinaci\u00f3n en operaciones de rescate, exploraci\u00f3n de zonas peligrosas o control de incendios, incluso cuando <a href=\"https:\/\/es.gizmodo.com\/el-fenomeno-solar-que-puso-en-alerta-a-satelites-y-comunicaciones-en-todo-el-mundo-2000210482\" rel=\"nofollow noopener\" target=\"_blank\">las comunicaciones fallan por completo<\/a>.<\/p>\n<p>A m\u00e1s largo plazo, este enfoque apunta a sistemas de coordinaci\u00f3n extremadamente seguros. Al no depender de canales tradicionales, se reduce la posibilidad de interferencias, sabotaje o espionaje. Las m\u00e1quinas no \u201cenv\u00edan\u201d informaci\u00f3n, por lo que no hay nada que interceptar en el sentido cl\u00e1sico.<\/p>\n<p> Los l\u00edmites actuales fuera del laboratorio <\/p>\n<p>A pesar de su potencial, los desaf\u00edos t\u00e9cnicos siguen siendo enormes. Mantener el entrelazamiento cu\u00e1ntico en condiciones reales es extremadamente dif\u00edcil. El ruido ambiental, la temperatura y las vibraciones pueden destruir ese delicado v\u00ednculo en cuesti\u00f3n de instantes.<\/p>\n<p>Adem\u00e1s, la tecnolog\u00eda cu\u00e1ntica actual todav\u00eda no es lo suficientemente compacta ni robusta como para integrarse f\u00e1cilmente en drones o robots m\u00f3viles. Los propios investigadores estiman que aplicaciones pr\u00e1cticas basadas en este principio podr\u00edan tardar una d\u00e9cada o m\u00e1s en llegar al mundo real.<\/p>\n<p> Una nueva forma de entender qu\u00e9 es comunicarse <\/p>\n<p>Lo m\u00e1s disruptivo de este enfoque no es solo lo que permite hacer, sino c\u00f3mo redefine la idea misma de comunicaci\u00f3n. Durante siglos, comunicar signific\u00f3 enviar una se\u00f1al a trav\u00e9s del espacio. La f\u00edsica cu\u00e1ntica, en cambio, sugiere que algunos v\u00ednculos no necesitan viajar: ya est\u00e1n ah\u00ed.<\/p>\n<p>Este avance apunta a una coordinaci\u00f3n m\u00e1s cercana a la colaboraci\u00f3n instant\u00e1nea que al intercambio de mensajes. Aunque todav\u00eda est\u00e9 lejos de su aplicaci\u00f3n cotidiana, abre la puerta a tecnolog\u00edas basadas en principios que hoy siguen pareciendo contraintuitivos. Y <a href=\"https:\/\/es.gizmodo.com\/una-mente-joven-que-ensena-a-las-maquinas-a-pensar-como-el-cerebro-2000202228\" rel=\"nofollow noopener\" target=\"_blank\">obliga a replantear c\u00f3mo se conectar\u00e1n las m\u00e1quinas<\/a> en un mundo donde, parad\u00f3jicamente, la desconexi\u00f3n es cada vez m\u00e1s frecuente.<\/p>\n<p>\u00a0<\/p>\n<p>[Fuente: <a href=\"https:\/\/www.larazon.es\/\" rel=\"nofollow noopener\" target=\"_blank\">La Raz\u00f3n<\/a>]<\/p>\n","protected":false},"excerpt":{"rendered":"Imaginar m\u00e1quinas cooperando sin emitir se\u00f1ales parece ciencia ficci\u00f3n, pero la f\u00edsica moderna empieza a ofrecer alternativas inesperadas.&hellip;\n","protected":false},"author":2,"featured_media":300919,"comment_status":"","ping_status":"","sticky":false,"template":"","format":"standard","meta":{"footnotes":""},"categories":[81],"tags":[119,123,124,25,24,117,121,122,23,118,120],"class_list":{"0":"post-300918","1":"post","2":"type-post","3":"status-publish","4":"format-standard","5":"has-post-thumbnail","7":"category-ciencia-y-tecnologia","8":"tag-ciencia","9":"tag-ciencia-y-tecnologia","10":"tag-cienciaytecnologia","11":"tag-es","12":"tag-espana","13":"tag-science","14":"tag-science-and-technology","15":"tag-scienceandtechnology","16":"tag-spain","17":"tag-technology","18":"tag-tecnologia"},"share_on_mastodon":{"url":"https:\/\/pubeurope.com\/@es\/115761599617742971","error":""},"_links":{"self":[{"href":"https:\/\/www.europesays.com\/es\/wp-json\/wp\/v2\/posts\/300918","targetHints":{"allow":["GET"]}}],"collection":[{"href":"https:\/\/www.europesays.com\/es\/wp-json\/wp\/v2\/posts"}],"about":[{"href":"https:\/\/www.europesays.com\/es\/wp-json\/wp\/v2\/types\/post"}],"author":[{"embeddable":true,"href":"https:\/\/www.europesays.com\/es\/wp-json\/wp\/v2\/users\/2"}],"replies":[{"embeddable":true,"href":"https:\/\/www.europesays.com\/es\/wp-json\/wp\/v2\/comments?post=300918"}],"version-history":[{"count":0,"href":"https:\/\/www.europesays.com\/es\/wp-json\/wp\/v2\/posts\/300918\/revisions"}],"wp:featuredmedia":[{"embeddable":true,"href":"https:\/\/www.europesays.com\/es\/wp-json\/wp\/v2\/media\/300919"}],"wp:attachment":[{"href":"https:\/\/www.europesays.com\/es\/wp-json\/wp\/v2\/media?parent=300918"}],"wp:term":[{"taxonomy":"category","embeddable":true,"href":"https:\/\/www.europesays.com\/es\/wp-json\/wp\/v2\/categories?post=300918"},{"taxonomy":"post_tag","embeddable":true,"href":"https:\/\/www.europesays.com\/es\/wp-json\/wp\/v2\/tags?post=300918"}],"curies":[{"name":"wp","href":"https:\/\/api.w.org\/{rel}","templated":true}]}}