{"id":300922,"date":"2025-12-22T05:37:09","date_gmt":"2025-12-22T05:37:09","guid":{"rendered":"https:\/\/www.europesays.com\/es\/300922\/"},"modified":"2025-12-22T05:37:09","modified_gmt":"2025-12-22T05:37:09","slug":"ee-uu-persigue-tercer-petrolero-cerca-de-venezuela-dw-21-12-2025","status":"publish","type":"post","link":"https:\/\/www.europesays.com\/es\/300922\/","title":{"rendered":"EE.UU. persigue tercer petrolero cerca de Venezuela \u2013 DW \u2013 21\/12\/2025"},"content":{"rendered":"<p>EE.UU. realiz\u00f3 este domingo (21.12.2025) una persecusi\u00f3n a un tercer petrolero en el mar Caribe, cerca de las costas de <a class=\"internal-link\" href=\"https:\/\/www.dw.com\/es\/venezuela\/t-17410652\" rel=\"nofollow noopener\" target=\"_blank\">Venezuela<\/a>, seg\u00fan reportan medios estadounidenses, un d\u00eda despu\u00e9s de la <a class=\"internal-link\" href=\"https:\/\/www.dw.com\/es\/medios-eeuu-intercepta-segundo-buque-cerca-de-venezuela\/a-75255464\" rel=\"nofollow noopener\" target=\"_blank\">incautaci\u00f3n de un tanquero con bandera paname\u00f1a<\/a> que, seg\u00fan Washington, traficaba \u00abcrudo sancionado\u00bb dentro de la llamada \u00abflota fantasma\u00bb venezolana.<\/p>\n<p>El estado del buque es desconocido, aunque ha trascendido que se trata de la embarcaci\u00f3n de bandera pa\u00f1ame\u00f1a Bella 1 que navegaba de camino a Venezuela. No est\u00e1 claro a\u00fan si transportaba crudo venezolano, seg\u00fan confirm\u00f3 un funcionario estadounidense citado por la cadena CNN. Consultados por EFE, el Pent\u00e1gono y la Guardia Costera refirieron todas las preguntas sobre la operaci\u00f3n a la Casa Blanca, que de momento no ha corroborado los reportes sobre la acci\u00f3n en curso.<\/p>\n<p>De ser interceptado, se tratar\u00eda del segundo carguero confiscado este fin de semana <a class=\"internal-link\" href=\"https:\/\/www.dw.com\/es\/trump-anuncia-bloqueo-a-petroleros-desde-y-hacia-venezuela\/a-75193033\" rel=\"nofollow noopener\" target=\"_blank\">bajo las \u00f3rdenes del presidente<\/a>, <a class=\"internal-link\" href=\"https:\/\/www.dw.com\/es\/donald-trump\/t-19445010\" rel=\"nofollow noopener\" target=\"_blank\">Donald Trump<\/a>, y el tercero tras el recrudecimiento de los esfuerzos de Washington por cortar el flujo de crudo hacia y desde el pa\u00eds sudamericano, dentro de la creciente presi\u00f3n que Washington ejerce sobre el Gobierno de Nicol\u00e1s Maduro.<\/p>\n<p>Segundo barco confiscado<\/p>\n<p>La secretaria de Seguridad Nacional, Kristi Noem, inform\u00f3 este s\u00e1bado sobre la confiscaci\u00f3n del <a class=\"internal-link\" href=\"https:\/\/www.dw.com\/es\/washington-segundo-petrolero-confiscado-es-de-flota-fantasma-de-venezuela\/a-75259194\" rel=\"nofollow noopener\" target=\"_blank\">tanquero con bandera paname\u00f1a Centuries, que seg\u00fan la Casa Blanca, transportaba crudo<\/a> de la empresa venezolana PDVSA, que est\u00e1 sancionada.<\/p>\n<p>El pasado 10 de diciembre, Washington incaut\u00f3 el buque sancionado Skipper y confisc\u00f3 el crudo que transportaba. D\u00edas despu\u00e9s, Trump orden\u00f3 un bloqueo total a la entrada y salida de este pa\u00eds a buques petroleros sancionados por el Gobierno estadounidense.<\/p>\n<p>Mientras, Caracas rechaza la incautaci\u00f3n del petr\u00f3leo, calificando la medida como \u00abrobo y secuestro\u00bb por parte de <a class=\"internal-link\" href=\"https:\/\/www.dw.com\/es\/estados-unidos\/t-17411942\" rel=\"nofollow noopener\" target=\"_blank\">Estados Unidos<\/a>.<\/p>\n<p>(mn\/efe, Reuters, ap)<\/p>\n<p>\u00a0<\/p>\n","protected":false},"excerpt":{"rendered":"EE.UU. realiz\u00f3 este domingo (21.12.2025) una persecusi\u00f3n a un tercer petrolero en el mar Caribe, cerca de las&hellip;\n","protected":false},"author":2,"featured_media":300923,"comment_status":"","ping_status":"","sticky":false,"template":"","format":"standard","meta":{"footnotes":""},"categories":[42],"tags":[17,18,13,14,11,61,62,63,64,19,20,9,10,15,16,12,21,22,65,66,67],"class_list":{"0":"post-300922","1":"post","2":"type-post","3":"status-publish","4":"format-standard","5":"has-post-thumbnail","7":"category-internacional","8":"tag-breaking-news","9":"tag-breakingnews","10":"tag-featured-news","11":"tag-featurednews","12":"tag-headlines","13":"tag-internacional","14":"tag-international","15":"tag-international-news","16":"tag-internationalnews","17":"tag-latest-news","18":"tag-latestnews","19":"tag-news","20":"tag-noticias","21":"tag-noticias-destacadas","22":"tag-noticiasdestacadas","23":"tag-titulares","24":"tag-ultimas-noticias","25":"tag-ultimasnoticias","26":"tag-world","27":"tag-world-news","28":"tag-worldnews"},"share_on_mastodon":{"url":"https:\/\/pubeurope.com\/@es\/115761607055103571","error":""},"_links":{"self":[{"href":"https:\/\/www.europesays.com\/es\/wp-json\/wp\/v2\/posts\/300922","targetHints":{"allow":["GET"]}}],"collection":[{"href":"https:\/\/www.europesays.com\/es\/wp-json\/wp\/v2\/posts"}],"about":[{"href":"https:\/\/www.europesays.com\/es\/wp-json\/wp\/v2\/types\/post"}],"author":[{"embeddable":true,"href":"https:\/\/www.europesays.com\/es\/wp-json\/wp\/v2\/users\/2"}],"replies":[{"embeddable":true,"href":"https:\/\/www.europesays.com\/es\/wp-json\/wp\/v2\/comments?post=300922"}],"version-history":[{"count":0,"href":"https:\/\/www.europesays.com\/es\/wp-json\/wp\/v2\/posts\/300922\/revisions"}],"wp:featuredmedia":[{"embeddable":true,"href":"https:\/\/www.europesays.com\/es\/wp-json\/wp\/v2\/media\/300923"}],"wp:attachment":[{"href":"https:\/\/www.europesays.com\/es\/wp-json\/wp\/v2\/media?parent=300922"}],"wp:term":[{"taxonomy":"category","embeddable":true,"href":"https:\/\/www.europesays.com\/es\/wp-json\/wp\/v2\/categories?post=300922"},{"taxonomy":"post_tag","embeddable":true,"href":"https:\/\/www.europesays.com\/es\/wp-json\/wp\/v2\/tags?post=300922"}],"curies":[{"name":"wp","href":"https:\/\/api.w.org\/{rel}","templated":true}]}}