{"id":300924,"date":"2025-12-22T05:41:20","date_gmt":"2025-12-22T05:41:20","guid":{"rendered":"https:\/\/www.europesays.com\/es\/300924\/"},"modified":"2025-12-22T05:41:20","modified_gmt":"2025-12-22T05:41:20","slug":"el-plan-jerez-centro-cierra-su-fase-participativa-con-450-aportaciones-ciudadanas-recogidas","status":"publish","type":"post","link":"https:\/\/www.europesays.com\/es\/300924\/","title":{"rendered":"El Plan Jerez Centro cierra su fase participativa con 450 aportaciones ciudadanas recogidas"},"content":{"rendered":"<p class=\"MsoBodyText\">El Ayuntamiento de Jerez <strong>ha registrado un total de 450 aportaciones ciudadanas dentro del proceso participativo del Plan Jerez Centro<\/strong>, que ha concluido esta semana despu\u00e9s de un mes de consulta p\u00fablica abierto a la ciudadan\u00eda, empresas, colectivos y entidades locales.<\/p>\n<p class=\"MsoBodyText\">El primer teniente de alcaldesa y delegado del Centro Hist\u00f3rico, Agust\u00edn Mu\u00f1oz, <strong>ha valorado de forma positiva la respuesta ciudadana en esta fase crucial del proceso de planificaci\u00f3n,<\/strong> y ha dado las gracias a todas las personas y entidades que han participado en esta fase, \u201cque marca un punto de inflexi\u00f3n y <strong>consolida el Plan como un proyecto de ciudad compartido<\/strong> y con una visi\u00f3n m\u00e1s integral sobre los retos del centro hist\u00f3rico que\u00a0 permitir\u00e1 tomar decisiones m\u00e1s consensuadas\u201d.<\/p>\n<p class=\"MsoBodyText\">De este modo, el teniente de alcaldesa ha se\u00f1alado que \u201cs<strong>eguimos dando pasos para dise\u00f1ar el modelo de centro hist\u00f3rico que todos queremos<\/strong>, marcando las prioridades desde la escucha activa, y adaptando el diagn\u00f3stico preliminar a la realidad y al sentir de los ciudadanos\u201d. En este sentido, ha subrayado que a trav\u00e9s de este proceso \u201cla sociedad jerezana ha podido evaluar por grado de importancia los problemas detectados en el centro hist\u00f3rico, c<strong>ontribuyendo as\u00ed a la elaboraci\u00f3n de la versi\u00f3n final del diagn\u00f3stico <\/strong>que servir\u00e1 de base para la determinaci\u00f3n de los objetivos del Plan\u201d.<\/p>\n<p class=\"MsoBodyText\">Cabe recordar que para facilitar este proceso, se habilit\u00f3 un cuestionario online\u00a0 en la web municipal jerez.es c<strong>on preguntas estructuradas en cuatro \u00e1reas tem\u00e1ticas<\/strong> de intervenci\u00f3n en el centro hist\u00f3rico (Vivienda, Espacio P\u00fablico, Movilidad y Accesibilidad; Actividades Econ\u00f3micas y Desarrollo; y Cohesi\u00f3n Social y Gobernanza) al objeto de segmentar los \u00edtems m\u00e1s prioritarios y facilitar la toma de decisiones. Asimismo, Agust\u00edn Mu\u00f1oz ha destacado que la fase participativa ha estado abierta tanto a residentes como a no residentes, empresas, aut\u00f3nomos y entidades al objeto de ampliar la perspectiva y reforzar la idea de que el centro \u201ces de todos\u201d.<\/p>\n<p class=\"MsoBodyText\"><strong>Contexto del Plan Jerez Centro<\/strong><\/p>\n<p class=\"MsoBodyText\">El Plan Jerez Centro se concibe como una hoja de ruta para impulsar la revitalizaci\u00f3n y dinamizaci\u00f3n del centro hist\u00f3rico con la mirada puesta en retos varios, como pueden ser favorecer la llegada de nuevos residentes, la puesta en valor de su patrimonio hist\u00f3rico art\u00edstico como foco de atracci\u00f3n tur\u00edstica, o la regeneraci\u00f3n urbana de sus barrios. Cabe recordar que el pasado mes de julio, tuvo lugar la presentaci\u00f3n del Diagn\u00f3stico preliminar por parte de la alcaldesa, Mar\u00eda Jos\u00e9 Garc\u00eda-Pelayo, documento en el que se analiz\u00f3 en profundidad la situaci\u00f3n actual del centro hist\u00f3rico, sus fortalezas, debilidades y principales oportunidades.<\/p>\n<p class=\"MsoBodyText\">Tras el cierre de la fase participativa, los siguientes pasos ser\u00e1n analizar y procesar las\u00a0 aportaciones recibidas para integrarlas en la versi\u00f3n definitiva del Plan. Esta informaci\u00f3n ser\u00e1 determinante para definir las intervenciones m\u00e1s prioritarias que se incluir\u00e1n en el documento final.<\/p>\n","protected":false},"excerpt":{"rendered":"El Ayuntamiento de Jerez ha registrado un total de 450 aportaciones ciudadanas dentro del proceso participativo del Plan&hellip;\n","protected":false},"author":2,"featured_media":300925,"comment_status":"","ping_status":"","sticky":false,"template":"","format":"standard","meta":{"footnotes":""},"categories":[5],"tags":[17,18,25,24,13,14,11,19,20,9,10,15,16,23,12,21,22],"class_list":{"0":"post-300924","1":"post","2":"type-post","3":"status-publish","4":"format-standard","5":"has-post-thumbnail","7":"category-titulares","8":"tag-breaking-news","9":"tag-breakingnews","10":"tag-es","11":"tag-espana","12":"tag-featured-news","13":"tag-featurednews","14":"tag-headlines","15":"tag-latest-news","16":"tag-latestnews","17":"tag-news","18":"tag-noticias","19":"tag-noticias-destacadas","20":"tag-noticiasdestacadas","21":"tag-spain","22":"tag-titulares","23":"tag-ultimas-noticias","24":"tag-ultimasnoticias"},"share_on_mastodon":{"url":"https:\/\/pubeurope.com\/@es\/115761622774772109","error":""},"_links":{"self":[{"href":"https:\/\/www.europesays.com\/es\/wp-json\/wp\/v2\/posts\/300924","targetHints":{"allow":["GET"]}}],"collection":[{"href":"https:\/\/www.europesays.com\/es\/wp-json\/wp\/v2\/posts"}],"about":[{"href":"https:\/\/www.europesays.com\/es\/wp-json\/wp\/v2\/types\/post"}],"author":[{"embeddable":true,"href":"https:\/\/www.europesays.com\/es\/wp-json\/wp\/v2\/users\/2"}],"replies":[{"embeddable":true,"href":"https:\/\/www.europesays.com\/es\/wp-json\/wp\/v2\/comments?post=300924"}],"version-history":[{"count":0,"href":"https:\/\/www.europesays.com\/es\/wp-json\/wp\/v2\/posts\/300924\/revisions"}],"wp:featuredmedia":[{"embeddable":true,"href":"https:\/\/www.europesays.com\/es\/wp-json\/wp\/v2\/media\/300925"}],"wp:attachment":[{"href":"https:\/\/www.europesays.com\/es\/wp-json\/wp\/v2\/media?parent=300924"}],"wp:term":[{"taxonomy":"category","embeddable":true,"href":"https:\/\/www.europesays.com\/es\/wp-json\/wp\/v2\/categories?post=300924"},{"taxonomy":"post_tag","embeddable":true,"href":"https:\/\/www.europesays.com\/es\/wp-json\/wp\/v2\/tags?post=300924"}],"curies":[{"name":"wp","href":"https:\/\/api.w.org\/{rel}","templated":true}]}}