{"id":300942,"date":"2025-12-22T06:00:54","date_gmt":"2025-12-22T06:00:54","guid":{"rendered":"https:\/\/www.europesays.com\/es\/300942\/"},"modified":"2025-12-22T06:00:54","modified_gmt":"2025-12-22T06:00:54","slug":"con-la-vacuna-vimos-la-luz-al-final-del-tunel","status":"publish","type":"post","link":"https:\/\/www.europesays.com\/es\/300942\/","title":{"rendered":"\u00abCon la vacuna vimos la luz al final del t\u00fanel\u00bb"},"content":{"rendered":"<p><a class=\"v-mdl-ath__fig-a\" href=\"https:\/\/www.diariovasco.com\/autor\/aitor-ansa-4089.html\" title=\"Aitor Ansa\" rel=\"nofollow noopener\" target=\"_blank\"><br \/>\n<img decoding=\"async\" class=\"v-mdl-ath__img\" src=\"https:\/\/www.europesays.com\/es\/wp-content\/uploads\/2025\/09\/autor-4089-foto-1.jpeg\" alt=\"Aitor Ansa\"\/><br \/>\n<\/a><\/p>\n<p><a class=\"v-mdl-ath__fig-a\" href=\"https:\/\/www.diariovasco.com\/autor\/paula-dalla-fontana-7276.html\" title=\"Paula Dalla Fontana\" rel=\"nofollow noopener\" target=\"_blank\"><br \/>\n<img decoding=\"async\" class=\"v-mdl-ath__img\" src=\"https:\/\/www.europesays.com\/es\/wp-content\/uploads\/2025\/08\/autor-7276-foto-3.jpeg\" alt=\"Paula Dalla Fontana\"\/><br \/>\n<\/a><\/p>\n<p class=\"v-mdl-ath__p v-mdl-ath__p--6\">\nLunes, 22 de diciembre 2025, 06:30<\/p>\n<p class=\"v-p\">Rosa Sancho lo describe de una manera muy gr\u00e1fica. \u00abVimos la luz al final del t\u00fanel porque la situaci\u00f3n que ten\u00edamos era terrible con esa cantidad de muertos todos los d\u00edas y sin saber adem\u00e1s hasta d\u00f3nde iba a llegar aquello\u00bb, rememora la responsable de vacunaci\u00f3n del Colegio Oficial de Enfermer\u00eda de Gipuzkoa (Coegi). Era diciembre de 2020 y desde hac\u00eda meses el territorio y el mundo entero se enfrentaban a una crisis sanitaria sin precedentes causada por un virus, el SARS-CoV-2, que provocaba s\u00edndromes respiratorios agudos severos debido a su f\u00e1cil transmisi\u00f3n a trav\u00e9s de la tos y el estornudo o al espirar. Pero aquel \u00faltimo mes de hace ahora cinco a\u00f1os llegaban a Euskadi los primeros sueros frente al Covid-19, una nueva ventana a la esperanza en el momento en el que en Espa\u00f1a ya hab\u00eda casi dos millones de casos confirmados y m\u00e1s de 50.000 fallecidos a causa de este pat\u00f3geno.<\/p>\n<p><img decoding=\"async\" id=\"g-8vacunas-XS-img\" class=\"g-8vacunas-XS-img g-aiImg\" alt=\"\" src=\"https:\/\/www.europesays.com\/es\/wp-content\/uploads\/2025\/12\/8vacunas-XS.png\"\/><\/p>\n<p class=\"g-pstyle0\">\u00bfC\u00f3mo se desarrollan las vacunas?<\/p>\n<p class=\"g-pstyle1\">Antes de aplicarnos una vacuna, pasa por un largo proceso de pruebas <\/p>\n<p class=\"g-pstyle1\">La media de desarrollo es entre <\/p>\n<p class=\"g-pstyle1\">El proceso de desarrollo dur\u00f3 menos de <\/p>\n<p class=\"g-pstyle1\">Se solaparon las fases de investigaci\u00f3n en la experimentaci\u00f3n en animales y humanos, lo que permiti\u00f3 que el proceso de vacunaci\u00f3n comience antes y sea igual de seguro y eficaz.<\/p>\n<p class=\"g-pstyle3\">Un joven recibiendo la vacuna en el vacun\u00f3dromo de Illunbe. I\u00d1IGO ROYO<\/p>\n<p class=\"g-pstyle3\">Primeras vacunas de Euskadi llegando a \u00c1lava.<\/p>\n<p class=\"g-pstyle3\">Filas en el vacunatorio de Anoeta. <\/p>\n<p><img decoding=\"async\" id=\"g-8vacunas-S-img\" class=\"g-8vacunas-S-img g-aiImg\" alt=\"\" src=\"https:\/\/www.europesays.com\/es\/wp-content\/uploads\/2025\/12\/8vacunas-S.png\"\/><\/p>\n<p class=\"g-pstyle0\">\u00bfC\u00f3mo se desarrollan las vacunas?<\/p>\n<p class=\"g-pstyle1\">Antes de aplicarnos una vacuna, pasa por un largo proceso de pruebas <\/p>\n<p class=\"g-pstyle1\">La media de desarrollo es entre <\/p>\n<p class=\"g-pstyle1\">El proceso de desarrollo dur\u00f3 menos de <\/p>\n<p class=\"g-pstyle1\">Se solaparon las fases de investigaci\u00f3n en la experimentaci\u00f3n en animales y humanos, lo que permiti\u00f3 que el proceso de vacunaci\u00f3n comience antes y sea igual de seguro y eficaz.<\/p>\n<p class=\"g-pstyle3\">Un joven recibiendo la vacuna en el vacun\u00f3dromo de Illunbe. I\u00d1IGO ROYO<\/p>\n<p class=\"g-pstyle3\">Primeras vacunas de Euskadi llegando a \u00c1lava.<\/p>\n<p class=\"g-pstyle3\">Filas en el vacunatorio de Anoeta. <\/p>\n<p class=\"g-pstyle3\">Filas en el vacunatorio de Anoeta. <\/p>\n<p><img decoding=\"async\" id=\"g-8vacunas-M-img\" class=\"g-8vacunas-M-img g-aiImg\" alt=\"\" src=\"https:\/\/www.europesays.com\/es\/wp-content\/uploads\/2025\/12\/8vacunas-M.png\"\/><\/p>\n<p class=\"g-pstyle0\">\u00bfC\u00f3mo se desarrollan las vacunas?<\/p>\n<p class=\"g-pstyle1\">Antes de aplicarnos una vacuna, pasa por un largo proceso de pruebas <\/p>\n<p class=\"g-pstyle1\">La media de desarrollo es entre <\/p>\n<p class=\"g-pstyle1\">El proceso de desarrollo dur\u00f3 menos de <\/p>\n<p class=\"g-pstyle1\">Se solaparon las fases de investigaci\u00f3n en la experimentaci\u00f3n en animales y humanos, lo que permiti\u00f3 que el proceso de vacunaci\u00f3n comience antes y sea igual de seguro y eficaz.<\/p>\n<p class=\"g-pstyle3\">Un joven recibiendo la vacuna en el vacun\u00f3dromo de Illunbe. I\u00d1IGO ROYO<\/p>\n<p class=\"g-pstyle5\">Primeras vacunas de Euskadi llegando a \u00c1lava.<\/p>\n<p class=\"g-pstyle5\">Filas en el vacunatorio de Anoeta. <\/p>\n<p><img decoding=\"async\" id=\"g-8vacunas-L-img\" class=\"g-8vacunas-L-img g-aiImg\" alt=\"\" src=\"https:\/\/www.europesays.com\/es\/wp-content\/uploads\/2025\/12\/8vacunas-L.png\"\/><\/p>\n<p class=\"g-pstyle0\">\u00bfC\u00f3mo se desarrollan las vacunas?<\/p>\n<p class=\"g-pstyle1\">Antes de aplicarnos una vacuna, pasa por un largo proceso de pruebas.<\/p>\n<p class=\"g-pstyle1\">La media de desarrollo es entre <\/p>\n<p class=\"g-pstyle1\">El proceso de desarrollo dur\u00f3 menos de <\/p>\n<p class=\"g-pstyle1\">Se solaparon las fases de investigaci\u00f3n en la experimentaci\u00f3n en animales y humanos, lo que permiti\u00f3 que el proceso de vacunaci\u00f3n comience antes y sea igual de seguro y eficaz.<\/p>\n<p class=\"g-pstyle3\">Un joven recibiendo la vacuna en el vacun\u00f3dromo de Illunbe. I\u00d1IGO ROYO<\/p>\n<p class=\"g-pstyle3\">Primeras vacunas de Euskadi llegando a \u00c1lava.<\/p>\n<p class=\"g-pstyle3\">Filas en el vacunatorio de Anoeta. <\/p>\n<p><img decoding=\"async\" id=\"g-fullvac-XS-img\" class=\"g-fullvac-XS-img g-aiImg\" alt=\"\" src=\"https:\/\/www.europesays.com\/es\/wp-content\/uploads\/2025\/12\/fullvac-XS.jpg\"\/><\/p>\n<p class=\"g-pstyle0\">Bernardina Escudero fue la primera gipuzcoana en recibir la vacuna el 27 de diciembre de 2020 en Hondarribia. EFE<\/p>\n<p><img decoding=\"async\" id=\"g-fullvac-S-img\" class=\"g-fullvac-S-img g-aiImg\" alt=\"\" src=\"https:\/\/www.europesays.com\/es\/wp-content\/uploads\/2025\/12\/fullvac-S.jpg\"\/><\/p>\n<p class=\"g-pstyle0\">Bernardina Escudero fue la primera gipuzcoana en recibir la vacuna el 27 de diciembre de 2020 en Hondarribia. EFE<\/p>\n<p><img decoding=\"async\" id=\"g-fullvac-M-img\" class=\"g-fullvac-M-img g-aiImg\" alt=\"\" src=\"https:\/\/www.europesays.com\/es\/wp-content\/uploads\/2025\/12\/fullvac-M.jpg\"\/><\/p>\n<p class=\"g-pstyle0\">Bernardina Escudero fue la primera gipuzcoana en recibir la vacuna el 27 de diciembre de 2020 en Hondarribia. EFE<\/p>\n<p><img decoding=\"async\" id=\"g-fullvac-L-img\" class=\"g-fullvac-L-img g-aiImg\" alt=\"\" src=\"https:\/\/www.europesays.com\/es\/wp-content\/uploads\/2025\/12\/fullvac-L.jpg\"\/><\/p>\n<p class=\"g-pstyle0\">Bernardina Escudero fue la primera gipuzcoana en recibir la vacuna el 27 de diciembre de 2020 en Hondarribia. EFE<\/p>\n<p class=\"v-p\">El 27 de diciembre de 2020 Bernardina Escudero, que por aquel entonces ten\u00eda 87 a\u00f1os, se convirti\u00f3 en la primera guipuzcoana en recibir la vacuna contra el coronavirus. Fue un momento hist\u00f3rico para esta oiartzuarra y usuaria de la residencia Caser Betharram de Hondarribia, que se puso la dosis contra el Covid-19 bajo la atenta mirada de decenas de c\u00e1maras y compa\u00f1eros del centro, as\u00ed como trabajadoras de la residencia. <\/p>\n<p class=\"v-p\">La dosis que recibi\u00f3 fue la de Pfizer-BioNTech. El tan esperado suero lleg\u00f3 por primera vez al centro a las 11.54 horas del 27 de diciembre de 2020 desde el Hospital Universitario Araba-Txagorritxu. Lo hizo en una furgoneta de la Distribuidora Farmac\u00e9utica de Gipuzkoa (DFG) escoltada por un veh\u00edculo de la Ertzaintza. Eran 180 dosis que una persona se encarg\u00f3 de introducir en la residencia. Ven\u00edan en una peque\u00f1a nevera azul, de esas de playa, no en un contenedor futurista o en un recipiente ultrablindado a prueba de cat\u00e1strofes. \u00abTen\u00edamos la posibilidad de poder acabar o por lo menos controlar la pandemia. Fue una gran esperanza de, por lo menos, cambiar y eliminar esa situaci\u00f3n que est\u00e1bamos viviendo tan terror\u00edfica cada d\u00eda\u00bb, sostiene Sancho.<\/p>\n<p class=\"v-p\">En parte no le falta raz\u00f3n. Porque a pesar de las diferentes olas de contagios, la vida dio un giro de 180 grados tras la campa\u00f1a de inmunizaci\u00f3n. \u00abEn ese momento todo el mundo ten\u00edamos much\u00edsimo miedo de esta enfermedad, porque adem\u00e1s no sab\u00edamos hasta d\u00f3nde pod\u00eda llegar. Era algo nuevo y est\u00e1bamos viendo todos los d\u00edas la cantidad de muertos que se produc\u00edan. Por lo tanto era la \u00fanica herramienta que ten\u00edamos para combatir esa situaci\u00f3n, porque la otra opci\u00f3n era no salir de casa ni relacionarse con nadie, cosa que es inviable a futuro. En nuestro entorno fuimos de los que mejores resultados de inmunizaci\u00f3n conseguimos\u00bb, sostiene la responsable de vacunaci\u00f3n del Coegi.<\/p>\n<p class=\"v-p\">El desarrollo de una vacuna es un proceso sumamente complejo y supone una media de entre cuatro y siete a\u00f1os hasta que se pone a disposici\u00f3n de la poblaci\u00f3n. Con el suero de la Covid-19 sucedi\u00f3 que todos esos pasos se aceleraron de manera exponencial, logrando una profilaxis en un plazo de tiempo de menos de un a\u00f1o, sin que ello comprometiese los est\u00e1ndares habituales de \u00abcalidad, seguridad y eficacia\u00bb del pinchazo.<\/p>\n<p>ARN mensajero<\/p>\n<p class=\"v-p\">Para lograrlo confluyeron varios factores. Por un lado, las fases \u00abse acortaron lo m\u00e1ximo posible\u00bb, de tal manera que varios pasos se superpon\u00edan con el fin de lograr una vacuna lo m\u00e1s r\u00e1pido posible. Las agencias de medicamentos, por ejemplo, evaluaban los datos de la investigaci\u00f3n cl\u00ednica seg\u00fan se iban generando y los laboratorios farmac\u00e9uticos produc\u00edan vacunas a riesgo, es decir, fabricaban sus modelos antes de conocer los resultados de los ensayos cl\u00ednicos y si sus propuestas de vacuna iban a ser autorizadas por la Agencia Europea de Medicamentos (EMA). Esto permit\u00eda que, una vez que la profilaxis recibiese el visto bueno, se pudiese utilizar masivamente de manera casi inmediata.<\/p>\n<p class=\"v-p\">En la fabricaci\u00f3n de estos pinchazos tambi\u00e9n \u00abse dio un paso importante al utilizar una tecnolog\u00eda de fabricaci\u00f3n\u00bb llamada ARNmensajero. \u00abEsta tecnolog\u00eda permite desarrollar una vacuna de manera m\u00e1s r\u00e1pida que otras que tenemos, como las vacunas habituales que son de prote\u00ednas, y que llevan un periodo m\u00e1s largo\u00bb, explica Sancho.<\/p>\n<p class=\"v-p\">El sistema inmune nos permite enfrentarnos y vencer a diferentes enfermedades causadas por microorganismos como virus y bacterias. Sin \u00e9l, cualquier infecci\u00f3n acabar\u00eda da\u00f1ando \u00f3rganos vitales y conduci\u00e9ndonos a la muerte. Cuando un virus nos infecta, el sistema inmune detecta su presencia y genera dos tipos de respuesta: por un lado, produce unas prote\u00ednas llamadas anticuerpos que se unen a las prote\u00ednas del virus para neutralizarlo y as\u00ed evitar que pueda infectar a nuevas c\u00e9lulas; y por otro, estimula unas c\u00e9lulas denominadas citot\u00f3xicas, que tienen la capacidad de reconocer c\u00e9lulas infectadas por el virus y matarlas antes de que puedan liberar m\u00e1s virus en el organismo.<\/p>\n<p class=\"v-p\">Los avances en investigaci\u00f3n biol\u00f3gica han permitido identificar en muchos casos las prote\u00ednas que permiten que el virus infecte y se multiplique en las personas. Es lo que lograron la h\u00fangara Katalin Karik\u00f3 y el estadounidense Drew Weissman, los &#8216;padres&#8217; de la vacuna de ARN contra el Covid-19 y que les vali\u00f3 el premioNobel en el a\u00f1o 2023. <\/p>\n<p class=\"v-p\">Al contrario que las vacunas &#8216;convencionales&#8217;, que se valen de pat\u00f3genos debilitados o inactivados para estimular al sistema inmunitario para que aprenda a localizar y destruir a ese &#8216;enemigo&#8217;, las vacunas de ARNm se aprovechan de nuestra maquinaria celular para que sean nuestras propias c\u00e9lulas las que produzcan prote\u00ednas id\u00e9nticas a las que portan los virus en la superficie, de forma que el sistema inmune se entrene y aprenda a reconocerlas para que est\u00e9 preparado en caso de que se produzca una infecci\u00f3n. Esta innovadora tecnolog\u00eda, que nunca antes se hab\u00eda empleado en el desarrollo de una vacuna, permiti\u00f3 cambiar el curso de la pandemia.<\/p>\n<p><img decoding=\"async\" id=\"g-6vacunas-L-img\" class=\"g-6vacunas-L-img g-aiImg\" alt=\"\" src=\"https:\/\/www.europesays.com\/es\/wp-content\/uploads\/2025\/12\/6vacunas-L.png\"\/><\/p>\n<p class=\"g-pstyle2\">Transporta instrucciones gen\u00e9ticas para que nuestras c\u00e9lulas fabriquen prote\u00ednas concretas. En el caso de la COVID, la prote\u00edna espiga, una parte del virus. <\/p>\n<p class=\"g-pstyle3\">Bioqu\u00edmica h\u00fangara especializada en ARN.<\/p>\n<p class=\"g-pstyle3\">Inmun\u00f3logo estadounidense<\/p>\n<p class=\"g-pstyle3\">de la Universidad de Pensilvania.<\/p>\n<p class=\"g-pstyle5\">Katalin Karik\u00f3 y Drew Weissman, ganadores del Premio Nobel de Medicina 2023, sentaron las bases cient\u00edficas que hicieron posible el desarrollo de las vacunas de ARN mensajero contra la COVID-19. REUTERS<\/p>\n<p class=\"g-pstyle2\">Karik\u00f3 sintetiz\u00f3 el ARN mensajero en Hungr\u00eda. Esto significa que logr\u00f3 fabricar en el laboratorio una mol\u00e9cula que imita el ARN.<\/p>\n<p class=\"g-pstyle7\">Katalin Karik\u00f3, la madre de la vacuna contra el coronavirus. REUTERS<\/p>\n<p class=\"g-pstyle2\">Karik\u00f3 comenz\u00f3 a trabajar con Weissman y juntos buscaron aplicar el ARN mensajero al desarrollo de vacunas.<\/p>\n<p class=\"g-pstyle2\">Gracias a las d\u00e9cadas de investigaci\u00f3n previa, BioNtech-Pfizer y Moderna desarrollaron en tiempo r\u00e9cord las primeras vacunas de ARN contra la COVID-19.<\/p>\n<p><img decoding=\"async\" id=\"g-6vacunas-M-img\" class=\"g-6vacunas-M-img g-aiImg\" alt=\"\" src=\"https:\/\/www.europesays.com\/es\/wp-content\/uploads\/2025\/12\/6vacunas-M.png\"\/><\/p>\n<p class=\"g-pstyle2\">Transporta instrucciones gen\u00e9ticas para que nuestras c\u00e9lulas fabriquen prote\u00ednas concretas. En el caso de la COVID, la prote\u00edna espiga, una parte del virus. <\/p>\n<p class=\"g-pstyle5\">Bioqu\u00edmica h\u00fangara especializada en ARN.<\/p>\n<p class=\"g-pstyle5\">Inmun\u00f3logo estadounidense.<\/p>\n<p class=\"g-pstyle6\">Katalin Karik\u00f3 y Drew Weissman, ganadores del Premio Nobel de Medicina 2023, sentaron las bases cient\u00edficas que hicieron posible el desarrollo de las vacunas de ARN mensajero contra la COVID-19. REUTERS<\/p>\n<p class=\"g-pstyle2\">Karik\u00f3 sintetiz\u00f3 el ARN mensajero en Hungr\u00eda. Esto significa que logr\u00f3 fabricar en el laboratorio una mol\u00e9cula que imita el ARN.<\/p>\n<p class=\"g-pstyle8\">Katalin Karik\u00f3, la madre de la vacuna contra el coronavirus. REUTERS<\/p>\n<p class=\"g-pstyle2\">Karik\u00f3 comenz\u00f3 a trabajar con Weissman y juntos buscaron aplicar el ARN mensajero al desarrollo de vacunas.<\/p>\n<p class=\"g-pstyle2\">Gracias a las d\u00e9cadas de investigaci\u00f3n previa, BioNtech-Pfizer y Moderna desarrollaron en tiempo r\u00e9cord las primeras vacunas de ARN contra la COVID-19.<\/p>\n<p><img decoding=\"async\" id=\"g-6vacunas-XS-img\" class=\"g-6vacunas-XS-img g-aiImg\" alt=\"\" src=\"https:\/\/www.europesays.com\/es\/wp-content\/uploads\/2025\/12\/6vacunas-XS.png\"\/><\/p>\n<p class=\"g-pstyle2\">Transporta instrucciones gen\u00e9ticas para que nuestras c\u00e9lulas fabriquen prote\u00ednas concretas. En el caso de la COVID, la prote\u00edna espiga, una parte del virus. <\/p>\n<p class=\"g-pstyle4\">Katalin Karik\u00f3 y Drew Weissman, ganadores del Premio Nobel de Medicina 2023, sentaron las bases cient\u00edficas que hicieron posible el desarrollo de las vacunas de ARN mensajero contra la COVID-19. REUTERS<\/p>\n<p class=\"g-pstyle2\">Karik\u00f3 sintetiz\u00f3 el ARN mensajero en Hungr\u00eda. Esto significa que logr\u00f3 fabricar en el laboratorio una mol\u00e9cula que imita el ARN.<\/p>\n<p class=\"g-pstyle6\">Katalin Karik\u00f3, la madre de la vacuna contra el coronavirus. REUTERS<\/p>\n<p class=\"g-pstyle2\">Karik\u00f3 comenz\u00f3 a trabajar con Weissman y juntos buscaron aplicar el ARN mensajero al desarrollo de vacunas.<\/p>\n<p class=\"g-pstyle2\">Gracias a las d\u00e9cadas de investigaci\u00f3n previa, BioNtech-Pfizer y Moderna desarrollaron en tiempo r\u00e9cord las primeras vacunas de ARN contra la COVID-19.<\/p>\n<p><img decoding=\"async\" id=\"g-6vacunas-S-img\" class=\"g-6vacunas-S-img g-aiImg\" alt=\"\" src=\"https:\/\/www.europesays.com\/es\/wp-content\/uploads\/2025\/12\/6vacunas-S.png\"\/><\/p>\n<p class=\"g-pstyle3\">Transporta instrucciones gen\u00e9ticas para que nuestras c\u00e9lulas fabriquen prote\u00ednas concretas. En el caso de la COVID, la prote\u00edna espiga, una parte del virus. <\/p>\n<p class=\"g-pstyle5\">Katalin Karik\u00f3 y Drew Weissman, ganadores del Premio Nobel de Medicina 2023, sentaron las bases cient\u00edficas que hicieron posible el desarrollo de las vacunas de ARN mensajero contra la COVID-19. REUTERS<\/p>\n<p class=\"g-pstyle3\">Karik\u00f3 sintetiz\u00f3 el ARN mensajero en Hungr\u00eda. Esto significa que logr\u00f3 fabricar en el laboratorio una mol\u00e9cula que imita el ARN.<\/p>\n<p class=\"g-pstyle7\">Katalin Karik\u00f3, la madre de la vacuna contra el coronavirus. REUTERS<\/p>\n<p class=\"g-pstyle3\">Karik\u00f3 comenz\u00f3 a trabajar con Weissman y juntos buscaron aplicar el ARN mensajero al desarrollo de vacunas.<\/p>\n<p class=\"g-pstyle3\">Gracias a las d\u00e9cadas de investigaci\u00f3n previa, BioNtech-Pfizer y Moderna desarrollaron en tiempo r\u00e9cord las primeras vacunas de ARN contra la COVID-19.<\/p>\n<p><img decoding=\"async\" id=\"g-2vacunas-S-img\" class=\"g-2vacunas-S-img g-aiImg\" alt=\"\" src=\"https:\/\/www.europesays.com\/es\/wp-content\/uploads\/2025\/12\/2vacunas-S.png\"\/><\/p>\n<p class=\"g-pstyle1\">El ARN entra en el cuerpo encapsulado en una nanopart\u00edcula que protege y ayuda que entre en las c\u00e9lulas.<\/p>\n<p class=\"g-pstyle1\">Carga instrucciones gen\u00e9ticas.<\/p>\n<p class=\"g-pstyle1\">Una vez dentro de la c\u00e9lula el ARN llega a los ribosomas (la \u201cm\u00e1quina que fabrica prote\u00ednas) Los ribosomas leen las instrucciones que transporta el ARN y produce una prote\u00edna del virus.<\/p>\n<p class=\"g-pstyle1\">C\u00c9LULA INMUNE PRESENTADORA DE ANT\u00cdGENOS<\/p>\n<p class=\"g-pstyle1\">La prote\u00edna fabricada (ant\u00edgeno) se muestra al sistema inmune. La c\u00e9lula presentadora de ant\u00edgenos la detecta y activa la respuesta inmune. <\/p>\n<p><img decoding=\"async\" id=\"g-2vacunas-L-img\" class=\"g-2vacunas-L-img g-aiImg\" alt=\"\" src=\"https:\/\/www.europesays.com\/es\/wp-content\/uploads\/2025\/12\/2vacunas-L.png\"\/><\/p>\n<p class=\"g-pstyle1\">El ARN entra en el cuerpo encapsulado en una nanopart\u00edcula que protege y ayuda que entre en las c\u00e9lulas.<\/p>\n<p class=\"g-pstyle1\">Carga instrucciones gen\u00e9ticas.<\/p>\n<p class=\"g-pstyle1\">Una vez dentro de la c\u00e9lula el ARN llega a los ribosomas (la \u201cm\u00e1quina que fabrica prote\u00ednas) Los ribosomas leen las instrucciones que transporta el ARN y produce una prote\u00edna del virus.<\/p>\n<p class=\"g-pstyle1\">C\u00c9LULA INMUNE PRESENTADORA DE ANT\u00cdGENOS<\/p>\n<p class=\"g-pstyle1\">La prote\u00edna fabricada (ant\u00edgeno) se muestra al sistema inmune. La c\u00e9lula presentadora de ant\u00edgenos la detecta y activa la respuesta inmune. <\/p>\n<p><img decoding=\"async\" id=\"g-2vacunas-M-img\" class=\"g-2vacunas-M-img g-aiImg\" alt=\"\" src=\"https:\/\/www.europesays.com\/es\/wp-content\/uploads\/2025\/12\/2vacunas-M.png\"\/><\/p>\n<p class=\"g-pstyle1\">El ARN entra en el cuerpo encapsulado en una nanopart\u00edcula que protege y ayuda que entre en las c\u00e9lulas.<\/p>\n<p class=\"g-pstyle1\">Carga instrucciones gen\u00e9ticas.<\/p>\n<p class=\"g-pstyle1\">Una vez dentro de la c\u00e9lula el ARN llega a los ribosomas (la \u201cm\u00e1quina que fabrica prote\u00ednas) Los ribosomas leen las instrucciones que transporta el ARN y produce una prote\u00edna del virus.<\/p>\n<p class=\"g-pstyle1\">C\u00c9LULA INMUNE PRESENTADORA DE ANT\u00cdGENOS<\/p>\n<p class=\"g-pstyle1\">La prote\u00edna fabricada (ant\u00edgeno) se muestra al sistema inmune. La c\u00e9lula presentadora de ant\u00edgenos la detecta y activa la respuesta inmune. <\/p>\n<p><img decoding=\"async\" id=\"g-2vacunas-XS-img\" class=\"g-2vacunas-XS-img g-aiImg\" alt=\"\" src=\"https:\/\/www.europesays.com\/es\/wp-content\/uploads\/2025\/12\/2vacunas-XS.png\"\/><\/p>\n<p class=\"g-pstyle1\">El ARN entra en el cuerpo encapsulado en una nanopart\u00edcula que protege y ayuda que entre en las c\u00e9lulas.<\/p>\n<p class=\"g-pstyle1\">Carga instrucciones gen\u00e9ticas.<\/p>\n<p class=\"g-pstyle1\">Una vez dentro de la c\u00e9lula el ARN llega a los ribosomas (la \u201cm\u00e1quina que fabrica prote\u00ednas) Los ribosomas leen las instrucciones que transporta el ARN y produce una prote\u00edna del virus.<\/p>\n<p class=\"g-pstyle1\">C\u00c9LULA INMUNE PRESENTADORA DE ANT\u00cdGENOS<\/p>\n<p class=\"g-pstyle1\">La prote\u00edna fabricada (ant\u00edgeno) se muestra al sistema inmune. La c\u00e9lula presentadora de ant\u00edgenos la detecta y activa la respuesta inmune. <\/p>\n<p class=\"v-p\">FernandoCoss\u00edo, qu\u00edmico y director cient\u00edfico de Ikerbasque, resume el hito que lograron estos dos cient\u00edficos. \u00abUno de los problemas del ARN es que son inestables; es decir, al administrarlo se produc\u00edan unas degradaciones y la eficacia se perd\u00eda r\u00e1pidamente. Karik\u00f3 y Weissman lograron desarrollaron una t\u00e9cnica para estabilizar esas secuencias del ARN mensajero. Y eso fue lo que permiti\u00f3 administrar estas vacunas en un tiempo r\u00e9cord\u00bb, explica el investigador, que detalla que \u00abestas vacunas ten\u00edan 20 a\u00f1os de desarrollo previo. Lo que pasa es que en aquel momento la virolog\u00eda no era la parte estrella, la parte chula de la que todo el mundo habla. Era una ciencia callada de avances muy lentos. Las personas que se dedicaban a eso no eran estrellas del mundo de la investigaci\u00f3n. Luego s\u00ed, por la gravedad del asunto\u00bb.<\/p>\n<p><img decoding=\"async\" id=\"g-7vacunas-L-img\" class=\"g-7vacunas-L-img g-aiImg\" alt=\"\" src=\"https:\/\/www.europesays.com\/es\/wp-content\/uploads\/2025\/12\/7vacunas-L.png\"\/><\/p>\n<p class=\"g-pstyle0\">Principales mitos sobre la vacuna del coronavirus<\/p>\n<p class=\"g-pstyle2\">Implantaci\u00f3n de microchips<\/p>\n<p class=\"g-pstyle3\">Durante la pandemia circularon teor\u00edas conspirativas diciendo que la vacuna pod\u00eda cambiar el ADN, ya que algunas de las vacunas comercializadas utilizaron la teor\u00eda del ARN mensajero. <\/p>\n<p class=\"g-pstyle3\">La idea de que la pandemia fue un plan para implantar a la gente microchips rastreables mediante las vacunas recorrio el mundo. <\/p>\n<p class=\"g-pstyle3\">No existe tal vacuna con microchip. Los rumores surgieron porque Bill Gates, cofundador de Microsoft, dijo que tendr\u00edamos \u201ccertificados digitales\u201d que muestran informaci\u00f3n sobre la enfermedad. <\/p>\n<p class=\"g-pstyle3\">Seg\u00fan expertos, inyectar ARN a una persona no cambia en nada el ADN de una c\u00e9lula humana. El ARN mensajero interact\u00faa con las c\u00e9lulas, pero el material nunca ingresa al n\u00facleo de estas, en d\u00f3nde se encuentra el ADN. <\/p>\n<p class=\"g-pstyle2\">La vacuna puede causar infertilidad<\/p>\n<p class=\"g-pstyle3\">Comenz\u00f3 como un rumor basado en la supuesta inclusi\u00f3n de una prote\u00edna que presuntamente afecta la fertilidad. <\/p>\n<p class=\"g-pstyle4\">\u00abEl 99.97% de la gente sobrevive al COVID, as\u00ed que no necesitamos vacunas\u00bb<\/p>\n<p class=\"g-pstyle3\">La vacuna contra la COVID no afecta la fertilidad. La prote\u00edna del rumor no est\u00e1 presente en la vacuna. <\/p>\n<p class=\"g-pstyle3\">La cifra es incorrecta: aproximadamente el 99% sobrevive. Significa que 100 de cada 1.000 personas morir\u00e1n. La vacunaci\u00f3n no sirve solo para no morir, sino que se trata de un esfuerzo colectivo para proteger al pr\u00f3gimo y evitar el colapso hospitalario.<\/p>\n<p class=\"g-pstyle3\">Datos de 2021 revelan que no hay mayor riesgo de aborto espont\u00e1neo entre casi 2.500 mujeres embarazadas que recibieron la vacuna ARN antes de las 20 semanas de embarazo. <\/p>\n<p class=\"g-pstyle2\">La vacuna produce abortos espont\u00e1neos<\/p>\n<p><img decoding=\"async\" id=\"g-7vacunas-M-img\" class=\"g-7vacunas-M-img g-aiImg\" alt=\"\" src=\"https:\/\/www.europesays.com\/es\/wp-content\/uploads\/2025\/12\/7vacunas-M.png\"\/><\/p>\n<p class=\"g-pstyle0\">Principales mitos sobre la vacuna del coronavirus<\/p>\n<p class=\"g-pstyle3\">Durante la pandemia circularon teor\u00edas conspirativas diciendo que la vacuna pod\u00eda cambiar el ADN, ya que algunas de las vacunas comercializadas utilizaron la teor\u00eda del ARN mensajero. <\/p>\n<p class=\"g-pstyle3\">Seg\u00fan expertos, inyectar ARN a una persona no cambia en nada el ADN de una c\u00e9lula humana. El ARN mensajero interact\u00faa con las c\u00e9lulas, pero el material nunca ingresa al n\u00facleo de estas, en d\u00f3nde se encuentra el ADN. <\/p>\n<p class=\"g-pstyle2\">Implantaci\u00f3n de microchips<\/p>\n<p class=\"g-pstyle3\">La idea de que la pandemia fue un plan para implantar a la gente microchips rastreables mediante las vacunas recorrio el mundo. <\/p>\n<p class=\"g-pstyle3\">No existe tal vacuna con microchip. Los rumores surgieron porque Bill Gates, cofundador de Microsoft, dijo que tendr\u00edamos \u201ccertificados digitales\u201d que muestran informaci\u00f3n sobre la enfermedad. <\/p>\n<p class=\"g-pstyle4\">\u00abEl 99.97% de la gente sobrevive al COVID, as\u00ed que no necesitamos vacunas\u00bb<\/p>\n<p class=\"g-pstyle3\">La cifra es incorrecta: aproximadamente el 99% sobrevive. Significa que 100 de cada 1.000 personas morir\u00e1n. La vacunaci\u00f3n no sirve solo para no morir, sino que se trata de un esfuerzo colectivo para proteger al pr\u00f3gimo y evitar el colapso hospitalario.<\/p>\n<p class=\"g-pstyle2\">La vacuna puede causar infertilidad<\/p>\n<p class=\"g-pstyle3\">Comenz\u00f3 como un rumor basado en la supuesta inclusi\u00f3n de una prote\u00edna que presuntamente afecta la fertilidad. <\/p>\n<p class=\"g-pstyle3\">La vacuna contra la COVID no afecta la fertilidad. La prote\u00edna del rumor no est\u00e1 presente en la vacuna. <\/p>\n<p class=\"g-pstyle3\">Datos de 2021 revelan que no hay mayor riesgo de aborto espont\u00e1neo entre casi 2.500 mujeres embarazadas que recibieron la vacuna ARN antes de las 20 semanas de embarazo. <\/p>\n<p class=\"g-pstyle2\">La vacuna produce abortos espont\u00e1neos<\/p>\n<p><img decoding=\"async\" id=\"g-7vacunas-S-img\" class=\"g-7vacunas-S-img g-aiImg\" alt=\"\" src=\"https:\/\/www.europesays.com\/es\/wp-content\/uploads\/2025\/12\/7vacunas-S.png\"\/><\/p>\n<p class=\"g-pstyle0\">Principales mitos sobre la vacuna del coronavirus<\/p>\n<p class=\"g-pstyle3\">Durante la pandemia circularon teor\u00edas conspirativas diciendo que la vacuna pod\u00eda cambiar el ADN, ya que algunas de las vacunas comercializadas utilizaron la teor\u00eda del ARN mensajero. <\/p>\n<p class=\"g-pstyle3\">Seg\u00fan expertos, inyectar ARN a una persona no cambia en nada el ADN de una c\u00e9lula humana. El ARN mensajero interact\u00faa con las c\u00e9lulas, pero el material nunca ingresa al n\u00facleo de estas, en d\u00f3nde se encuentra el ADN. <\/p>\n<p class=\"g-pstyle2\">Implantaci\u00f3n de microchips<\/p>\n<p class=\"g-pstyle3\">La idea de que la pandemia fue un plan para implantar a la gente microchips rastreables mediante las vacunas recorrio el mundo. <\/p>\n<p class=\"g-pstyle3\">No existe tal vacuna con microchip. Los rumores surgieron porque Bill Gates, cofundador de Microsoft, dijo que tendr\u00edamos \u201ccertificados digitales\u201d que muestran informaci\u00f3n sobre la enfermedad. <\/p>\n<p class=\"g-pstyle4\">\u00abEl 99.97% de la gente sobrevive al COVID, as\u00ed que no necesitamos vacunas\u00bb<\/p>\n<p class=\"g-pstyle3\">La cifra es incorrecta: aproximadamente el 99% sobrevive. Significa que 100 de cada 1.000 personas morir\u00e1n. La vacunaci\u00f3n no sirve solo para no morir, sino que se trata de un esfuerzo colectivo para proteger al pr\u00f3gimo y evitar el colapso hospitalario.<\/p>\n<p class=\"g-pstyle2\">La vacuna puede causar infertilidad<\/p>\n<p class=\"g-pstyle3\">Comenz\u00f3 como un rumor basado en la supuesta inclusi\u00f3n de una prote\u00edna que presuntamente afecta la fertilidad. <\/p>\n<p class=\"g-pstyle3\">La vacuna contra la COVID no afecta la fertilidad. La prote\u00edna del rumor no est\u00e1 presente en la vacuna. <\/p>\n<p class=\"g-pstyle2\">La vacuna produce abortos espont\u00e1neos<\/p>\n<p class=\"g-pstyle3\">Datos de 2021 revelan que no hay mayor riesgo de aborto espont\u00e1neo entre casi 2.500 mujeres embarazadas que recibieron la vacuna ARN antes de las 20 semanas de embarazo. <\/p>\n<p><img decoding=\"async\" id=\"g-7vacunas-XS-img\" class=\"g-7vacunas-XS-img g-aiImg\" alt=\"\" src=\"https:\/\/www.europesays.com\/es\/wp-content\/uploads\/2025\/12\/7vacunas-XS.png\"\/><\/p>\n<p class=\"g-pstyle0\">Principales mitos sobre la vacuna del coronavirus<\/p>\n<p class=\"g-pstyle3\">Durante la pandemia circularon teor\u00edas conspirativas diciendo que la vacuna pod\u00eda cambiar el ADN, ya que algunas de las vacunas comercializadas utilizaron la teor\u00eda del ARN mensajero. <\/p>\n<p class=\"g-pstyle3\">Seg\u00fan expertos, inyectar ARN a una persona no cambia en nada el ADN de una c\u00e9lula humana. El ARN mensajero interact\u00faa con las c\u00e9lulas, pero el material nunca ingresa al n\u00facleo de estas, en d\u00f3nde se encuentra el ADN. <\/p>\n<p class=\"g-pstyle2\">Implantaci\u00f3n de microchips<\/p>\n<p class=\"g-pstyle3\">La idea de que la pandemia fue un plan para implantar a la gente microchips rastreables mediante las vacunas recorrio el mundo. <\/p>\n<p class=\"g-pstyle3\">No existe tal vacuna con microchip. Los rumores surgieron porque Bill Gates, cofundador de Microsoft, dijo que tendr\u00edamos \u201ccertificados digitales\u201d que muestran informaci\u00f3n sobre la enfermedad. <\/p>\n<p class=\"g-pstyle4\">\u00abEl 99.97% de la gente sobrevive al COVID, as\u00ed que no necesitamos vacunas\u00bb<\/p>\n<p class=\"g-pstyle3\">La cifra es incorrecta: aproximadamente el 99% sobrevive. Significa que 100 de cada 1.000 personas morir\u00e1n. La vacunaci\u00f3n no sirve solo para no morir, sino que se trata de un esfuerzo colectivo para proteger al pr\u00f3gimo y evitar el colapso hospitalario.<\/p>\n<p class=\"g-pstyle2\">La vacuna puede causar infertilidad<\/p>\n<p class=\"g-pstyle3\">Comenz\u00f3 como un rumor basado en la supuesta inclusi\u00f3n de una prote\u00edna que presuntamente afecta la fertilidad. <\/p>\n<p class=\"g-pstyle3\">La vacuna contra la COVID no afecta la fertilidad. La prote\u00edna del rumor no est\u00e1 presente en la vacuna. <\/p>\n<p class=\"g-pstyle2\">La vacuna produce abortos espont\u00e1neos<\/p>\n<p class=\"g-pstyle3\">Datos de 2021 revelan que no hay mayor riesgo de aborto espont\u00e1neo entre casi 2.500 mujeres embarazadas que recibieron la vacuna ARN antes de las 20 semanas de embarazo. <\/p>\n<p class=\"v-p\">Los avances en investigaci\u00f3n biol\u00f3gica han permitido identificar en muchos casos las prote\u00ednas que permiten que el virus infecte y se multiplique en las personas. En el caso del virus SARS-CoV-2, esta prote\u00edna cr\u00edtica es la prote\u00edna S (spike o esp\u00edcula) y por eso la mayor\u00eda de las vacunas frente al Covid-19 implican generar respuesta contra esta prote\u00edna.<\/p>\n<p><img decoding=\"async\" loading=\"lazy\" src=\"https:\/\/www.europesays.com\/es\/wp-content\/uploads\/2025\/12\/sancho-kp0H--170x170@Diario Vasco.jpg\" class=\"v-a-img\" width=\"170\" height=\"170\" alt=\"Imagen - \u00abTodos las fases para crear la vacuna se acortaron manteniendo la eficacia y seguridad\u00bb\"\/><\/p>\n<p>\u00abTodos las fases para crear la vacuna se acortaron manteniendo la eficacia y seguridad\u00bb<\/p>\n<p class=\"v-a-pst__p\">\nRosa Sancho\n<\/p>\n<p class=\"v-a-pst__j\">\nVacunaci\u00f3n Coegi\n<\/p>\n<p class=\"v-p\">As\u00ed, cuando una persona recibe la profilaxis, el sistema inmune reconoce esta prote\u00edna viral como un agente extra\u00f1o y produce una respuesta de anticuerpos y de c\u00e9lulas citot\u00f3xicas espec\u00edfica frente a la prote\u00edna S. Si una persona vacunada se infecta despu\u00e9s, antes de que el virus pueda multiplicarse a gran nivel para causar una enfermedad cl\u00ednica, los anticuerpos y las c\u00e9lulas citot\u00f3xicas generados por la vacuna se unen a la prote\u00edna S del virus bloqueando la infecci\u00f3n y evitando la enfermedad cl\u00ednica.<\/p>\n<p><img decoding=\"async\" loading=\"lazy\" src=\"https:\/\/www.europesays.com\/es\/wp-content\/uploads\/2025\/12\/cossio-kp0H--170x170@Diario Vasco.jpg\" class=\"v-a-img\" width=\"170\" height=\"170\" alt=\"Imagen - \u00abLas vacunas del Covid-19 ten\u00edan 20 a\u00f1os de desarrollo previo, por eso llegaron tan r\u00e1pido\u00bb\"\/><\/p>\n<p>\u00abLas vacunas del Covid-19 ten\u00edan 20 a\u00f1os de desarrollo previo, por eso llegaron tan r\u00e1pido\u00bb<\/p>\n<p class=\"v-a-pst__p\">\nFernando Coss\u00edo\n<\/p>\n<p class=\"v-a-pst__j\">\nIkerbasque\n<\/p>\n<p class=\"v-p\">Rosa Sancho compara el impacto de estos sueros con otros a lo largo de la historia. \u00abLa poliomielitis en los a\u00f1os 60 causaba una gran carga de enfermedad y desde que se introdujo la vacuna hemos tenido cero casos. Lo mismo nos ha ocurrido cuando hemos tenido en los a\u00f1os 90 brotes importantes de meningitis. Lo que pasa es que nunca lo hab\u00edamos visto un impacto de manera tan r\u00e1pida y tan directa como con la del Covid\u00bb.<\/p>\n<p>\u00bfPueden servir las vacunas ARN del Covid-19 frente a otras enfermedades?<\/p>\n<p class=\"v-p \">\nLas llamadas vacunas de ARN mensajero salvaron millones de vidas durante la pandemia del coronavirus. Pero tambi\u00e9n \u00abhan abierto un gran campo\u00bb de actuaci\u00f3n, como dice Rosa Sancho, responsable de vacunaci\u00f3n del Colegio Oficial de Enfermer\u00eda de Gipuzkoa (Coegi). \u00abNo solo porque esa tecnolog\u00eda es f\u00e1cilmente adaptable a las modificaciones que se van produciendo en el virus, permite tambi\u00e9n m\u00e1s f\u00e1cilmente poder incluir m\u00e1s de un microorganismo en la vacuna\u00bb, explica la experta.\n<\/p>\n<p class=\"v-p\">\nAhora, la comunidad cient\u00edfica comienza a utilizar esa tecnolog\u00eda galardonada con el premio Nobel para intentar desarrollar vacunas y tratamientos contra una larga lista de enfermedades, incluidas el c\u00e1ncer o la fibrosis qu\u00edstica.Es lo que ha logrado, por ejemplo, un equipo de varias instituciones punteras de Estados Unidos, que ha comprobado que los pacientes de c\u00e1ncer avanzado de pulm\u00f3n o de piel tratados con inmunoterapia y que en su d\u00eda recibieron la vacuna contra el Covid-19 han vivido el doble de tiempo que los que no se vacunaron. No ha hecho falta un suero espec\u00edfico contra su tipo de tumor, la del coronavirus parece haber funcionado como una profilaxis &#8216;universal&#8217; que ha potenciado su respuesta inmune frente al tumor cancer\u00edgeno.\n<\/p>\n<p class=\"v-p\">\nOtro grupo de investigadores ha sido capaz de rejuvenecer el sistema inmune usando esta misma tecnolog\u00eda en ratones. Aquellos que recibieron este tratamiento ten\u00edan 18 meses, el equivalente a unos 50 a\u00f1os en humanos, y un sistema inmune que empezaba a fallar. Tras recibir el tratamiento se vio que las vacunas les funcionaron mejor, generando m\u00e1s linfocitos T, y respondieron mejor a tratamientos de inmunoterapia contra el c\u00e1ncer.\n<\/p>\n<p class=\"v-p\">      \u00abSe est\u00e1 trabajando en muchas vacunas, pero todo va a depender de la gravedad del asunto. La del Covid, por ejemplo, fue algo muy grave y de ah\u00ed la rapidez. En cualquier caso, ante un problema de tal magnitud podemos decir que el armamento est\u00e1 preparado\u00bb, certifica FernandoCoss\u00edo, qu\u00edmico y director cient\u00edfico de Ikerbasque.\n<\/p>\n<p>Reporta un error<\/p>\n<p class=\"v-crt__t\"> L\u00edmite de sesiones alcanzadas<\/p>\n<p class=\"v-crt__p\">El acceso al contenido Premium est\u00e1 abierto por cortes\u00eda del establecimiento donde te encuentras, pero ahora mismo hay demasiados usuarios conectados a las vez.<\/p>\n<p class=\"v-crt__p\">Por favor, int\u00e9ntalo pasados unos minutos.<\/p>\n<p>\nVolver a intentar\n<\/p>\n<p class=\"v-crt__t\">Sesi\u00f3n cerrada<\/p>\n<p class=\"v-crt__p\">Al iniciar sesi\u00f3n desde un dispositivo distinto, por seguridad, se cerr\u00f3 la \u00faltima sesi\u00f3n en este.<\/p>\n<p class=\"v-crt__p\">Para continuar disfrutando de su suscripci\u00f3n digital, inicie sesi\u00f3n en este dispositivo.<\/p>\n<p>\nEste contenido es exclusivo para suscriptores\n<\/p>\n<p class=\"text\">\u00bfTienes una suscripci\u00f3n? <a href=\"https:\/\/secure.diariovasco.com\/identidad\/inicio#vca=suscribete&amp;vso=diariovasco&amp;vmc=on&amp;vli=cdn-ce-link-login\" class=\"login\" data-voc-vtm-id=\"comienzoSuscripcionON\" data-voc-vtm-info=\"cdn-ce-link-login\" rel=\"nofollow noopener\" target=\"_blank\">Inicia sesi\u00f3n<\/a><\/p>\n","protected":false},"excerpt":{"rendered":"Lunes, 22 de diciembre 2025, 06:30 Rosa Sancho lo describe de una manera muy gr\u00e1fica. \u00abVimos la luz&hellip;\n","protected":false},"author":2,"featured_media":300943,"comment_status":"","ping_status":"","sticky":false,"template":"","format":"standard","meta":{"footnotes":""},"categories":[81],"tags":[119,123,124,25,24,1058,1875,117,121,122,23,118,120,14078,8177,53952],"class_list":{"0":"post-300942","1":"post","2":"type-post","3":"status-publish","4":"format-standard","5":"has-post-thumbnail","7":"category-ciencia-y-tecnologia","8":"tag-ciencia","9":"tag-ciencia-y-tecnologia","10":"tag-cienciaytecnologia","11":"tag-es","12":"tag-espana","13":"tag-final","14":"tag-luz","15":"tag-science","16":"tag-science-and-technology","17":"tag-scienceandtechnology","18":"tag-spain","19":"tag-technology","20":"tag-tecnologia","21":"tag-tunel","22":"tag-vacuna","23":"tag-vimos"},"share_on_mastodon":{"url":"https:\/\/pubeurope.com\/@es\/115761702483462516","error":""},"_links":{"self":[{"href":"https:\/\/www.europesays.com\/es\/wp-json\/wp\/v2\/posts\/300942","targetHints":{"allow":["GET"]}}],"collection":[{"href":"https:\/\/www.europesays.com\/es\/wp-json\/wp\/v2\/posts"}],"about":[{"href":"https:\/\/www.europesays.com\/es\/wp-json\/wp\/v2\/types\/post"}],"author":[{"embeddable":true,"href":"https:\/\/www.europesays.com\/es\/wp-json\/wp\/v2\/users\/2"}],"replies":[{"embeddable":true,"href":"https:\/\/www.europesays.com\/es\/wp-json\/wp\/v2\/comments?post=300942"}],"version-history":[{"count":0,"href":"https:\/\/www.europesays.com\/es\/wp-json\/wp\/v2\/posts\/300942\/revisions"}],"wp:featuredmedia":[{"embeddable":true,"href":"https:\/\/www.europesays.com\/es\/wp-json\/wp\/v2\/media\/300943"}],"wp:attachment":[{"href":"https:\/\/www.europesays.com\/es\/wp-json\/wp\/v2\/media?parent=300942"}],"wp:term":[{"taxonomy":"category","embeddable":true,"href":"https:\/\/www.europesays.com\/es\/wp-json\/wp\/v2\/categories?post=300942"},{"taxonomy":"post_tag","embeddable":true,"href":"https:\/\/www.europesays.com\/es\/wp-json\/wp\/v2\/tags?post=300942"}],"curies":[{"name":"wp","href":"https:\/\/api.w.org\/{rel}","templated":true}]}}