{"id":300956,"date":"2025-12-22T06:20:12","date_gmt":"2025-12-22T06:20:12","guid":{"rendered":"https:\/\/www.europesays.com\/es\/300956\/"},"modified":"2025-12-22T06:20:12","modified_gmt":"2025-12-22T06:20:12","slug":"maria-patino-desmonta-el-circo-de-contradicciones-de-terelu-campos","status":"publish","type":"post","link":"https:\/\/www.europesays.com\/es\/300956\/","title":{"rendered":"Mar\u00eda Pati\u00f1o desmonta el circo de contradicciones de Terelu Campos"},"content":{"rendered":"<p class=\"paragraph\">Las tensiones entre <a href=\"https:\/\/www.esdiario.com\/chismografo\/250515\/159172\/terelu-campos-ataca-familia-tele-les-duele.html\" title=\"Terelu Campos ataca a \" la=\"\" familia=\"\" de=\"\" tele=\"\" donde=\"\" m=\"\" les=\"\" duele=\"\" don rel=\"nofollow noopener\" target=\"_blank\">Mar\u00eda Pati\u00f1o y Terelu Campos<\/a> se han ido evidenciando cada vez m\u00e1s desde que sus caminos se separasen al ser retirado de la parrilla definitivamente el programa de <b>Telecinco<\/b>, <a href=\"https:\/\/www.esdiario.com\/chismografo\/250728\/164059\/rocio-carrasco-repudiada-amiga-terelu-campos.html\" title=\"Roc\u00edo Carrasco repudiada por su amiga Terelu Campos: obligada a tragar con su pasado\" rel=\"nofollow noopener\" target=\"_blank\">S\u00e1lvame<\/a>, en 2023.<\/p>\n<p>            <a href=\"#\" title=\"\"><\/p>\n<p>                    <img loading=\"lazy\" decoding=\"async\" data-index=\"\" width=\"140\" height=\"140\" alt=\"Terelu Campos ha sido m\u00e1s sincera que nunca sobre las memorias de Mar Flores\" data-full=\"[object Object]\" data-original=\"[object Object]\" src=\"https:\/\/imagenes.esdiario.com\/files\/related_image\/uploads\/2025\/12\/20\/6946640a4d677.jpeg\" data-full-src=\"https:\/\/www.europesays.com\/es\/wp-content\/uploads\/2025\/12\/6946640a4d677.jpeg\"\/><\/p>\n<p>            <\/a><\/p>\n<p class=\"paragraph\">Y es que, <a href=\"https:\/\/www.esdiario.com\/chismografo\/251123\/172909\/costanzia-pronuncia-sobre-polemica-comprar-casa-alejandra-rubio.html\" title=\"Costanzia se pronuncia sobre la pol\u00e9mica de comprar una casa con Alejandra Rubio\" rel=\"nofollow noopener\" target=\"_blank\">Carlo Costanzia<\/a> ha vuelto a concedido una entrevista, por en\u00e9sima vez, en \u00a1De Viernes!, para atacar a <a href=\"https:\/\/www.esdiario.com\/chismografo\/251219\/175182\/entrevista-explosiva-carlo-costanzia-medidas-judiciales-mar-flores.html\" title=\"La entrevista m\u00e1s explosiva de Carlo Costanzia: anunciar\u00e1 medidas judiciales contra Mar Flores\" rel=\"nofollow noopener\" target=\"_blank\">Mar Flores<\/a>, donde ha encontrado, de nuevo, a su mayor defensora en su consuegra, <a href=\"https:\/\/www.esdiario.com\/chismografo\/251215\/174812\/clan-campos-pie-guerra.html\" title=\"El clan Campos en pie de guerra: quieren mantener las formas pero ya es dif\u00edcil disimular\" rel=\"nofollow noopener\" target=\"_blank\">Terelu Campos<\/a>.<\/p>\n<p>Pati\u00f1o desmonta a Terelu<\/p>\n<p class=\"paragraph\">\u00abSer\u00e1 muy tierno cuando vea la hemeroteca de los yayos hablando de la yaya. Un cuento de Navidad\u00bb, ha escrito la compa\u00f1era de <a href=\"https:\/\/www.esdiario.com\/chismografo\/251125\/173163\/isabel-pantoja-prision-tono-sanchis-tambien.html\" title=\"Si Isabel Pantoja fue a prisi\u00f3n \u00bfTo\u00f1o Sanch\u00eds tambi\u00e9n?\" rel=\"nofollow noopener\" target=\"_blank\">Bel\u00e9n Esteban <\/a>en su cuenta de <b>X<\/b>, haciendo alusi\u00f3n a la cantidad de veces que Costanzia y Terelu han hablado, y no para bien, de Flores.<\/p>\n<p class=\"paragraph\">En otro momento de la entrevista, la mayor de <a href=\"https:\/\/www.esdiario.com\/chismografo\/251213\/174636\/terelu-campos-defiende-criticas-sobre-nuevo-desplante-hija.html\" title=\"Terelu Campos se defiende de las cr\u00edticas sobre el nuevo desplante de su hija\" rel=\"nofollow noopener\" target=\"_blank\">Las Campos<\/a> ha hecho referencia a las cr\u00edticas recibidas por Carlota Corredera, dejando clara su postura:\u00a0\u00ab&#8230; ciertas personas, periodistas, me han exigido que te llame maltratador. Y<b>o no puedo llamarte maltratador <\/b>ni a ti, ni a ninguna de las personas que se siente ah\u00ed, con el C\u00f3digo Penal y la Constituci\u00f3n de este pa\u00eds\u00bb, aclaraba Terelu.<\/p>\n<p class=\"paragraph\">Unas declaraciones que han vuelto a provocar la indignaci\u00f3n de la audiencia: \u00abNadie te exige que le llames maltratador, <b>solo con que no le r\u00edas las gracias<\/b> y apoyes cosas indefendibles es suficiente\u00bb, escrib\u00edan en <b>X<\/b>,\u00a0a lo que <a href=\"https:\/\/www.esdiario.com\/chismografo\/251218\/175094\/maria-patino-detecta-detalle-fisico-confirmaria-peores-rumores-sobre-anabel-pantoja.html\" title=\"Mar\u00eda Pati\u00f1o detecta el detalle f\u00edsico que confirmar\u00eda los peores rumores sobre Anabel Pantoja\" rel=\"nofollow noopener\" target=\"_blank\">Mar\u00eda Pati\u00f1o<\/a>\u00a0a\u00f1ad\u00eda: \u00abEs una gran mentira, f\u00e1cil de demostrar. La ignorancia de perspectiva de g\u00e9nero, la suple con manipulaci\u00f3n y victimismo\u00bb, refiri\u00e9ndose a su ex amiga.<\/p>\n","protected":false},"excerpt":{"rendered":"Las tensiones entre Mar\u00eda Pati\u00f1o y Terelu Campos se han ido evidenciando cada vez m\u00e1s desde que sus&hellip;\n","protected":false},"author":2,"featured_media":300957,"comment_status":"","ping_status":"","sticky":false,"template":"","format":"standard","meta":{"footnotes":""},"categories":[174],"tags":[15306,255,27735,146,147,25,24,256,2057,23,1145],"class_list":{"0":"post-300956","1":"post","2":"type-post","3":"status-publish","4":"format-standard","5":"has-post-thumbnail","7":"category-famosos","8":"tag-carmen-borrego","9":"tag-celebrities","10":"tag-circo","11":"tag-entertainment","12":"tag-entretenimiento","13":"tag-es","14":"tag-espana","15":"tag-famosos","16":"tag-maria-patino","17":"tag-spain","18":"tag-terelu-campos"},"share_on_mastodon":{"url":"https:\/\/pubeurope.com\/@es\/115761776175166611","error":""},"_links":{"self":[{"href":"https:\/\/www.europesays.com\/es\/wp-json\/wp\/v2\/posts\/300956","targetHints":{"allow":["GET"]}}],"collection":[{"href":"https:\/\/www.europesays.com\/es\/wp-json\/wp\/v2\/posts"}],"about":[{"href":"https:\/\/www.europesays.com\/es\/wp-json\/wp\/v2\/types\/post"}],"author":[{"embeddable":true,"href":"https:\/\/www.europesays.com\/es\/wp-json\/wp\/v2\/users\/2"}],"replies":[{"embeddable":true,"href":"https:\/\/www.europesays.com\/es\/wp-json\/wp\/v2\/comments?post=300956"}],"version-history":[{"count":0,"href":"https:\/\/www.europesays.com\/es\/wp-json\/wp\/v2\/posts\/300956\/revisions"}],"wp:featuredmedia":[{"embeddable":true,"href":"https:\/\/www.europesays.com\/es\/wp-json\/wp\/v2\/media\/300957"}],"wp:attachment":[{"href":"https:\/\/www.europesays.com\/es\/wp-json\/wp\/v2\/media?parent=300956"}],"wp:term":[{"taxonomy":"category","embeddable":true,"href":"https:\/\/www.europesays.com\/es\/wp-json\/wp\/v2\/categories?post=300956"},{"taxonomy":"post_tag","embeddable":true,"href":"https:\/\/www.europesays.com\/es\/wp-json\/wp\/v2\/tags?post=300956"}],"curies":[{"name":"wp","href":"https:\/\/api.w.org\/{rel}","templated":true}]}}