{"id":300971,"date":"2025-12-22T06:30:11","date_gmt":"2025-12-22T06:30:11","guid":{"rendered":"https:\/\/www.europesays.com\/es\/300971\/"},"modified":"2025-12-22T06:30:11","modified_gmt":"2025-12-22T06:30:11","slug":"loteria-de-navidad-2025-el-sorteo-del-gordo-en-directo-largas-colas-para-acceder-al-teatro-real-para-ver-el-sorteo-de-navidad-que-comienza-a-las-900-horas","status":"publish","type":"post","link":"https:\/\/www.europesays.com\/es\/300971\/","title":{"rendered":"Loter\u00eda de Navidad 2025: el sorteo del Gordo, en directo | Largas colas para acceder al Teatro Real para ver el sorteo de Navidad, que comienza a las 9:00 horas"},"content":{"rendered":"<p><a href=\"https:\/\/www.elmundo.es\/autor\/esther-mucientes.html\" aria-hidden=\"true\" rel=\"nofollow noopener\" target=\"_blank\"><img loading=\"lazy\" decoding=\"async\" width=\"80\" height=\"80\" class=\"ue-c-author-profile__photo-img\" alt=\"Esther Mucientes\" src=\"https:\/\/e01-phantom-elmundo.uecdn.es\/bcaaaf3cb96eb3caa27892de0b28a8f8\/crop\/7x7\/120x120\/f\/image\/jpeg\/3445bec1fe4953d364dc390964500e56\/crop\/7x7\/120x120\/resize\/600\/assets\/multimedia\/imagenes\/2022\/03\/23\/16480361422651.jpg\"\/><\/a><a href=\"https:\/\/www.elmundo.es\/autor\/noelia-marin.html\" aria-hidden=\"true\" rel=\"nofollow noopener\" target=\"_blank\"><img loading=\"lazy\" decoding=\"async\" width=\"80\" height=\"80\" class=\"ue-c-author-profile__photo-img\" alt=\"NOELIA MAR\u00cdN\" src=\"https:\/\/e01-phantom-elmundo.uecdn.es\/8793c37341bd2c46e2abbd1155d0872c\/f\/image\/jpeg\/16ec3d87585c4a399782316c3aa13e35\/resize\/600\/assets\/multimedia\/imagenes\/2024\/03\/07\/17098036856610.jpg\"\/><\/a><\/p>\n<p> Lunes,<br \/>\n22<br \/>\ndiciembre<br \/>\n2025<br \/>\n&#8211;<br \/>\n07:29<\/p>\n<p class=\"ue-c-article__paragraph\">A las 9:00 horas comienza el<strong> sorteo de Loter\u00eda de Navidad 2025<\/strong>, el m\u00e1s esperado del a\u00f1o. Sobre las siete de la ma\u00f1ana han abierto las puertas del <strong>Teatro Real <\/strong>para que comenzase a acceder el p\u00fablico, que llevaba d\u00edas a las puertas haciendo cola. Los ni\u00f1os de San Ildefonso repartir\u00e1n este a\u00f1o<strong> 2.772 millones de euros en premios<\/strong> (70 millones m\u00e1s que en la edici\u00f3n de 2024) en este sorteo tan esperado.<\/p>\n<p class=\"ue-c-article__paragraph\">Desde que comience el sorteo, podr\u00e1s <a href=\"https:\/\/www.elmundo.es\/loterias\/loteria-navidad\/comprobar-loteria.html\" rel=\"nofollow noopener\" target=\"_blank\">comprobar la Loter\u00eda de Navidad 2025<\/a> y los n\u00fameros que vayan cantando los ni\u00f1os de San Ildefonso en <a href=\"https:\/\/www.elmundo.es\/loterias\/loteria-navidad\/comprobar-loteria.html\" target=\"_blank\" rel=\"nofollow noopener\"><strong>el comprobador de Loter\u00eda de Navidad de EL MUNDO<\/strong><\/a>, en <a href=\"https:\/\/www.elmundo.es\/loterias\/loteria-navidad\/lista-premios-completa.html\" target=\"_blank\" rel=\"nofollow noopener\">el listado de premios<\/a> o en el de <a href=\"https:\/\/www.elmundo.es\/loterias\/loteria-navidad\/pedrea.html\" target=\"_blank\" rel=\"nofollow noopener\">pedrea<\/a>.<\/p>\n","protected":false},"excerpt":{"rendered":"Lunes, 22 diciembre 2025 &#8211; 07:29 A las 9:00 horas comienza el sorteo de Loter\u00eda de Navidad 2025,&hellip;\n","protected":false},"author":2,"featured_media":300972,"comment_status":"","ping_status":"","sticky":false,"template":"","format":"standard","meta":{"footnotes":""},"categories":[80],"tags":[71398,25546,82,95,94,25,24,530,44330,58501,2951,23],"class_list":{"0":"post-300971","1":"post","2":"type-post","3":"status-publish","4":"format-standard","5":"has-post-thumbnail","7":"category-economia","8":"tag-articulos-esther-mucientes","9":"tag-articulos-noelia-marin","10":"tag-business","11":"tag-economia","12":"tag-economy","13":"tag-es","14":"tag-espana","15":"tag-loteria","16":"tag-loteria-de-navidad","17":"tag-loterias-loteria-de-navidad","18":"tag-navidad","19":"tag-spain"},"share_on_mastodon":{"url":"https:\/\/pubeurope.com\/@es\/115761815912930330","error":""},"_links":{"self":[{"href":"https:\/\/www.europesays.com\/es\/wp-json\/wp\/v2\/posts\/300971","targetHints":{"allow":["GET"]}}],"collection":[{"href":"https:\/\/www.europesays.com\/es\/wp-json\/wp\/v2\/posts"}],"about":[{"href":"https:\/\/www.europesays.com\/es\/wp-json\/wp\/v2\/types\/post"}],"author":[{"embeddable":true,"href":"https:\/\/www.europesays.com\/es\/wp-json\/wp\/v2\/users\/2"}],"replies":[{"embeddable":true,"href":"https:\/\/www.europesays.com\/es\/wp-json\/wp\/v2\/comments?post=300971"}],"version-history":[{"count":0,"href":"https:\/\/www.europesays.com\/es\/wp-json\/wp\/v2\/posts\/300971\/revisions"}],"wp:featuredmedia":[{"embeddable":true,"href":"https:\/\/www.europesays.com\/es\/wp-json\/wp\/v2\/media\/300972"}],"wp:attachment":[{"href":"https:\/\/www.europesays.com\/es\/wp-json\/wp\/v2\/media?parent=300971"}],"wp:term":[{"taxonomy":"category","embeddable":true,"href":"https:\/\/www.europesays.com\/es\/wp-json\/wp\/v2\/categories?post=300971"},{"taxonomy":"post_tag","embeddable":true,"href":"https:\/\/www.europesays.com\/es\/wp-json\/wp\/v2\/tags?post=300971"}],"curies":[{"name":"wp","href":"https:\/\/api.w.org\/{rel}","templated":true}]}}