{"id":300973,"date":"2025-12-22T06:31:08","date_gmt":"2025-12-22T06:31:08","guid":{"rendered":"https:\/\/www.europesays.com\/es\/300973\/"},"modified":"2025-12-22T06:31:08","modified_gmt":"2025-12-22T06:31:08","slug":"kast-viajara-a-ecuador-y-peru-para-fortalecer-coordinacion-dw-22-12-2025","status":"publish","type":"post","link":"https:\/\/www.europesays.com\/es\/300973\/","title":{"rendered":"Kast viajar\u00e1 a Ecuador y Per\u00fa para \u00abfortalecer coordinaci\u00f3n\u00bb \u2013 DW \u2013 22\/12\/2025"},"content":{"rendered":"<p>El presidente electo de <a class=\"internal-link\" href=\"https:\/\/www.dw.com\/es\/chile\/t-17411731\" rel=\"nofollow noopener\" target=\"_blank\">Chile<\/a>, <a class=\"internal-link\" href=\"https:\/\/www.dw.com\/es\/jos\u00e9-antonio-kast\/t-75154542\" rel=\"nofollow noopener\" target=\"_blank\">Jos\u00e9 Antonio Kast<\/a>, viajar\u00e1\u00a0 a Ecuador este lunes (22.12.2025) para reunirse con el mandatario Daniel Noboa, en su segunda visita internacional tras proclamarse ganador de las elecciones.<\/p>\n<p>La Oficina del Presidente Electo (OPE) inform\u00f3 en un comunicado este domingo que Kast se encontrar\u00e1 el martes con Noboa en Quito, \u00abpara conversar sobre la crisis migratoria y los desafi\u0301os en materia de seguridad y desarrollo comercial entre ambos pai\u0301ses\u00bb.<\/p>\n<p>Adem\u00e1s, el mandatario electo y su delegaci\u00f3n sostendra\u0301n diversos encuentros con autoridades y empresarios \u00abpara fortalecer la relacio\u0301n bilateral entre Chile y Ecuador\u00bb, se\u00f1al\u00f3 a breve nota.<\/p>\n<p>Noboa fue de los primeros en felicitar al ultraderechista tras su triunfo en <a class=\"internal-link\" href=\"https:\/\/www.dw.com\/es\/polarizado-balotaje-en-chile\/a-75127704\" rel=\"nofollow noopener\" target=\"_blank\">el balotaje del pasado 14 de diciembre<\/a>, asegurando que \u00abse abre una nueva etapa para Chile y para la regi\u00f3n\u00bb.<\/p>\n<p>Visitar\u00e1 a\u00a0Jos\u00e9 Jer\u00ed en enero<\/p>\n<p>La OPE tambi\u00e9n anunci\u00f3 que, en aras de \u00abfortalecer la coordinacio\u0301n regional\u00bb, durante el mes de enero Kast viajara\u0301 a Peru\u0301 para reunirse con el presidente Jose\u0301 Jeri.<\/p>\n<blockquote class=\"tweet embed\" data-id=\"2002851728534949966\"\/>\n<p>Con fuertes v\u00ednculos con otros l\u00edderes ultra de la regi\u00f3n, Kast ha prometido la expulsi\u00f3n masiva de migrantes, tipificar la migraci\u00f3n como un delito o la construcci\u00f3n de c\u00e1rceles de m\u00e1xima seguridad con aislamiento total para l\u00edderes del narcotr\u00e1fico.<\/p>\n<p>El martes pasado estuvo en Argentina, donde <a class=\"internal-link\" href=\"https:\/\/www.dw.com\/es\/javier-milei-recibe-a-kast-y-anuncian-hoja-de-ruta-bilateral\/a-75191794\" rel=\"nofollow noopener\" target=\"_blank\">se reuni\u00f3 con el presidente Javier Milei<\/a> y anticip\u00f3 una muy buena relaci\u00f3n entre ambos pa\u00edses, a niveles que \u00abnunca antes se ha visto\u00bb, dijo.<\/p>\n<p>Con un 58,1 % de los votos, Kast gan\u00f3 las elecciones presidenciales contra la izquierdista Jeannette Jara, que qued\u00f3 con el 41,8 %.<\/p>\n<p>Adem\u00e1s, se impuso en todas las regiones del pa\u00eds, incluso los bastiones tradicionales de la centroizquierda.<\/p>\n<p>El presidente electo, que hizo campa\u00f1a a favor de la continuidad del general Augusto Pinochet (1973-1990) en el plebiscito de 1988, es el primer pinochetista en llegar a La Moneda desde el retorno a la democracia.<\/p>\n<p>gs (efe, Diario Financiero)<\/p>\n<p>La derecha avanza en Am\u00e9rica Latina<video id=\"video-75247390\" controls=\"\" playsinline=\"\" preload=\"none\" poster=\"data:image\/png;base64,iVBORw0KGgoAAAANSUhEUgAAAAEAAAABCAQAAAC1HAwCAAAAC0lEQVR42mNkYAAAAAYAAjCB0C8AAAAASUVORK5CYII=\" data-id=\"75247390\" data-posterurl=\"https:\/\/static.dw.com\/image\/72384869_605.webp\" data-duration=\"12:33\"><\/p>\n<p class=\"vjs-no-js\">To view this video please enable JavaScript, and consider upgrading to a web browser that <a href=\"https:\/\/videojs.com\/html5-video-support\/\" target=\"_blank\" rel=\"nofollow noopener\">supports HTML5 video<\/a><\/p>\n<p><\/video><\/p>\n","protected":false},"excerpt":{"rendered":"El presidente electo de Chile, Jos\u00e9 Antonio Kast, viajar\u00e1\u00a0 a Ecuador este lunes (22.12.2025) para reunirse con el&hellip;\n","protected":false},"author":2,"featured_media":300974,"comment_status":"","ping_status":"","sticky":false,"template":"","format":"standard","meta":{"footnotes":""},"categories":[42],"tags":[17,18,13,14,11,61,62,63,64,19,20,9,10,15,16,12,21,22,65,66,67],"class_list":{"0":"post-300973","1":"post","2":"type-post","3":"status-publish","4":"format-standard","5":"has-post-thumbnail","7":"category-internacional","8":"tag-breaking-news","9":"tag-breakingnews","10":"tag-featured-news","11":"tag-featurednews","12":"tag-headlines","13":"tag-internacional","14":"tag-international","15":"tag-international-news","16":"tag-internationalnews","17":"tag-latest-news","18":"tag-latestnews","19":"tag-news","20":"tag-noticias","21":"tag-noticias-destacadas","22":"tag-noticiasdestacadas","23":"tag-titulares","24":"tag-ultimas-noticias","25":"tag-ultimasnoticias","26":"tag-world","27":"tag-world-news","28":"tag-worldnews"},"share_on_mastodon":{"url":"https:\/\/pubeurope.com\/@es\/115761819409015823","error":""},"_links":{"self":[{"href":"https:\/\/www.europesays.com\/es\/wp-json\/wp\/v2\/posts\/300973","targetHints":{"allow":["GET"]}}],"collection":[{"href":"https:\/\/www.europesays.com\/es\/wp-json\/wp\/v2\/posts"}],"about":[{"href":"https:\/\/www.europesays.com\/es\/wp-json\/wp\/v2\/types\/post"}],"author":[{"embeddable":true,"href":"https:\/\/www.europesays.com\/es\/wp-json\/wp\/v2\/users\/2"}],"replies":[{"embeddable":true,"href":"https:\/\/www.europesays.com\/es\/wp-json\/wp\/v2\/comments?post=300973"}],"version-history":[{"count":0,"href":"https:\/\/www.europesays.com\/es\/wp-json\/wp\/v2\/posts\/300973\/revisions"}],"wp:featuredmedia":[{"embeddable":true,"href":"https:\/\/www.europesays.com\/es\/wp-json\/wp\/v2\/media\/300974"}],"wp:attachment":[{"href":"https:\/\/www.europesays.com\/es\/wp-json\/wp\/v2\/media?parent=300973"}],"wp:term":[{"taxonomy":"category","embeddable":true,"href":"https:\/\/www.europesays.com\/es\/wp-json\/wp\/v2\/categories?post=300973"},{"taxonomy":"post_tag","embeddable":true,"href":"https:\/\/www.europesays.com\/es\/wp-json\/wp\/v2\/tags?post=300973"}],"curies":[{"name":"wp","href":"https:\/\/api.w.org\/{rel}","templated":true}]}}