{"id":300977,"date":"2025-12-22T06:33:49","date_gmt":"2025-12-22T06:33:49","guid":{"rendered":"https:\/\/www.europesays.com\/es\/300977\/"},"modified":"2025-12-22T06:33:49","modified_gmt":"2025-12-22T06:33:49","slug":"alberto-gago-fernandez-toma-el-relevo-al-frente-de-la-aesia-icam","status":"publish","type":"post","link":"https:\/\/www.europesays.com\/es\/300977\/","title":{"rendered":"Alberto Gago Fern\u00e1ndez toma el relevo al frente de la AESIA &#8211; ICAM"},"content":{"rendered":"<p>El Consejo Rector de la <strong>Agencia Espa\u00f1ola de Supervisi\u00f3n de Inteligencia Artificial (AESIA)<\/strong> ha designado este <strong>viernes 19 de diciembre de 2025<\/strong> a <strong>Alberto Gago Fern\u00e1ndez<\/strong> como <strong>nuevo director general<\/strong> del organismo, en un movimiento que busca reforzar una fase de consolidaci\u00f3n centrada en <strong>garant\u00edas, confianza p\u00fablica y uso responsable de la IA<\/strong>.<\/p>\n<p>Gago aporta un perfil con trayectoria en la <strong>Secretar\u00eda de Estado de Digitalizaci\u00f3n e Inteligencia Artificial<\/strong>, donde ha estado vinculado a proyectos estrat\u00e9gicos y a la proyecci\u00f3n internacional de las pol\u00edticas digitales espa\u00f1olas, incluyendo el trabajo en iniciativas como el <strong>sandbox de IA<\/strong> y la <strong>Estrategia Nacional de Tecnolog\u00edas Cu\u00e1nticas<\/strong>, adem\u00e1s del impulso de espacios de gobernanza en el \u00e1mbito internacional.<\/p>\n<p><strong>Presencia en actividades del ICAM: del Derecho Digital a la regulaci\u00f3n de la IA<\/strong><\/p>\n<p><img loading=\"lazy\" decoding=\"async\" width=\"1024\" height=\"574\" src=\"https:\/\/www.europesays.com\/es\/wp-content\/uploads\/2025\/12\/I-Encuentro-de-Derecho-Digital-ICAM_-Alberto-Gago-Fernandez-1536x861-1-1024x574.jpeg\" alt=\"\" class=\"wp-image-175080\"  \/><\/p>\n<p><strong>Alberto Gago ha venido participando de forma reiterada en actividades del Ilustre Colegio de la Abogac\u00eda de Madrid (ICAM)<\/strong>. Entre ellas destaca su <a href=\"https:\/\/web.icam.es\/i-encuentro-de-derecho-digital-del-icam-el-icam-busca-liderar-la-regulacion-responsable-de-la-inteligencia-artificial\/\" rel=\"nofollow noopener\" target=\"_blank\">intervenci\u00f3n en el <strong>I Encuentro de Derecho Digital del ICAM<\/strong><\/a>, celebrado el <strong>20 de marzo de 2025<\/strong>, un foro de alto nivel centrado en los nuevos retos normativos del entorno digital y, en particular, en el desarrollo regulatorio de la inteligencia artificial, donde figur\u00f3 como ponente en la sesi\u00f3n inaugural.<\/p>\n<p>El nombramiento supone el relevo de <strong>Ignasi Belda<\/strong>, que deja el cargo tras liderar la etapa de arranque de la agencia. Desde la AESIA se ha trasladado un mensaje de agradecimiento por el trabajo realizado y los avances impulsados durante su mandato.<\/p>\n<p>El <strong>ICAM<\/strong> expresa su <strong>plena disponibilidad<\/strong> para colaborar con el nuevo director general en su misi\u00f3n: fortalecer la supervisi\u00f3n, aportar seguridad jur\u00eddica y contribuir a que la adopci\u00f3n de la IA avance con garant\u00edas para la ciudadan\u00eda y para el ejercicio profesional.<\/p>\n<p><strong>M\u00e1s informaci\u00f3n: <\/strong><\/p>\n<p><a href=\"https:\/\/aesia.digital.gob.es\/es\/actualidad\/20251219-alberto-gago-nuevo-director-de-la-agencia-espanola-de-supervision-de-inteligencia-artificial\" target=\"_blank\" rel=\"noreferrer noopener nofollow\"><strong>Alberto Gago, nuevo director de la Agencia Espa\u00f1ola de Supervisi\u00f3n de Inteligencia Artificial<br \/><\/strong><\/a><\/p>\n","protected":false},"excerpt":{"rendered":"El Consejo Rector de la Agencia Espa\u00f1ola de Supervisi\u00f3n de Inteligencia Artificial (AESIA) ha designado este viernes 19&hellip;\n","protected":false},"author":2,"featured_media":300978,"comment_status":"","ping_status":"","sticky":false,"template":"","format":"standard","meta":{"footnotes":""},"categories":[5],"tags":[17,18,25,24,13,14,11,19,20,9,10,15,16,71399,23,12,21,22],"class_list":{"0":"post-300977","1":"post","2":"type-post","3":"status-publish","4":"format-standard","5":"has-post-thumbnail","7":"category-titulares","8":"tag-breaking-news","9":"tag-breakingnews","10":"tag-es","11":"tag-espana","12":"tag-featured-news","13":"tag-featurednews","14":"tag-headlines","15":"tag-latest-news","16":"tag-latestnews","17":"tag-news","18":"tag-noticias","19":"tag-noticias-destacadas","20":"tag-noticiasdestacadas","21":"tag-recursos-ia-icam","22":"tag-spain","23":"tag-titulares","24":"tag-ultimas-noticias","25":"tag-ultimasnoticias"},"share_on_mastodon":{"url":"https:\/\/pubeurope.com\/@es\/115761831670300643","error":""},"_links":{"self":[{"href":"https:\/\/www.europesays.com\/es\/wp-json\/wp\/v2\/posts\/300977","targetHints":{"allow":["GET"]}}],"collection":[{"href":"https:\/\/www.europesays.com\/es\/wp-json\/wp\/v2\/posts"}],"about":[{"href":"https:\/\/www.europesays.com\/es\/wp-json\/wp\/v2\/types\/post"}],"author":[{"embeddable":true,"href":"https:\/\/www.europesays.com\/es\/wp-json\/wp\/v2\/users\/2"}],"replies":[{"embeddable":true,"href":"https:\/\/www.europesays.com\/es\/wp-json\/wp\/v2\/comments?post=300977"}],"version-history":[{"count":0,"href":"https:\/\/www.europesays.com\/es\/wp-json\/wp\/v2\/posts\/300977\/revisions"}],"wp:featuredmedia":[{"embeddable":true,"href":"https:\/\/www.europesays.com\/es\/wp-json\/wp\/v2\/media\/300978"}],"wp:attachment":[{"href":"https:\/\/www.europesays.com\/es\/wp-json\/wp\/v2\/media?parent=300977"}],"wp:term":[{"taxonomy":"category","embeddable":true,"href":"https:\/\/www.europesays.com\/es\/wp-json\/wp\/v2\/categories?post=300977"},{"taxonomy":"post_tag","embeddable":true,"href":"https:\/\/www.europesays.com\/es\/wp-json\/wp\/v2\/tags?post=300977"}],"curies":[{"name":"wp","href":"https:\/\/api.w.org\/{rel}","templated":true}]}}