{"id":301036,"date":"2025-12-22T07:29:07","date_gmt":"2025-12-22T07:29:07","guid":{"rendered":"https:\/\/www.europesays.com\/es\/301036\/"},"modified":"2025-12-22T07:29:07","modified_gmt":"2025-12-22T07:29:07","slug":"el-cartagena-evita-una-posible-suspension-del-partido-con-un-pago-a-la-empresa-horus","status":"publish","type":"post","link":"https:\/\/www.europesays.com\/es\/301036\/","title":{"rendered":"El Cartagena evita una posible suspensi\u00f3n del partido con un pago a la empresa Horus"},"content":{"rendered":"<p>El Cartagena esquiv\u00f3 a primera hora de la tarde de este domingo una posible suspensi\u00f3n del partido contra el Torremolinos. La empresa de seguridad privada  &#8230; Horus iba a plantarse y a dejar de prestar el servicio, obligatorio para la organizaci\u00f3n del encuentro, si la entidad albinegra no le abonaba ya alguna de las facturas atrasadas desde el mes de marzo. En una reacci\u00f3n a tres bandas entre el Ayuntamiento de Cartagena, Alejandro Arribas y V\u00edctor Alonso, contactaron con el presidente Paco Belmonte para que hiciera al menos un ingreso a la firma con sede en San Pedro del Pinatar. <\/p>\n<p class=\"v-p\">El due\u00f1o de la empresa, Juan Ortiz, lament\u00f3 que se tuviera que llegar a esta situaci\u00f3n extrema, a preguntas de LA VERDAD, y quiso dejar claro su descontento con el a\u00fan presidente albinegro por una situaci\u00f3n que viene de lejos, concretamente desde marzo. Belmonte fue avisado por los que pretenden acceder a la SAD albinegra y autoriz\u00f3 el pago de una de las facturas, correspondiente a un partido de esta temporada, <\/p>\n<p class=\"v-p\">Arribas y Alonso, que est\u00e1n dando pasos para entrar al Efes\u00e9, de momento con la solicitud al CSD, se comprometieron con Horus a hacer un segundo pago esta pr\u00f3xima semana y cerrar a corto plazo un calendario de pagos para saldar la deuda. <\/p>\n","protected":false},"excerpt":{"rendered":"El Cartagena esquiv\u00f3 a primera hora de la tarde de este domingo una posible suspensi\u00f3n del partido contra&hellip;\n","protected":false},"author":2,"featured_media":301037,"comment_status":"","ping_status":"","sticky":false,"template":"","format":"standard","meta":{"footnotes":""},"categories":[268],"tags":[4995,168,4269,25,24,12041,280,282,71404,18636,1045,2397,281,23,167,7680],"class_list":{"0":"post-301036","1":"post","2":"type-post","3":"status-publish","4":"format-standard","5":"has-post-thumbnail","7":"category-futbol","8":"tag-cartagena","9":"tag-deportes","10":"tag-empresa","11":"tag-es","12":"tag-espana","13":"tag-evita","14":"tag-football","15":"tag-futbol","16":"tag-horus","17":"tag-pago","18":"tag-partido","19":"tag-posible","20":"tag-soccer","21":"tag-spain","22":"tag-sports","23":"tag-suspension"},"share_on_mastodon":{"url":"https:\/\/pubeurope.com\/@es\/115762047589587308","error":""},"_links":{"self":[{"href":"https:\/\/www.europesays.com\/es\/wp-json\/wp\/v2\/posts\/301036","targetHints":{"allow":["GET"]}}],"collection":[{"href":"https:\/\/www.europesays.com\/es\/wp-json\/wp\/v2\/posts"}],"about":[{"href":"https:\/\/www.europesays.com\/es\/wp-json\/wp\/v2\/types\/post"}],"author":[{"embeddable":true,"href":"https:\/\/www.europesays.com\/es\/wp-json\/wp\/v2\/users\/2"}],"replies":[{"embeddable":true,"href":"https:\/\/www.europesays.com\/es\/wp-json\/wp\/v2\/comments?post=301036"}],"version-history":[{"count":0,"href":"https:\/\/www.europesays.com\/es\/wp-json\/wp\/v2\/posts\/301036\/revisions"}],"wp:featuredmedia":[{"embeddable":true,"href":"https:\/\/www.europesays.com\/es\/wp-json\/wp\/v2\/media\/301037"}],"wp:attachment":[{"href":"https:\/\/www.europesays.com\/es\/wp-json\/wp\/v2\/media?parent=301036"}],"wp:term":[{"taxonomy":"category","embeddable":true,"href":"https:\/\/www.europesays.com\/es\/wp-json\/wp\/v2\/categories?post=301036"},{"taxonomy":"post_tag","embeddable":true,"href":"https:\/\/www.europesays.com\/es\/wp-json\/wp\/v2\/tags?post=301036"}],"curies":[{"name":"wp","href":"https:\/\/api.w.org\/{rel}","templated":true}]}}