{"id":301058,"date":"2025-12-22T07:43:13","date_gmt":"2025-12-22T07:43:13","guid":{"rendered":"https:\/\/www.europesays.com\/es\/301058\/"},"modified":"2025-12-22T07:43:13","modified_gmt":"2025-12-22T07:43:13","slug":"guardiola-iniciara-este-lunes-la-ronda-de-contactos-para-formar-gobierno-y-pide-a-vox-que-no-bloquee-el-pais","status":"publish","type":"post","link":"https:\/\/www.europesays.com\/es\/301058\/","title":{"rendered":"Guardiola iniciar\u00e1 este lunes la ronda de contactos para formar Gobierno y pide a Vox que no bloquee &#8211; EL PA\u00cdS"},"content":{"rendered":"<ol>\n<li><a href=\"https:\/\/news.google.com\/rss\/articles\/CBMi-AFBVV95cUxNTUhGdkhQNWxDaUdLYUVPQjM0NVVMU1JoWXk2NjJqbXI2Q29ibWx1Zk5JTldxcmVpU1VhNFk0b1FrMlpJMG9INHI2TE5wcmM1QWJrdUZ0Ymg5Wll6d0oybENUYy03QUszT1VPdUZvdTlrWU5QWnpRZzA3aTNrak9SV1R5Zzlfd0xSRkNwY3ZsZy1zdXBFZEhPOHpaUnVRYTVrMlN4cS1vSTB4bHZJbE9yNXFSVUlvRUh4VDlOMGplZ2RleGxpaGlYRVhYckRmMndueTQ1RjRqVmZaU1ExRk5pRGVENlk1VHV4VTBLR1Z1ZEhnOUNTb1kzbw?oc=5\" target=\"_blank\" rel=\"nofollow noopener\">Guardiola iniciar\u00e1 este lunes la ronda de contactos para formar Gobierno y pide a Vox que no bloquee<\/a>&nbsp;&nbsp;EL PA\u00cdS<\/li>\n<li><a href=\"https:\/\/news.google.com\/rss\/articles\/CBMixwFBVV95cUxNLUJpbXp3dW1zTnhvclpZMWNhRmV3RUlzUWpmZUhTdEM2bFNrdDRPTmJVX3BZZUdWcGNialhpdllJcFdwem5UWnoydnRtTXBLeENLTWZxQk1uT1JWUG5BVlFDd2JIZ1hBUTB5WlMwdEVYSGljcTl0OVJJUmpHSkdVVm92WW5RSG1vVDVlQmdnb2pDWXA1cTBtYkRpa0pHb0NMNzF6QW1Xdnl2U0FFWC1tdEhBS19OTUxHMURKWTZXRVdRdVNoT3Bv?oc=5\" target=\"_blank\" rel=\"nofollow noopener\">Mar\u00eda Guardiola, la baronesa que neg\u00f3 a Vox y acab\u00f3 engord\u00e1ndolo<\/a>&nbsp;&nbsp;EL PA\u00cdS<\/li>\n<li><a href=\"https:\/\/news.google.com\/rss\/articles\/CBMingFBVV95cUxOOGM1eVdPcEZOYzNrcmpTNHZ2a3JJXzBNNEI3d2lkcVQ3YkMxTjM2T0VpMGFzbkh0Z2Q5dVljRVFqNkN5MmQ5SWhVaWVoV0I1elR5cUpPTGRBYWhZMDRmRG9FTEZYQ1JzQUZsbVNUN0RXbjczdVlJOUFWaUVpbWdZUU9ULUVWRDUxZzhfRVRnbG10QUtNa2xGNEl1U3Atd9IBngFBVV95cUxNUjQ5VGg5ZFNhYnpBQ2NkQWRtZE51RkJsTmVkaWZtTHFoSUV5M0tnY0N5T3pTdWo5VVBUdThqejlKd2xVeG5Ia1hPdS1wcWNWQkNoU2h4MF9hRy1qNzY2Q1JDQzZQc0RWakltczQweXB0QnhuQ1A1Q0w5cGR1azFRYWdQR2NGSmZfbEFUUWNzMDV1TjVRaU1LUVh6VDZNdw?oc=5\" target=\"_blank\" rel=\"nofollow noopener\">Mar\u00eda Guardiola, la presidenta del &#8216;partido a partido&#8217; hasta el triunfo final<\/a>&nbsp;&nbsp;El Mundo<\/li>\n<li><a href=\"https:\/\/news.google.com\/rss\/articles\/CBMirAFBVV95cUxNQmt0aW40TWQteG1QS29vWFplTXF2RGRQR1IxT2UtNEVaalo5dUNwMnVzUXhGZzZBdHhLWUMwSjJiM2xJYWtqclo5SndVckFsSktlcnpnWVFua2dKSmU2Z0ZnQmctaWUwV0ZxUWlKeFRHVnkwMjVfVF9Kd3QwQ1VxazBJMW5wNU05MW1wTFZyazlUSUc5NHBZU0I2Y01LZzh3RjlYamd3Q3pHMjA0?oc=5\" target=\"_blank\" rel=\"nofollow noopener\">Mar\u00eda Guardiola, de discreta concejala del PP a l\u00edder de un feudo socialista<\/a>&nbsp;&nbsp;Hoy<\/li>\n<li><a href=\"https:\/\/news.google.com\/rss\/articles\/CBMipwFBVV95cUxPMmhYcXh6YVhfTTdZQ3BNQ1hKazN4VjV3Mm1pUDVGaktPLXNEOUNBUUQzZG5OOUFXS05reHhoek9LeFQwWlVGbjk2dkJWREYyQmpOZF85RkktMW5IZGczQlJDUlhkdktGS0ZqRHh6bjU5bjZDODc1clFhVjVidG5ReGttZ0lKR1U2T2RGd1VvMWhOX2puVm5zT05QQVpRWUpwU0hMNXNIZ9IBuwFBVV95cUxQUFRubzJJVXR3N041dElUSHZBbU5iVy1PY09fMkZZWGpGMFJNSG9YWHFmWXVVVWNVWm9RRVlISkRvcTc1cWZybk9UeFk4RW00Y2dCLTRQTHJCeF9Xb2hhT0tDcVk1NENLWkNaOTNqeDZ5aEI4N0FIOXljbmNFZ24wSFR6MHFuM3NpODVSNTNLenpiMDNUcG1oRW5BcFdCaHptTjJDZ21GSHI1QVk2ZjIzQ1NZa0t3VlZSR2ZR?oc=5\" target=\"_blank\" rel=\"nofollow noopener\">La primera lanza del cambio<\/a>&nbsp;&nbsp;La Raz\u00f3n<\/li>\n<\/ol>\n","protected":false},"excerpt":{"rendered":"Guardiola iniciar\u00e1 este lunes la ronda de contactos para formar Gobierno y pide a Vox que no bloquee&nbsp;&nbsp;EL&hellip;\n","protected":false},"author":2,"featured_media":297172,"comment_status":"","ping_status":"","sticky":false,"template":"","format":"standard","meta":{"footnotes":""},"categories":[5],"tags":[17,18,25,24,13,14,11,19,20,9,10,15,16,23,12,21,22],"class_list":{"0":"post-301058","1":"post","2":"type-post","3":"status-publish","4":"format-standard","5":"has-post-thumbnail","7":"category-titulares","8":"tag-breaking-news","9":"tag-breakingnews","10":"tag-es","11":"tag-espana","12":"tag-featured-news","13":"tag-featurednews","14":"tag-headlines","15":"tag-latest-news","16":"tag-latestnews","17":"tag-news","18":"tag-noticias","19":"tag-noticias-destacadas","20":"tag-noticiasdestacadas","21":"tag-spain","22":"tag-titulares","23":"tag-ultimas-noticias","24":"tag-ultimasnoticias"},"share_on_mastodon":{"url":"https:\/\/pubeurope.com\/@es\/115762102427227435","error":""},"_links":{"self":[{"href":"https:\/\/www.europesays.com\/es\/wp-json\/wp\/v2\/posts\/301058","targetHints":{"allow":["GET"]}}],"collection":[{"href":"https:\/\/www.europesays.com\/es\/wp-json\/wp\/v2\/posts"}],"about":[{"href":"https:\/\/www.europesays.com\/es\/wp-json\/wp\/v2\/types\/post"}],"author":[{"embeddable":true,"href":"https:\/\/www.europesays.com\/es\/wp-json\/wp\/v2\/users\/2"}],"replies":[{"embeddable":true,"href":"https:\/\/www.europesays.com\/es\/wp-json\/wp\/v2\/comments?post=301058"}],"version-history":[{"count":0,"href":"https:\/\/www.europesays.com\/es\/wp-json\/wp\/v2\/posts\/301058\/revisions"}],"wp:featuredmedia":[{"embeddable":true,"href":"https:\/\/www.europesays.com\/es\/wp-json\/wp\/v2\/media\/297172"}],"wp:attachment":[{"href":"https:\/\/www.europesays.com\/es\/wp-json\/wp\/v2\/media?parent=301058"}],"wp:term":[{"taxonomy":"category","embeddable":true,"href":"https:\/\/www.europesays.com\/es\/wp-json\/wp\/v2\/categories?post=301058"},{"taxonomy":"post_tag","embeddable":true,"href":"https:\/\/www.europesays.com\/es\/wp-json\/wp\/v2\/tags?post=301058"}],"curies":[{"name":"wp","href":"https:\/\/api.w.org\/{rel}","templated":true}]}}