{"id":301091,"date":"2025-12-22T08:15:09","date_gmt":"2025-12-22T08:15:09","guid":{"rendered":"https:\/\/www.europesays.com\/es\/301091\/"},"modified":"2025-12-22T08:15:09","modified_gmt":"2025-12-22T08:15:09","slug":"no-pierde-el-tiempo-y-ya-toma-nota-con-papel-y-boli","status":"publish","type":"post","link":"https:\/\/www.europesays.com\/es\/301091\/","title":{"rendered":"No pierde el tiempo y ya toma nota con papel y boli"},"content":{"rendered":"<p>Pellegrino Matarazzo ya conoce Anoeta. El nuevo t\u00e9cnico de la Real Sociedad vivi\u00f3 ayer su primera jornada en Donostia de forma intensa: visita a Zubieta  &#8230; por la ma\u00f1ana, primera toma de contacto con las instalaciones y, por la tarde, su asistencia al feudo txuri-urdin para presenciar el partido del Sanse frente al Ceuta, un gesto que refuerza la idea que el club ven\u00eda buscando desde hace semanas en el mercado: un entrenador que apueste por la cantera y la formaci\u00f3n de futbolistas j\u00f3venes.<\/p>\n<p class=\"v-p\">Su presencia en Anoeta se convirti\u00f3 en una de las im\u00e1genes del d\u00eda. El nuevo t\u00e9cnico realista lleg\u00f3 al estadio acompa\u00f1ado del director deportivo, Erik Bretos, y de Jokin Aperribay. Matarazzo presenci\u00f3 con atenci\u00f3n el encuentro de los potrillos desde el palco presencial, lo que le permiti\u00f3 observar el rendimiento del filial blanquiazul desde primera l\u00ednea.<\/p>\n<p class=\"v-p\">Durante todo el transcurso del choque se pudo observar a Matarazzo conversando constantemente con Bretos, intercambiando opiniones sobre los futbolistas y anotando detalles y observaciones individuales en una libreta que no se despeg\u00f3 de su mano durante los noventa minutos del encuentro. La jornada de ayer sirvi\u00f3 para que el t\u00e9cnico se familiarizara con el ambiente de Anoeta, un estadio que pronto se convertir\u00e1 en su casa. <\/p>\n<p class=\"v-p\">Aunque no se le ha visto todav\u00eda en el banquillo ni con el mono de trabajo puesto, su implicaci\u00f3n desde el primer d\u00eda transmite un mensaje claro tanto al vestuario como a la afici\u00f3n. Matarazzo recala en el conjunto guipuzcoano dispuesto a involucrarse en todos los niveles del club y a levantar un equipo que se encuentra en estado cr\u00edtico tras las diecisiete jornadas de campeonato. Su actitud durante el partido, atenta y participativa, refleja lo que dicen de \u00e9l. Es met\u00f3dico y ordenado, pero tambi\u00e9n pasional. Lo demostr\u00f3 con el tempranero gol de Marchal ante el Ceuta, donde se le vio levantarse de su asiento, aplaudir con entusiasmo con una sonrisa de oreja a oreja, y tras ello, tomar unos apuntes en su reutilizada hoja. Daba la casualidad que en esos instantes los potrillos estaban disputando sus mejores minutos del choque y la actuaci\u00f3n colectiva de los locales estaba siendo m\u00e1s que buena. Sin embargo, no ser\u00e1 hasta el d\u00eda 29 cuando Pellegrino Matarazzo se ponga por primera vez el mono de trabajo en Zubieta, donde podr\u00e1 conocer de primera mano a todo el plantel txuri-urdin y ejercer su primer entrenamiento como t\u00e9cnico de la Real. Hasta entonces, el estadounidense tiene una semana por delante para cerrar los \u00faltimos flecos y dar as\u00ed el pistoletazo de salida definitivo a la mitad de temporada que tiene por delante, adem\u00e1s de darle la vuelta a la situaci\u00f3n del equipo y despejar todos los fantasmas que ha habido durante estos meses.<\/p>\n<p>\nEl americano se situ\u00f3 junto a Bretos, celebr\u00f3 el gol de Marchal pero luego lament\u00f3 la derrota del Sanse ante el Ceuta\n<\/p>\n<p class=\"v-p\">No ser\u00e1 tarea f\u00e1cil para Matarazzo porque los resultados apremian y de momento sus \u00fanicas experiencias han sido en la Bundesliga y no en la Liga. Desde luego que, para la afici\u00f3n, acostumbrada a celebrar el talento que asciende de Zubieta, la imagen del nuevo t\u00e9cnico realista observando al filial ha sido recibida con alegr\u00eda. En una \u00e9poca de transici\u00f3n, como reconoci\u00f3 Aperribay hace tiempo refiri\u00e9ndose a comenzar a escribir \u00abun nuevo libro\u00bb, y con la plantilla del primer equipo en proceso de ajuste, la idea de que el nuevo proyecto eche a rodar con la mirada puesta hacia los j\u00f3venes es vista como una oportunidad. <\/p>\n<p class=\"v-p\">En la Real, la cantera no es un refuerzo secundario, sino una se\u00f1a de identidad. Si Matarazzo logra sacar provecho de ello y adem\u00e1s acompa\u00f1arlo de buenos resultados, confirmar\u00eda que la apuesta arriesgada era la adecuada.<\/p>\n","protected":false},"excerpt":{"rendered":"Pellegrino Matarazzo ya conoce Anoeta. El nuevo t\u00e9cnico de la Real Sociedad vivi\u00f3 ayer su primera jornada en&hellip;\n","protected":false},"author":2,"featured_media":301092,"comment_status":"","ping_status":"","sticky":false,"template":"","format":"standard","meta":{"footnotes":""},"categories":[268],"tags":[71410,168,25,24,280,282,17944,847,3457,281,23,167,159,4350],"class_list":{"0":"post-301091","1":"post","2":"type-post","3":"status-publish","4":"format-standard","5":"has-post-thumbnail","7":"category-futbol","8":"tag-boli","9":"tag-deportes","10":"tag-es","11":"tag-espana","12":"tag-football","13":"tag-futbol","14":"tag-nota","15":"tag-papel","16":"tag-pierde","17":"tag-soccer","18":"tag-spain","19":"tag-sports","20":"tag-tiempo","21":"tag-toma"},"share_on_mastodon":{"url":"https:\/\/pubeurope.com\/@es\/115762228767089420","error":""},"_links":{"self":[{"href":"https:\/\/www.europesays.com\/es\/wp-json\/wp\/v2\/posts\/301091","targetHints":{"allow":["GET"]}}],"collection":[{"href":"https:\/\/www.europesays.com\/es\/wp-json\/wp\/v2\/posts"}],"about":[{"href":"https:\/\/www.europesays.com\/es\/wp-json\/wp\/v2\/types\/post"}],"author":[{"embeddable":true,"href":"https:\/\/www.europesays.com\/es\/wp-json\/wp\/v2\/users\/2"}],"replies":[{"embeddable":true,"href":"https:\/\/www.europesays.com\/es\/wp-json\/wp\/v2\/comments?post=301091"}],"version-history":[{"count":0,"href":"https:\/\/www.europesays.com\/es\/wp-json\/wp\/v2\/posts\/301091\/revisions"}],"wp:featuredmedia":[{"embeddable":true,"href":"https:\/\/www.europesays.com\/es\/wp-json\/wp\/v2\/media\/301092"}],"wp:attachment":[{"href":"https:\/\/www.europesays.com\/es\/wp-json\/wp\/v2\/media?parent=301091"}],"wp:term":[{"taxonomy":"category","embeddable":true,"href":"https:\/\/www.europesays.com\/es\/wp-json\/wp\/v2\/categories?post=301091"},{"taxonomy":"post_tag","embeddable":true,"href":"https:\/\/www.europesays.com\/es\/wp-json\/wp\/v2\/tags?post=301091"}],"curies":[{"name":"wp","href":"https:\/\/api.w.org\/{rel}","templated":true}]}}