{"id":301093,"date":"2025-12-22T08:16:14","date_gmt":"2025-12-22T08:16:14","guid":{"rendered":"https:\/\/www.europesays.com\/es\/301093\/"},"modified":"2025-12-22T08:16:14","modified_gmt":"2025-12-22T08:16:14","slug":"la-comedia-antiwoke-que-adoran-milei-y-dos-millones-de-argentinos","status":"publish","type":"post","link":"https:\/\/www.europesays.com\/es\/301093\/","title":{"rendered":"La comedia antiwoke que adoran Milei y dos millones de argentinos"},"content":{"rendered":"<p><a class=\"v-mdl-ath__fig-a\" href=\"https:\/\/www.elcorreo.com\/autor\/oskar-belategui-102.html\" title=\"Oskar Belategui\" rel=\"nofollow noopener\" target=\"_blank\"><br \/>\n<img decoding=\"async\" class=\"v-mdl-ath__img\" src=\"https:\/\/www.europesays.com\/es\/wp-content\/uploads\/2025\/09\/autor-102-foto-2.jpeg\" alt=\"Oskar Belategui\"\/><br \/>\n<\/a><\/p>\n<p class=\"v-mdl-ath__p v-mdl-ath__p--6\">\nLunes, 22 de diciembre 2025, 00:12<\/p>\n<p class=\"v-p\">Javier Milei ha tratado de desmontar el cine argentino con su motosierra. Hasta que vio &#8216;Homo argentum&#8217;, se tronch\u00f3 de la risa y tuite\u00f3 que \u00abla pel\u00edcula de Guillermo Francella deja en evidencia muchos de los aspectos de la oscura e hip\u00f3crita agenda de los progres caviar (woke)\u00bb. Dos millones de argentinos han llenado los cines para re\u00edrse con esta comedia de sketches, en la que el actor de la serie &#8216;El encargado&#8217; encarna a diecis\u00e9is personajes distintos en cada una de las diecis\u00e9is historias. El filme llega a las salas espa\u00f1olas el 25 de diciembre.<\/p>\n<blockquote class=\"twitter-tweet\">\n<p lang=\"es\" dir=\"ltr\">HOMO ARGENTUM: DISONANCIA COGNITIVA EN EL CORAZ\u00d3N WOKE<\/p>\n<p>La pel\u00edcula de Guillermo Francella deja en evidencia muchos de los aspectos de la oscura e hip\u00f3crita agenda de los progres caviar (woke).<\/p>\n<p>A su vez, cuanto mayor la cantidad de par\u00e1sitos mentales dentro de la cabeza del\u2026<\/p>\n<p>\u2014 Javier Milei (@JMilei) <a href=\"https:\/\/twitter.com\/JMilei\/status\/1956712823469248774?ref_src=twsrc%5Etfw\" rel=\"nofollow noopener\" target=\"_blank\">August 16, 2025<\/a><\/p><\/blockquote>\n<p class=\"v-p\">Francella (Buenos Aires, 70 a\u00f1os) es un actor tan querido y popular en su pa\u00eds como Ricardo Dar\u00edn, al que la formidable polvareda que ha levantado la pel\u00edcula de Mariano Cohn y Gast\u00f3n Duprat le sobrepasa. Cuando ley\u00f3 el tuit de su presidente convertido en cr\u00edtico de cine se mostr\u00f3 tan sorprendido como el resto de los argentinos. \u00abCada uno interpreta lo que quiere\u00bb, cuenta a EL CORREO por tel\u00e9fono desde su casa de Buenos Aires. \u00abMilei lo denomin\u00f3 batalla cultural. Hubo gente que tach\u00f3 la pel\u00edcula de ap\u00e1trida sin haberla visto, por el solo hecho de quien la hab\u00eda escrito. Yo estaba azorado, miraba para los costados por si hab\u00eda una c\u00e1mara oculta, a ver si aquello era un sketch. No entend\u00eda lo que suced\u00eda. Nosotros contamos una s\u00e1tira, como las s\u00e1tiras italianas o las que hacen en Estados Unidos ri\u00e9ndose de ellos. La polarizaci\u00f3n y la locura reinante provocan estas cosas\u00bb.<\/p>\n<p class=\"v-p\">Autores de &#8216;El ciudadano ilustre&#8217; y &#8216;Competencia oficial&#8217;, Cohn y Duprat tambi\u00e9n molestaron a algunos con &#8216;El encargado&#8217;, en la que Francella es un portero de finca rica intrigante y maquiav\u00e9lico. \u00abEl sindicato de porteros elabor\u00f3 un comunicado oponi\u00e9ndose. Nos mir\u00e1bamos porque no sab\u00edamos si era verdad o una broma. Alguien que no puede discernir la ficci\u00f3n de la realidad&#8230; Es el problema de una mediocridad intelectual fuerte\u00bb, lamenta el actor.<\/p>\n<p>Tr\u00e1iler de &#8216;Homo argentum&#8217;, en salas el 25 de diciembre.<\/p>\n<p class=\"v-p\">En &#8216;Homo argentum&#8217;, Francella borda a un hombre rico y viudo que anuncia a sus hijos que se casa con la criada; a un director gay que gana premios con un cine social que le importa muy poco; a un locutor al que se le sale el coraz\u00f3n en un partido de f\u00fatbol; a un vigilante de seguridad ante el sue\u00f1o sexual de su vida; a un cambista porte\u00f1o que quiere timar a unos turistas brasile\u00f1os&#8230;<\/p>\n<p class=\"v-p\">16 personajes y 16 caracterizaciones en un reto digno de Peter Sellers. Francella puso a los directores sobre la pista de un filme de Dino Risi de 1963, &#8216;Monstruos de hoy&#8217;. \u00abAmo las pel\u00edculas de episodios del Neorrealismo italiano, vi\u00f1etas con mucho humor, con cr\u00edtica social y protagonizadas por Sordi, Tognazzi, Gassman&#8230;\u00bb, alaba el actor. Los directores la vieron, les fascin\u00f3 y le ofrecieron interpretar todas las historias. \u00ab&#8217;Si vos no hac\u00e9s todas, no nos interesa la pel\u00edcula&#8217;, me dijeron. Dud\u00e9 por el desaf\u00edo, pero hice los personajes de forma contenida, protegido por un buen texto y los directores. Me siento muy orgulloso de este viaje\u00bb.<\/p>\n<p class=\"v-p\">&#8216;Homo argentum&#8217; muestra tipos porte\u00f1os, aunque su protagonista matiza que resultan universales, como esos padres con un hijo de 39 a\u00f1os que no se marcha de casa ni con agua hirviendo. Tambi\u00e9n aparece la realidad sociol\u00f3gica del pa\u00eds, con los j\u00f3venes que emigran a Madrid a buscarse la vida. \u00abEn la pel\u00edcula hablamos de dos etapas. La de la inmigraci\u00f3n, en la que albergamos a 3 millones de espa\u00f1oles y 4 de italianos, y la actual, en la que los chicos viajan a Madrid porque tienen el idioma y la ciudadan\u00eda gracias a sus abuelos. Yo no s\u00e9 si es algo permanente o pasajero, si es una soluci\u00f3n. Trabajan de meseros, en \u00e1reas administrativas&#8230; Tampoco es oro todo lo que reluce, est\u00e1 el sueldo, la adaptaci\u00f3n&#8230;\u00bb.<\/p>\n<p><img decoding=\"async\" loading=\"lazy\" src=\"https:\/\/www.europesays.com\/es\/wp-content\/uploads\/2025\/12\/homo-kKHG--650x455@El Correo.jpg\" class=\"v-a-img\" width=\"650\" height=\"455\" alt=\"Una pareja despide a su hija, que se va a buscar la vida a Madrid.\" data-voc-vtm-id=\"in-text-traffic\"\/><\/p>\n<p>Una pareja despide a su hija, que se va a buscar la vida a Madrid.<\/p>\n<p><img loading=\"lazy\" decoding=\"async\" src=\"https:\/\/www.europesays.com\/es\/wp-content\/uploads\/2025\/12\/homo-kKHG--650x455@El Correo.jpg\" class=\"v-mdl__img-z\" width=\"650\" height=\"455\" alt=\"\"\/><\/p>\n<p class=\"v-p\">Para el actor de &#8216;El secreto de sus ojos&#8217;, &#8216;El clan&#8217; y &#8216;El robo del siglo&#8217;, que tiene en cartelera <a href=\"https:\/\/www.elcorreo.com\/pantallas\/cine\/dani-rovira-agarrara-vida-traves-comedia-tiraria-20251205144140-ntrc.html\" target=\"_blank\" data-voc-vtm-id=\"in-text-traffic\" title=\"&#039;Playa de Lobos&#039; junto a Dani Rovira,\" data-mrf-link=\"www.elcorreo.com\" rel=\"nofollow noopener\">&#8216;Playa de Lobos&#8217; junto a Dani Rovira,<\/a> la extraordinaria taquilla de &#8216;Homo argentum&#8217; se debe al boca a boca y no a pol\u00e9micas. \u00abQue tras la pandemia hayamos tenido 2 millones de espectadores es algo extraordinario. No hay intenci\u00f3n pol\u00edtica ni ninguna ideolog\u00eda detr\u00e1s. Hablamos de ciertos genes, de ciertos comportamientos, de los seres humanos, no solamente de los argentinos\u00bb, justifica.<\/p>\n<p class=\"v-p\">Francella se enorgullece de llevar 45 a\u00f1os en un oficio que tambi\u00e9n ejercen sus hijos. \u00abNunca mediatic\u00e9 nada, ni mi propia familia. No me gusta lo que pasa en el mundo, incluido en Espa\u00f1a. Hay un mundo nuevo, salvaje, y lo mejor es guardar silencio. Nada bueno puede salir de esta polarizaci\u00f3n\u00bb.<\/p>\n<p class=\"v-p\"><strong>\u2013\u00bfHa conocido alguna vez a un director de cine tan hip\u00f3crita como el que interpreta en uno de los episodios?<\/strong><\/p>\n<p class=\"v-p\">\u2013Bueno, vos sos periodista, \u00bfno? Los conoces. Esos tipos que suben a por un premio y no son felices de recibirlo porque hay calentamiento global&#8230; Todos los conocemos. Ocurre en tu pa\u00eds y en el m\u00edo. Antes los premios se los dedicabas a tu abuelita y era emocionante, ahora es cursi.<\/p>\n<p>Reporta un error<\/p>\n<p><script async src=\"https:\/\/platform.twitter.com\/widgets.js\" charset=\"utf-8\"><\/script><\/p>\n","protected":false},"excerpt":{"rendered":"Lunes, 22 de diciembre 2025, 00:12 Javier Milei ha tratado de desmontar el cine argentino con su motosierra.&hellip;\n","protected":false},"author":2,"featured_media":301094,"comment_status":"","ping_status":"","sticky":false,"template":"","format":"standard","meta":{"footnotes":""},"categories":[174],"tags":[71412,71411,71413,255,3059,1563,146,147,25,24,256,29746,4724,23],"class_list":{"0":"post-301093","1":"post","2":"type-post","3":"status-publish","4":"format-standard","5":"has-post-thumbnail","7":"category-famosos","8":"tag-adoran","9":"tag-antiwoke","10":"tag-argentinos","11":"tag-celebrities","12":"tag-comedia","13":"tag-dos","14":"tag-entertainment","15":"tag-entretenimiento","16":"tag-es","17":"tag-espana","18":"tag-famosos","19":"tag-milei","20":"tag-millones","21":"tag-spain"},"share_on_mastodon":{"url":"https:\/\/pubeurope.com\/@es\/115762232835279941","error":""},"_links":{"self":[{"href":"https:\/\/www.europesays.com\/es\/wp-json\/wp\/v2\/posts\/301093","targetHints":{"allow":["GET"]}}],"collection":[{"href":"https:\/\/www.europesays.com\/es\/wp-json\/wp\/v2\/posts"}],"about":[{"href":"https:\/\/www.europesays.com\/es\/wp-json\/wp\/v2\/types\/post"}],"author":[{"embeddable":true,"href":"https:\/\/www.europesays.com\/es\/wp-json\/wp\/v2\/users\/2"}],"replies":[{"embeddable":true,"href":"https:\/\/www.europesays.com\/es\/wp-json\/wp\/v2\/comments?post=301093"}],"version-history":[{"count":0,"href":"https:\/\/www.europesays.com\/es\/wp-json\/wp\/v2\/posts\/301093\/revisions"}],"wp:featuredmedia":[{"embeddable":true,"href":"https:\/\/www.europesays.com\/es\/wp-json\/wp\/v2\/media\/301094"}],"wp:attachment":[{"href":"https:\/\/www.europesays.com\/es\/wp-json\/wp\/v2\/media?parent=301093"}],"wp:term":[{"taxonomy":"category","embeddable":true,"href":"https:\/\/www.europesays.com\/es\/wp-json\/wp\/v2\/categories?post=301093"},{"taxonomy":"post_tag","embeddable":true,"href":"https:\/\/www.europesays.com\/es\/wp-json\/wp\/v2\/tags?post=301093"}],"curies":[{"name":"wp","href":"https:\/\/api.w.org\/{rel}","templated":true}]}}