{"id":301097,"date":"2025-12-22T08:19:16","date_gmt":"2025-12-22T08:19:16","guid":{"rendered":"https:\/\/www.europesays.com\/es\/301097\/"},"modified":"2025-12-22T08:19:16","modified_gmt":"2025-12-22T08:19:16","slug":"critica-de-innato-la-adictiva-nueva-serie-de-netflix-con-grandes-interpretaciones-de-elena-anaya-e-imanol-arias","status":"publish","type":"post","link":"https:\/\/www.europesays.com\/es\/301097\/","title":{"rendered":"Cr\u00edtica de Innato, la adictiva nueva serie de Netflix con grandes interpretaciones de Elena Anaya e Imanol Arias"},"content":{"rendered":"<p class=\"c-paragraph\">La recta final de <a href=\"https:\/\/www.hobbyconsolas.com\/tags\/temas\/netflix.html\" title=\"Netflix\" rel=\"nofollow noopener\" target=\"_blank\">Netflix<\/a> en los \u00faltimos impases del a\u00f1o est\u00e1 siendo bastante espectacular con estrenos de series espa\u00f1olas muy exitosas que le est\u00e1n proporcionando buenos r\u00e9ditos de audiencia, al margen del desenlace de su buque insignia <a href=\"https:\/\/www.hobbyconsolas.com\/hobbycine\/los-hermanos-duffer-comparten-un-nuevo-clip-final-stranger-things-con-joyce-byers-liderando-un-plan-contra-vecna_6913108_0.html\" title=\"Los hermanos Duffer comparten un nuevo clip del final de Stranger Things con Joyce Byers liderando un plan contra Vecna\" rel=\"nofollow noopener\" target=\"_blank\">Stranger Things<\/a>. Es el caso de series como <a href=\"https:\/\/www.hobbyconsolas.com\/hobbycine\/critica-cuco-cristal-adaptacion-novela-javier-castillo-para-netflix_6897000_0.html\" title=\"Cr\u00edtica de El cuco de cristal, la adaptaci\u00f3n de la novela de Javier Castillo para Netflix\" rel=\"nofollow noopener\" target=\"_blank\">El cuco de cristal<\/a> o <a href=\"https:\/\/www.hobbyconsolas.com\/hobbycine\/critica-ciudad-sombras-estreno-postumo-ultimo-papel-veronica-echegui_6908170_0.html\" title=\"Cr\u00edtica de Ciudad de sombras, estreno p\u00f3stumo del \u00faltimo papel de Ver\u00f3nica Echegui\" rel=\"nofollow noopener\" target=\"_blank\">Ciudad de sombras<\/a>, c\u00f3modamente instaladas en el top 10 de las m\u00e1s visionadas que dan buena cuenta del inter\u00e9s por el g\u00e9nero y del momento dulce que vive nuestra industria audiovisual en esta materia.<\/p>\n<p class=\"c-paragraph\">A esos t\u00edtulos vamos a sumar <a href=\"https:\/\/www.hobbyconsolas.com\/hobbycine\/netflix-anuncia-fecha-estreno-innato-thriller-psicologico-elena-anaya-imanol-arias_6899862_0.html\" title=\"Netflix anuncia la fecha de estreno de Innato, el thriller psicol\u00f3gico de Elena Anaya e Imanol Arias\" rel=\"nofollow noopener\" target=\"_blank\">Innato<\/a>, una adictiva serie de ocho episodios de unos 45 minutos de duraci\u00f3n que, esta vez, no beben de la letra impresa. Han participado en la creaci\u00f3n de la serie Fran Carballal (<a href=\"https:\/\/www.hobbyconsolas.com\/reviews\/critica-tregua-drama-carcelario-propone-reconciliacion-lograr-bien-comun-1486546\" title=\"Cr\u00edtica de La tregua, un drama carcelario que propone la reconciliaci\u00f3n para lograr el bien com\u00fan\" rel=\"nofollow noopener\" target=\"_blank\">La tregua<\/a>) y Enrique Lojo (<a href=\"https:\/\/www.hobbyconsolas.com\/noticias\/amazon-prime-video-estrena-trailer-fin-nueva-serie-apocaliptica-1403647\" title=\"En fin\" rel=\"nofollow noopener\" target=\"_blank\">En fin<\/a>) mientras que el equipo de guionistas ha contado tambi\u00e9n con la experiencia de\u00a0Pablo Roa, Ver\u00f3nica Marz\u00e1, Fernando Sancrist\u00f3bal y Pablo Manchado. Un equipo extenso para alumbrar un producto bien cuidado y repleto de intrigantes premisas.<\/p>\n<p class=\"c-paragraph\"><b>A su favor, un reparto que trabaja muy bien y un desarrollo de la historia bien dosificado para mantener el inter\u00e9s en todo momento<\/b>. En su contra, un final que cierra en falso, dejando inc\u00f3gnitas en el aire de cara a una futura segunda temporada y una banda sonora poco estimulante, que no consigue realzar el conjunto (y se llega a echar de menos un impulsito sonoro). Pero iremos desgranando todas estas cuestiones&#8230;<\/p>\n<p>Miedo a los genes<\/p>\n<p class=\"c-paragraph\">Innato nos presenta la historia F\u00e9lix Garay, conocido como \u00abel asesino del gasoil\u00bb, un hombre acusado y encerrado por el asesinato de tres personas con un grave transtorno de psicopat\u00eda. Justo despu\u00e9s de salir de la c\u00e1rcel, tras haber cumplido \u00edntegra su condena, aparece un cad\u00e1ver calcinado siguiendo su mismo modus operandi, lo que despierta el enfermizo inter\u00e9s de la prensa, que vuelve a acosarlo en su propio domicilio.<\/p>\n<p class=\"c-paragraph\">De forma paralela descubrimos qu\u00e9 fue de su hija Sara, en plena adolescencia cuando fue atrapado. Decidida a evitar el escrutinio p\u00fablico, cambi\u00f3 su identidad y empez\u00f3 una nueva vida en otra localidad desarrollando posteriormente sus estudios de psicoterapeuta y manteni\u00e9ndose alejada de su padre.<\/p>\n<p class=\"c-paragraph\">Cuando descubre que ha puesto los pies en la calle, su reacci\u00f3n instintiva es la de protegerse y hacer lo propio con su marido y su hijo, si bien \u00e9ste parece tener un inter\u00e9s desproporcionado por el asesino del gasoil, lo que se sumar\u00e1 a varios altercados con compa\u00f1eros y profesores\u00a0<\/p>\n<p class=\"c-paragraph\">La historia de <b>Innato<\/b> es apasionante y busca que los espectadores est\u00e9n constantemente haciendo c\u00e1balas respecto a los nuevos asesinatos: \u00bfse trata de un imitador? \u00bfHa vuelto a las andadas el mismo asesino? \u00bfFue acusado el padre de Sara con pruebas falsas? As\u00ed se van abriendo poco a poco un mont\u00f3n de interrogantes que alcanzan su respuesta en el episodio final. Sin embargo, no todas las subtramas quedan cerradas por completo: quedan flecos y el desenlace es todo un cliffhanger para una segunda temporada que es m\u00e1s que necesaria para continuar la historia.<\/p>\n<p class=\"c-paragraph\">En el apartado t\u00e9cnico, no hay gran cosa que se le pueda objetar a la serie: hay un trabajo de ambientaci\u00f3n muy solvente, con una fotograf\u00eda oscura, buenos efectos especiales y una cuidada atenci\u00f3n a los detalles.<\/p>\n<p class=\"c-paragraph\"><b>La direcci\u00f3n de actores es otro de los platos fuertes de este thriller psicol\u00f3gico en el que Elena Anaya da el do de pecho mostrando a una mujer atormentada<\/b> por el pasado, preocupada por el presente y caminando siempre al borde del precipicio a punto de perderse. Imanol Arias da verdadero miedo con su caracterizaci\u00f3n y su mera presencia: impone y le da los matices oportunos a un personaje complicado y devastador. Y el tridente se completa con el joven Teo Soler, que se ajusta a la perfecci\u00f3n a su inquietante personaje, del que no sabes nunca qu\u00e9 pensar.<\/p>\n<p class=\"c-paragraph\"><b>Innato<\/b> habla sobre el legado y el miedo a haber heredado una enfermedad mental que te priva de la empat\u00eda necesaria como para vivir con humanidad. \u00bfCu\u00e1nto hay en nosotros de heredado y cu\u00e1nto de aprendido? Al final del visionado, consigues responder algunas preguntas pero hay otras que se quedan contigo. Continuar\u00e1.<\/p>\n<p class=\"c-review-module__text\"> Valoraci\u00f3n <\/p>\n<p class=\"c-review-module__text-score\"> Nota 73<\/p>\n<p class=\"c-review-module__resume\">Muy adictiva y con grandes interpretaciones, especialmente las de Elena Anaya y un hosco Imanol Arias que impone con su mera presencia. Invita a jugar a las adivinanzas y sorprende con la resoluci\u00f3n.<a href=\"\"> <\/a><\/p>\n<p>Lo mejor<\/p>\n<p class=\"c-review-module__description\">La calidad de las interpretaciones, los giros y revelaciones y la manera en que se dosifican para mantener el inter\u00e9s de la audiencia. Muy buenos FX y consistencia dram\u00e1tica.<\/p>\n<p>Lo peor<\/p>\n<p class=\"c-review-module__description\">Deja muchos flecos sin resolver y termina en un momento \u00e1lgico, priv\u00e1ndonos de un cierre real. Da rabia, es algo tramposa.<\/p>\n","protected":false},"excerpt":{"rendered":"La recta final de Netflix en los \u00faltimos impases del a\u00f1o est\u00e1 siendo bastante espectacular con estrenos de&hellip;\n","protected":false},"author":2,"featured_media":301098,"comment_status":"","ping_status":"","sticky":false,"template":"","format":"standard","meta":{"footnotes":""},"categories":[171],"tags":[56075,1497,146,147,25,24,70933,795,156,23,214],"class_list":{"0":"post-301097","1":"post","2":"type-post","3":"status-publish","4":"format-standard","5":"has-post-thumbnail","7":"category-tv","8":"tag-adictiva","9":"tag-critica","10":"tag-entertainment","11":"tag-entretenimiento","12":"tag-es","13":"tag-espana","14":"tag-innato","15":"tag-nueva","16":"tag-serie","17":"tag-spain","18":"tag-tv"},"share_on_mastodon":{"url":"https:\/\/pubeurope.com\/@es\/115762244068132529","error":""},"_links":{"self":[{"href":"https:\/\/www.europesays.com\/es\/wp-json\/wp\/v2\/posts\/301097","targetHints":{"allow":["GET"]}}],"collection":[{"href":"https:\/\/www.europesays.com\/es\/wp-json\/wp\/v2\/posts"}],"about":[{"href":"https:\/\/www.europesays.com\/es\/wp-json\/wp\/v2\/types\/post"}],"author":[{"embeddable":true,"href":"https:\/\/www.europesays.com\/es\/wp-json\/wp\/v2\/users\/2"}],"replies":[{"embeddable":true,"href":"https:\/\/www.europesays.com\/es\/wp-json\/wp\/v2\/comments?post=301097"}],"version-history":[{"count":0,"href":"https:\/\/www.europesays.com\/es\/wp-json\/wp\/v2\/posts\/301097\/revisions"}],"wp:featuredmedia":[{"embeddable":true,"href":"https:\/\/www.europesays.com\/es\/wp-json\/wp\/v2\/media\/301098"}],"wp:attachment":[{"href":"https:\/\/www.europesays.com\/es\/wp-json\/wp\/v2\/media?parent=301097"}],"wp:term":[{"taxonomy":"category","embeddable":true,"href":"https:\/\/www.europesays.com\/es\/wp-json\/wp\/v2\/categories?post=301097"},{"taxonomy":"post_tag","embeddable":true,"href":"https:\/\/www.europesays.com\/es\/wp-json\/wp\/v2\/tags?post=301097"}],"curies":[{"name":"wp","href":"https:\/\/api.w.org\/{rel}","templated":true}]}}