{"id":301114,"date":"2025-12-22T08:35:10","date_gmt":"2025-12-22T08:35:10","guid":{"rendered":"https:\/\/www.europesays.com\/es\/301114\/"},"modified":"2025-12-22T08:35:10","modified_gmt":"2025-12-22T08:35:10","slug":"van-der-poel-gana-y-da-una-leccion-de-ciclocross-en-las-dunas-de-koksijde","status":"publish","type":"post","link":"https:\/\/www.europesays.com\/es\/301114\/","title":{"rendered":"Van der Poel gana y da una lecci\u00f3n de ciclocross en las dunas de Koksijde"},"content":{"rendered":"<p><strong>Mathieu van der Poel volvi\u00f3 a imponer su ley en las dunas de Koksijde<\/strong>. El neerland\u00e9s se llev\u00f3 con absoluta autoridad la carrera firmando una nueva victoria en solitario en uno de los circuitos m\u00e1s duros del calendario.<\/p>\n<p>La Copa del Mundo de Ciclocross de Koksijde volvi\u00f3 a confirmar en 2025 por qu\u00e9 es una de las citas m\u00e1s temidas del calendario. El circuito belga estrenaba ligeros cambios en el trazado, especialmente en la zona de salida, y, aunque muchos corredores coincid\u00edan en que el recorrido se hab\u00eda endurecido a\u00fan m\u00e1s, la carrera masculina \u00e9lite arranc\u00f3 con una salida limpia, en la que <strong>los m\u00e1s fuertes tomaron el mando desde los primeros metros.<\/strong><\/p>\n<p>El primer l\u00edder fue <strong>el campe\u00f3n neerland\u00e9s Tibor del Grosso, que encabez\u00f3 el paso inicial por meta seguido muy de cerca por su compa\u00f1ero y campe\u00f3n del mundo Mathieu van der Poe<\/strong>l. En ese grupo delantero tambi\u00e9n se manten\u00edan el campe\u00f3n de Europa Toon Aerts, Laurens Sweeck y Niels Vandeputte.<\/p>\n<p>Tras una primera vuelta sin ataques claros, Van der Poel eligi\u00f3 el inicio de la vuelta 2 para lanzar un cambio de ritmo demoledor que le permiti\u00f3 abrir los primeros metros de ventaja. Coincidi\u00f3, adem\u00e1s, con la llegada de una ligera lluvia, un factor que a\u00f1adi\u00f3 todav\u00eda m\u00e1s dureza a un circuito ya extremadamente exigente por la arena profunda de las dunas.<\/p>\n<p>Como ya hab\u00eda ocurrido el d\u00eda anterior, Laurens Sweeck fue el \u00fanico capaz de reaccionar con rapidez. Su esfuerzo dio resultado al inicio de la vuelta 3, cuando consigui\u00f3 dar alcance a Van der Poel y reagrupar de nuevo a cinco corredores en cabeza: Del Grosso, Aerts, Sweeck, Vandeputte y el propio Van der Poel.<\/p>\n<p>La carrera estaba prevista a 7 vueltas y el desgaste comenzaba a hacer mella. Durante esa tercera vuelta, <strong>Van der Poel opt\u00f3 por esperar y leer la carrera,<\/strong> mientras el grupo se manten\u00eda compacto. La situaci\u00f3n cambi\u00f3 cuando Toon Aerts sufri\u00f3 una peque\u00f1a ca\u00edda en una duna, perdiendo contacto, y poco despu\u00e9s Sweeck empez\u00f3 a acusar el ritmo alt\u00edsimo, qued\u00e1ndose tambi\u00e9n cortado.<\/p>\n<p><img class=\" lazyload\" border=\"0\" alt=\"Van der Poel gana y da una lecci\u00f3n de ciclocross en las dunas de Koksijde\" width=\"1200\" height=\"800\"  data-\/><\/p>\n<p>Con los tres corredores del Alpecin-Deceuninck al frente, Van der Poel, Del Grosso y Vandeputte, el campe\u00f3n del mundo volvi\u00f3 a imponer su ley. En las dur\u00edsimas subidas de arena, donde muchos se ve\u00edan obligados a apoyarse en las vallas para no bajarse de la bicicleta, <strong>Van der Poel mostraba una superioridad de potencia y t\u00e9cnica<\/strong>, avanzando con una fluidez impropia de un terreno tan blando, casi como si rodara sobre asfalto.<\/p>\n<p>A dos vueltas del final, <strong>Van der Poel ya ofrec\u00eda una aut\u00e9ntica lecci\u00f3n de ciclocross en las dunas de Koksijde, ampliando su ventaja hasta rozar el medio minut<\/strong>o. Por detr\u00e1s, el grupo perseguidor quedaba formado por Tibor del Grosso, Laurens Sweeck y Niels Vandeputte, mientras Toon Aerts rodaba en quinta posici\u00f3n, algo m\u00e1s descolgado.<\/p>\n<p><img class=\" lazyload\" border=\"0\" alt=\"Van der Poel gana y da una lecci\u00f3n de ciclocross en las dunas de Koksijde\" width=\"1200\" height=\"800\"  data-\/><\/p>\n<p>El gui\u00f3n no cambi\u00f3 hasta meta y <strong>Mathieu van der Poel gan\u00f3 de nuevo con absoluta soltura<\/strong>, mientras que el resto del podio se decidi\u00f3 en la parte final de la \u00faltima vuelta, con Laurens Sweeck segundo y Tibor del Grosso tercero, confirmando el gran nivel mostrado durante toda la prueba.<\/p>\n<p><img class=\" lazyload\" border=\"0\" alt=\"Van der Poel gana y da una lecci\u00f3n de ciclocross en las dunas de Koksijde\" width=\"1200\" height=\"800\"  data-\/><\/p>\n<p>En clave espa\u00f1ola, <strong>Felipe Orts vivi\u00f3 una carrera m\u00e1s complicada que el d\u00eda anterior.<\/strong> Una salida poco favorable condicion\u00f3 su actuaci\u00f3n y le oblig\u00f3 a rodar en posiciones retrasadas. Finalmente entr\u00f3 en la posici\u00f3n 21, una gran actuaci\u00f3n si tenemos en cuenta que es una de las pruebas que peor le van a su estilo.<\/p>\n<p>Top 10 \u2013 Hombres \u00c9lite | Koksijde 2025<\/p>\n<ol>&#13;<\/p>\n<li>Mathieu van der Poel (Alpecin-Deceuninck) \u2013 56:36<\/li>\n<p>&#13;<\/p>\n<li>Laurens Sweeck (Crelan-Corendon) \u2013 +7 s<\/li>\n<p>&#13;<\/p>\n<li>Niels Vandeputte (Alpecin-Deceuninck Development Team) \u2013 +13 s<\/li>\n<p>&#13;<\/p>\n<li>Tibor del Grosso (Alpecin-Deceuninck) \u2013 +23 s<\/li>\n<p>&#13;<\/p>\n<li>Toon Aerts (Deschacht\u2013Hens CX Team) \u2013 +1:04<\/li>\n<p>&#13;<\/p>\n<li>Toon Vandebosch (Crelan-Corendon) \u2013 +1:17<\/li>\n<p>&#13;<\/p>\n<li>Joran Wyseure (Crelan-Corendon) \u2013 +1:20<\/li>\n<p>&#13;<\/p>\n<li>Cameron Mason (Seven Racing) \u2013 +1:26<\/li>\n<p>&#13;<\/p>\n<li>Michael Vanthourenhout (Pauwels Sauzen\u2013Altez) \u2013 +1:37<\/li>\n<p>&#13;<\/p>\n<li>Mees Hendrikx (Heizomat\u2013Cube) \u2013 +1:38<\/li>\n<p>&#13;\n<\/ol>\n","protected":false},"excerpt":{"rendered":"Mathieu van der Poel volvi\u00f3 a imponer su ley en las dunas de Koksijde. El neerland\u00e9s se llev\u00f3&hellip;\n","protected":false},"author":2,"featured_media":301115,"comment_status":"","ping_status":"","sticky":false,"template":"","format":"standard","meta":{"footnotes":""},"categories":[273],"tags":[313,312,168,25,24,23,167],"class_list":{"0":"post-301114","1":"post","2":"type-post","3":"status-publish","4":"format-standard","5":"has-post-thumbnail","7":"category-ciclismo","8":"tag-ciclismo","9":"tag-cycling","10":"tag-deportes","11":"tag-es","12":"tag-espana","13":"tag-spain","14":"tag-sports"},"share_on_mastodon":{"url":"https:\/\/pubeurope.com\/@es\/115762306936498411","error":""},"_links":{"self":[{"href":"https:\/\/www.europesays.com\/es\/wp-json\/wp\/v2\/posts\/301114","targetHints":{"allow":["GET"]}}],"collection":[{"href":"https:\/\/www.europesays.com\/es\/wp-json\/wp\/v2\/posts"}],"about":[{"href":"https:\/\/www.europesays.com\/es\/wp-json\/wp\/v2\/types\/post"}],"author":[{"embeddable":true,"href":"https:\/\/www.europesays.com\/es\/wp-json\/wp\/v2\/users\/2"}],"replies":[{"embeddable":true,"href":"https:\/\/www.europesays.com\/es\/wp-json\/wp\/v2\/comments?post=301114"}],"version-history":[{"count":0,"href":"https:\/\/www.europesays.com\/es\/wp-json\/wp\/v2\/posts\/301114\/revisions"}],"wp:featuredmedia":[{"embeddable":true,"href":"https:\/\/www.europesays.com\/es\/wp-json\/wp\/v2\/media\/301115"}],"wp:attachment":[{"href":"https:\/\/www.europesays.com\/es\/wp-json\/wp\/v2\/media?parent=301114"}],"wp:term":[{"taxonomy":"category","embeddable":true,"href":"https:\/\/www.europesays.com\/es\/wp-json\/wp\/v2\/categories?post=301114"},{"taxonomy":"post_tag","embeddable":true,"href":"https:\/\/www.europesays.com\/es\/wp-json\/wp\/v2\/tags?post=301114"}],"curies":[{"name":"wp","href":"https:\/\/api.w.org\/{rel}","templated":true}]}}