{"id":301118,"date":"2025-12-22T08:38:12","date_gmt":"2025-12-22T08:38:12","guid":{"rendered":"https:\/\/www.europesays.com\/es\/301118\/"},"modified":"2025-12-22T08:38:12","modified_gmt":"2025-12-22T08:38:12","slug":"cadiz-castellon-en-directo-laliga-hypermotion-hoy-en-vivo-diario-as","status":"publish","type":"post","link":"https:\/\/www.europesays.com\/es\/301118\/","title":{"rendered":"C\u00e1diz &#8211; Castell\u00f3n, en directo: LaLiga Hypermotion, hoy en vivo &#8211; Diario AS"},"content":{"rendered":"<ol>\n<li><a href=\"https:\/\/news.google.com\/rss\/articles\/CBMinwFBVV95cUxPRnEwWVpjTFBtWDZVYWxmeGQyNEpUZWZHSEZ4ZUtUenRDcjNuamJxYXREZWZzdmk3TmE4Zk5uVGNQY0xKdkVac0hqYlhpeU1wcHFHOF9ERU1DRVJ5LWs4eEdBekZqdXJfLXN2RHJfaWhaYkZLUnlGUkVjekNWcXF0cHVnLVpZN0QwcndyQ01xSEpWS2c2dTB2Q2dxRXJLSEHSAbMBQVVfeXFMTUhXd20wWWU4NjlWNmoxWXFCbjlfR0hyUGFFU3Nya1kxS1FudE53WlJPZmlZS2hQZWRWZHJGYWVKaWJpT0NLSjlwWFR3Vll0NWp1eVVkWUtGVEg2LWJvcVI2VmtoaXgxbU1UXzl5cFhyVU1zZHdrYzVXME92Q1I2dzJIMTQzUHZmYUVzLWFuUTNMbnUwYjhZZC1RUkZZRjF4czNKcFV0ak5SX2gwRU90Z3NuNlE?oc=5\" target=\"_blank\" rel=\"nofollow noopener\">C\u00e1diz &#8211; Castell\u00f3n, en directo: LaLiga Hypermotion, hoy en vivo<\/a>&nbsp;&nbsp;Diario AS<\/li>\n<li><a href=\"https:\/\/news.google.com\/rss\/articles\/CBMi2AFBVV95cUxNRmpubDQtWm8zT09ETHk2eEEzSzF4MWctTmlMY04tajFYdkF0clUycGtpYlgzMTFlZGtZcEVVYzJ3ZGZUTy1oNlUtTWE1M3Rkc0NYWTJUUm8tRFJCLWIwaldrcE5SMEx3aWNvVHgxZ0w2OGZvN3VmSkNQbVFJWXk5SmxuRGtIdHBjSS1LV3oxdVdvc1g3bnIwMlNDd2FBQmVNdjhpcUtVdEh5WlJBS0p0c3U4cDYzRmtkSzZQSUFLbTVUeDNSLXByODk0b012djlMSi1rSERlOGk?oc=5\" target=\"_blank\" rel=\"nofollow noopener\">El Castell\u00f3n pone fin a su buena racha con una derrota pol\u00e9mica en el Nuevo Mirandilla<\/a>&nbsp;&nbsp;Castell\u00f3n Plaza<\/li>\n<li><a href=\"https:\/\/news.google.com\/rss\/articles\/CBMi4wFBVV95cUxQczktRkhUZTNXTzc4VmFCd3N1N0NhWUI2LVR0VC1sRlEwTDlkZW5ibVVfZ0EzS0hjdm8tRGo2WDc2QVNtU19zTDRlVVMxNGN2V01lZjJZLTlHaklpSzhDVlFwYlZrcFl2emdFQ0RXb1BfOTlQTGJjZjZiRElRbzJGVmltTThCY2V2dVhoaGVmZVVzVlB6OTdiSk93blR2MlVIcXNLbksycG01YVY2bF9FSHpMeFRIUUFWYlY0LTM5b0dPY0o4bmFFTXg0emZKQnFoOTNoX1cxTzB1Zk1KQzRkaUhPMNIB9wFBVV95cUxPVTd4cmgwY3ozMmNqZ2d5aTQtU203LXhrSEY0VlAtSklDTjEwNjJjNG05ZU1NZ0dkajg2NEFYdmtUaGlZcHctcm1wSjljZFhKRW56T0ZKZEpuYURwRHo2anhpU21MRk8xanJ3S2l6aFgwbm1ITlZSZUhQYTdFWnJxRnlxSWZWekhFNjBMMndSTDdyUnkxanZzSUJPQVlvYjRjWUVXRDU2SDRLanpiVkZlY1B0VndIUUxVM01Hd2thYkhjLXQ2eDZSeDNkcTBqMlBKYjFHZko0enZXaTAwZDFlYXEtWmZRRnNLZWJVZzY3QVk5aWROa2tv?oc=5\" target=\"_blank\" rel=\"nofollow noopener\">Dawda Camara frena en seco al Castell\u00f3n y coloca al C\u00e1diz CF en playoff para despedir el 2025<\/a>&nbsp;&nbsp;Cadena SER<\/li>\n<li><a href=\"https:\/\/news.google.com\/rss\/articles\/CBMirAFBVV95cUxNOUg2R0JMMGRpY1llV3BiVUlseGowbHJOT3FRTFluYWJYQ2p2NWRoT0p2T3RqUlBxd1BKSFBZMEE5blFyNTA2bWFwMW0yUkJRU3JDRlhNNXFsZ0QzTVJoU0s3UjcyYkFzNEVQTXpFb21SZTd6MHJWNktvcGhTaGd1UnY5dDZPcTduVjgtbnNRYmU5X28tc0x6cTV1elE4US1rMWZaYnJRamx6NmhC?oc=5\" target=\"_blank\" rel=\"nofollow noopener\">C\u00e1diz &#8211; Castell\u00f3n, en directo<\/a>&nbsp;&nbsp;La Voz Digital<\/li>\n<li><a href=\"https:\/\/news.google.com\/rss\/articles\/CBMikAFBVV95cUxQdnZpSFZHYTJnVGc1VF9fTGVnY3d3a0hhbm1yeE1qdVp3cjZfSEZMX3paTFVIRnJKdnIya2tqd21hM0xZZjJYZTduNm1GT0pEV0tHeXptajBhZTd2VVlkc3p1Sk1WeGhvc3VIWThXbnU1SkRQc0VrQVcyeGw4Y1MwNUpfS2VtWXYyQkR3N1FiY23SAZYBQVVfeXFMT001UmtqMVhkZkJYMXptenM3ZU81V3hrNFNUWG9VVGxfYlF4RjRtaHYyQW10c1NxWDcwRjdJVW1abU11NWxTR2dqTlRPMldBSTNSVERVVVVOc0ZPMmwwM2h0Q2NuQnpyenU2eEdGaGR5Vk8tM1h2bi1KRjh5OGIzem5yLV9XOGx6YW05LVN4b0dOMHJfbVln?oc=5\" target=\"_blank\" rel=\"nofollow noopener\">Clasificaci\u00f3n: el C\u00e1diz CF acaba el a\u00f1o en zona de fase de ascenso<\/a>&nbsp;&nbsp;Diario de C\u00e1diz<\/li>\n<\/ol>\n","protected":false},"excerpt":{"rendered":"C\u00e1diz &#8211; Castell\u00f3n, en directo: LaLiga Hypermotion, hoy en vivo&nbsp;&nbsp;Diario AS El Castell\u00f3n pone fin a su buena&hellip;\n","protected":false},"author":2,"featured_media":301119,"comment_status":"","ping_status":"","sticky":false,"template":"","format":"standard","meta":{"footnotes":""},"categories":[268],"tags":[168,25,24,280,282,281,23,167],"class_list":{"0":"post-301118","1":"post","2":"type-post","3":"status-publish","4":"format-standard","5":"has-post-thumbnail","7":"category-futbol","8":"tag-deportes","9":"tag-es","10":"tag-espana","11":"tag-football","12":"tag-futbol","13":"tag-soccer","14":"tag-spain","15":"tag-sports"},"share_on_mastodon":{"url":"https:\/\/pubeurope.com\/@es\/115762318816007503","error":""},"_links":{"self":[{"href":"https:\/\/www.europesays.com\/es\/wp-json\/wp\/v2\/posts\/301118","targetHints":{"allow":["GET"]}}],"collection":[{"href":"https:\/\/www.europesays.com\/es\/wp-json\/wp\/v2\/posts"}],"about":[{"href":"https:\/\/www.europesays.com\/es\/wp-json\/wp\/v2\/types\/post"}],"author":[{"embeddable":true,"href":"https:\/\/www.europesays.com\/es\/wp-json\/wp\/v2\/users\/2"}],"replies":[{"embeddable":true,"href":"https:\/\/www.europesays.com\/es\/wp-json\/wp\/v2\/comments?post=301118"}],"version-history":[{"count":0,"href":"https:\/\/www.europesays.com\/es\/wp-json\/wp\/v2\/posts\/301118\/revisions"}],"wp:featuredmedia":[{"embeddable":true,"href":"https:\/\/www.europesays.com\/es\/wp-json\/wp\/v2\/media\/301119"}],"wp:attachment":[{"href":"https:\/\/www.europesays.com\/es\/wp-json\/wp\/v2\/media?parent=301118"}],"wp:term":[{"taxonomy":"category","embeddable":true,"href":"https:\/\/www.europesays.com\/es\/wp-json\/wp\/v2\/categories?post=301118"},{"taxonomy":"post_tag","embeddable":true,"href":"https:\/\/www.europesays.com\/es\/wp-json\/wp\/v2\/tags?post=301118"}],"curies":[{"name":"wp","href":"https:\/\/api.w.org\/{rel}","templated":true}]}}