{"id":301120,"date":"2025-12-22T08:39:08","date_gmt":"2025-12-22T08:39:08","guid":{"rendered":"https:\/\/www.europesays.com\/es\/301120\/"},"modified":"2025-12-22T08:39:08","modified_gmt":"2025-12-22T08:39:08","slug":"durante-anos-habia-convivido-con-dolor","status":"publish","type":"post","link":"https:\/\/www.europesays.com\/es\/301120\/","title":{"rendered":"Durante a\u00f1os hab\u00eda convivido con dolor"},"content":{"rendered":"<p class=\"c-paragraph\"><a href=\"https:\/\/www.20minutos.es\/gente\/gimnasta-almudena-cid-ha-sufrido-una-operacion-que-mantendra-retirada-un-tiempo_6912589_0.html\" rel=\"nofollow noopener\" target=\"_blank\">Almudena Cid se ha sometido a una <b>operaci\u00f3n de cadera<\/b><\/a> que la ha mantenido lejos del foco medi\u00e1tico. Despu\u00e9s de dar las gracias a los profesionales que se han encargado de ella, ha querido dar m\u00e1s detalles de la situaci\u00f3n que la ha llevado hasta aqu\u00ed.<\/p>\n<p class=\"c-paragraph\">\u00abA finales de 2023 terminaba la gira de Ladies Football Club, interpretando a Olivia Lloyd. En un momento de la funci\u00f3n deb\u00edamos sostener e impulsar el cuerpo de una compa\u00f1era, un gesto de equipo que atravesaba toda la obra. Fue entonces cuando <b>me recorri\u00f3 un sudor fr\u00edo que jam\u00e1s hab\u00eda sentido<\/b>. El resto de la funci\u00f3n lo hice por inercia y mec\u00e1nica\u00bb, ha contado.<\/p>\n<p class=\"c-paragraph\">\u00abCuando llegaron los aplausos, cada paso con mi pierna izquierda era como caminar con cemento. <b>Tiempo despu\u00e9s supe que aquel fr\u00edo era el aviso previo al desmayo<\/b>. Mi compromiso, como tantas veces en mi vida y mi carrera deportiva, estaba por encima de m\u00ed\u00bb, ha proseguido la expareja de Christian G\u00e1lvez.<\/p>\n<p class=\"c-paragraph\">Entonces,\u00a0supo que necesitaba una pr\u00f3tesis, el motivo de su operaci\u00f3n. Sin embargo, y pese al dolor, sigui\u00f3 trabajando hasta hace solo unos d\u00edas. \u00abDurante a\u00f1os hab\u00eda convivido con dolor: displasia, labrum roto, cart\u00edlago y articulaci\u00f3n da\u00f1ados. <b>Segu\u00ed adelante, presentando en televisi\u00f3n en tacones, dando masterclass y viajando<\/b>\u2026\u00bb.<\/p>\n<p class=\"c-paragraph\">Adem\u00e1s, no ha querido dejar pasar la oportunidad de hacer una importante denuncia sobre el mundo deportivo: \u00abQuiero compartir lo importante que es para m\u00ed luchar por la protecci\u00f3n social del deportista. Porque, aunque el detonante fue hace dos a\u00f1os, esta cadera viene marcada por toda una carrera deportiva. Y porque<b> el abandono que vive el deportista tras la retirada tambi\u00e9n aparece en momentos como el que estoy atravesando ahora<\/b>\u00ab.<\/p>\n","protected":false},"excerpt":{"rendered":"Almudena Cid se ha sometido a una operaci\u00f3n de cadera que la ha mantenido lejos del foco medi\u00e1tico.&hellip;\n","protected":false},"author":2,"featured_media":301121,"comment_status":"","ping_status":"","sticky":false,"template":"","format":"standard","meta":{"footnotes":""},"categories":[174],"tags":[15099,255,5008,11956,146,147,25,24,256,3345,6495,23],"class_list":{"0":"post-301120","1":"post","2":"type-post","3":"status-publish","4":"format-standard","5":"has-post-thumbnail","7":"category-famosos","8":"tag-almudena","9":"tag-celebrities","10":"tag-cid","11":"tag-desde","12":"tag-entertainment","13":"tag-entretenimiento","14":"tag-es","15":"tag-espana","16":"tag-famosos","17":"tag-hospital","18":"tag-reaparece","19":"tag-spain"},"share_on_mastodon":{"url":"https:\/\/pubeurope.com\/@es\/115762322735327107","error":""},"_links":{"self":[{"href":"https:\/\/www.europesays.com\/es\/wp-json\/wp\/v2\/posts\/301120","targetHints":{"allow":["GET"]}}],"collection":[{"href":"https:\/\/www.europesays.com\/es\/wp-json\/wp\/v2\/posts"}],"about":[{"href":"https:\/\/www.europesays.com\/es\/wp-json\/wp\/v2\/types\/post"}],"author":[{"embeddable":true,"href":"https:\/\/www.europesays.com\/es\/wp-json\/wp\/v2\/users\/2"}],"replies":[{"embeddable":true,"href":"https:\/\/www.europesays.com\/es\/wp-json\/wp\/v2\/comments?post=301120"}],"version-history":[{"count":0,"href":"https:\/\/www.europesays.com\/es\/wp-json\/wp\/v2\/posts\/301120\/revisions"}],"wp:featuredmedia":[{"embeddable":true,"href":"https:\/\/www.europesays.com\/es\/wp-json\/wp\/v2\/media\/301121"}],"wp:attachment":[{"href":"https:\/\/www.europesays.com\/es\/wp-json\/wp\/v2\/media?parent=301120"}],"wp:term":[{"taxonomy":"category","embeddable":true,"href":"https:\/\/www.europesays.com\/es\/wp-json\/wp\/v2\/categories?post=301120"},{"taxonomy":"post_tag","embeddable":true,"href":"https:\/\/www.europesays.com\/es\/wp-json\/wp\/v2\/tags?post=301120"}],"curies":[{"name":"wp","href":"https:\/\/api.w.org\/{rel}","templated":true}]}}