{"id":301132,"date":"2025-12-22T08:47:08","date_gmt":"2025-12-22T08:47:08","guid":{"rendered":"https:\/\/www.europesays.com\/es\/301132\/"},"modified":"2025-12-22T08:47:08","modified_gmt":"2025-12-22T08:47:08","slug":"ainhoa-arteta-ofrece-un-recital-de-opera-y-zarzuela-en-majadahonda-ayuntamiento-de-majadahonda","status":"publish","type":"post","link":"https:\/\/www.europesays.com\/es\/301132\/","title":{"rendered":"Ainhoa Arteta ofrece un recital de \u00f3pera y zarzuela en Majadahonda\u00a0 &#8211; Ayuntamiento de Majadahonda"},"content":{"rendered":"<ul>\n<li><strong>La soprano de fama internacional cantar\u00e1 junto al bar\u00edtono Luis Santana y el pianista V\u00edctor Carbajo, el pr\u00f3ximo s\u00e1bado en el Teatro de la Casa de la Cultura.<\/strong><\/li>\n<li><strong>La semana se llena de actividades especiales, con una Escuela de Magia y la interpretaci\u00f3n del \u201cCuento de Navidad\u201d de Dickens.<\/strong><\/li>\n<\/ul>\n<p>La soprano Ainhoa Arteta, una de las m\u00e1s reconocidas del mundo, actuar\u00e1 el pr\u00f3ximo s\u00e1bado 27 de diciembre en el Teatro de la Casa de la Cultura \u201cCarmen Conde\u201d de Majadahonda (Plaza de Col\u00f3n, s\/n). Junto al bar\u00edtono zamorano Luis Santana y V\u00edctor Carbajo al piano, presentar\u00e1 su recital de \u00f3pera y zarzuela, repasando obras de grandes autores internacionales como Puccini, Verdi, Rossini y Mozart, y nacionales como Moreno Torroba, Sorozabal o Pablo Luna.<\/p>\n<p>Ainhoa Arteta se subir\u00e1 al escenario de Majadahonda, tras haber actuado en los m\u00e1s importantes del mundo desde el Metropolitan Opera al Carnegie Hall, Covent Garden, la Scala de Mil\u00e1n, Teatro Bolshoi de Mosc\u00fa, la Royal Opera House de Londres, el Teatro Real de Madrid o el Gran Teatro del Liceo en Barcelona, entre otros.\u00a0<\/p>\n<p>El espect\u00e1culo del pr\u00f3ximo s\u00e1bado se realiza en colaboraci\u00f3n con la Red de Teatros de la Comunidad de Madrid. Comenzar\u00e1 a las 20 horas, en el Teatro de la Casa de la Cultura y las entradas tendr\u00e1n un precio den 15 euros en planta baja y de 12 en planta alta. Pueden adquirirse en la taquilla de la Casa de la Cultura, jueves y viernes de 13 a 14 horas y de 19 a 20 horas, o bien en este enlace: <a href=\"https:\/\/www.giglon.com\/todos?idEvent=ainhoa-arteta-majadahonda\" rel=\"nofollow noopener\" target=\"_blank\">https:\/\/www.giglon.com\/todos?idEvent=ainhoa-arteta-majadahonda<\/a><\/p>\n<p><strong>Teatro y magia en Navidad<\/strong><br \/>A lo largo de la semana continuar\u00e1n las actividades incluidas en el programa especial de Navidad, entre ellas, la Escuela de Magia, que el domingo 28 de diciembre se pone en marcha con cuatro talleres llenos de misterio y creatividad. Cada actividad tendr\u00e1 una duraci\u00f3n aproximada de 15 minutos y podr\u00e1 participar un m\u00e1ximo de 25 personas por taller. La Escuela de Magia est\u00e1 recomendada para mayores de 6 a\u00f1os. La cita es en la Casa de la Cultura, en distintos grupos que comenzar\u00e1n su recorrido a las 11 y 13 horas, respectivamente. El precio de la actividad completa es de 3 euros y las entradas pueden adquirirse aqu\u00ed: <a href=\"https:\/\/www.giglon.com\/todos?idEvent=escuela-de-magia-majadahonda\" rel=\"nofollow noopener\" target=\"_blank\">https:\/\/www.giglon.com\/todos?idEvent=escuela-de-magia-majadahonda<\/a><\/p>\n<p>Tambi\u00e9n el domingo 28 de diciembre, la compa\u00f1\u00eda \u00d1as Teatro pondr\u00e1 en estrena \u201cScrooge y la Navidad\u201d, sobre uno de los cuentos de Navidad m\u00e1s conocidos, que narra la historia de un hombre taca\u00f1o y avaro, con una vida triste y solitaria, al que solo le importan los negocios y el dinero. La obra es una adaptaci\u00f3n teatral del \u201cCuento de Navidad\u201d, de Charles Dickens, con t\u00edteres de diferentes tama\u00f1os y diversas t\u00e9cnicas. Este espect\u00e1culo se realiza en colaboraci\u00f3n con la Red de Teatros de la Comunidad de Madrid.\u202fLa funci\u00f3n comenzar\u00e1 a las 18 horas. Las entradas tienen un precio de 5 euros para los ni\u00f1os y de 7 euros para los adultos y pueden adquirirse aqu\u00ed: <a href=\"https:\/\/www.giglon.com\/todos?idEvent=teatro-scrooge-y-la-navidad-majadahonda\" rel=\"nofollow noopener\" target=\"_blank\">https:\/\/www.giglon.com\/todos?idEvent=teatro-scrooge-y-la-navidad-majadahonda<\/a> o en la taquilla de la Casa de la Cultura, jueves y viernes de 13 a 14 horas y de 19 a 20 horas.<\/p>\n","protected":false},"excerpt":{"rendered":"La soprano de fama internacional cantar\u00e1 junto al bar\u00edtono Luis Santana y el pianista V\u00edctor Carbajo, el pr\u00f3ximo&hellip;\n","protected":false},"author":2,"featured_media":301133,"comment_status":"","ping_status":"","sticky":false,"template":"","format":"standard","meta":{"footnotes":""},"categories":[91],"tags":[209,146,147,25,24,43,45696,45698,45697,23],"class_list":{"0":"post-301132","1":"post","2":"type-post","3":"status-publish","4":"format-standard","5":"has-post-thumbnail","7":"category-entretenimiento","8":"tag-cultura","9":"tag-entertainment","10":"tag-entretenimiento","11":"tag-es","12":"tag-espana","13":"tag-fiestas","14":"tag-majadahonda","15":"tag-noticias-ayuntamiento-de-majadahonda","16":"tag-noticias-de-majadahonda","17":"tag-spain"},"share_on_mastodon":{"url":"https:\/\/pubeurope.com\/@es\/115762354266195200","error":""},"_links":{"self":[{"href":"https:\/\/www.europesays.com\/es\/wp-json\/wp\/v2\/posts\/301132","targetHints":{"allow":["GET"]}}],"collection":[{"href":"https:\/\/www.europesays.com\/es\/wp-json\/wp\/v2\/posts"}],"about":[{"href":"https:\/\/www.europesays.com\/es\/wp-json\/wp\/v2\/types\/post"}],"author":[{"embeddable":true,"href":"https:\/\/www.europesays.com\/es\/wp-json\/wp\/v2\/users\/2"}],"replies":[{"embeddable":true,"href":"https:\/\/www.europesays.com\/es\/wp-json\/wp\/v2\/comments?post=301132"}],"version-history":[{"count":0,"href":"https:\/\/www.europesays.com\/es\/wp-json\/wp\/v2\/posts\/301132\/revisions"}],"wp:featuredmedia":[{"embeddable":true,"href":"https:\/\/www.europesays.com\/es\/wp-json\/wp\/v2\/media\/301133"}],"wp:attachment":[{"href":"https:\/\/www.europesays.com\/es\/wp-json\/wp\/v2\/media?parent=301132"}],"wp:term":[{"taxonomy":"category","embeddable":true,"href":"https:\/\/www.europesays.com\/es\/wp-json\/wp\/v2\/categories?post=301132"},{"taxonomy":"post_tag","embeddable":true,"href":"https:\/\/www.europesays.com\/es\/wp-json\/wp\/v2\/tags?post=301132"}],"curies":[{"name":"wp","href":"https:\/\/api.w.org\/{rel}","templated":true}]}}