{"id":301138,"date":"2025-12-22T08:50:08","date_gmt":"2025-12-22T08:50:08","guid":{"rendered":"https:\/\/www.europesays.com\/es\/301138\/"},"modified":"2025-12-22T08:50:08","modified_gmt":"2025-12-22T08:50:08","slug":"muere-jefe-de-operaciones-del-estado-mayor-ruso-dw-22-12-2025","status":"publish","type":"post","link":"https:\/\/www.europesays.com\/es\/301138\/","title":{"rendered":"muere jefe de operaciones del Estado mayor ruso \u2013 DW \u2013 22\/12\/2025"},"content":{"rendered":"<p>El Comit\u00e9 de Investigaci\u00f3n ruso (CIR) ha anunciado en un comunicado la apertura de una investigaci\u00f3n por el <a class=\"internal-link\" href=\"https:\/\/www.dw.com\/es\/explosi\u00f3n-en-mosc\u00fa-qui\u00e9n-fue-el-jefe-paramilitar-asesinado\/a-71503524\" rel=\"nofollow noopener\" target=\"_blank\">\u00abasesinato\u00bb del teniente general<\/a> Fanil Sarvarov, director del departamento de formaci\u00f3n operativa del Estado Mayor.<\/p>\n<p>Un aparato explosivo colocado bajo un veh\u00edculo fue activado el lunes, 22 de diciembre de 2025, en una calle de Mosc\u00fa, provocando la muerte del militar. Seg\u00fan el texto oficial, Sarvarov \u00absucumbi\u00f3 a las heridas\u00bb sufridas en la explosi\u00f3n.<\/p>\n<p>Una de las pistas que se barajan est\u00e1 \u00abrelacionada\u00bb con los \u00abservicios especiales ucranianos\u00bb, agrega la nota, aludiendo as\u00ed a los servicios de inteligencia de Ucrania.\u00a0Contin\u00faa la revisi\u00f3n del lugar de los hechos. Los investigadores llevar\u00e1n a cabo los peritajes necesarios, incluyendo los de medicina forense y de explosivos. Se interroga a los testigos y se revisan las c\u00e1maras de seguridad\u00bb.<\/p>\n<p>Ataques reiterados desde la ofensiva rusa<\/p>\n<p>El CIR public\u00f3 en Telegram un video del autom\u00f3vil da\u00f1ado, en el que se ven restos de sangre de la v\u00edctima.\u00a0Desde el inicio de la ofensiva rusa contra <a class=\"internal-link\" href=\"https:\/\/www.dw.com\/es\/ucrania\/t-36925922\" rel=\"nofollow noopener\" target=\"_blank\">Ucrania<\/a>, en febrero de 2022, Kiev ha sido acusado reiteradamente de efectuar ataques selectivos contra personalidades y jefes militares en <a class=\"internal-link\" href=\"https:\/\/www.dw.com\/es\/rusia\/t-17410119\" rel=\"nofollow noopener\" target=\"_blank\">Rusia<\/a> y zonas ocupadas por Mosc\u00fa en Ucrania.<\/p>\n<p>En diciembre de 2024, el comandante de las fuerzas rusas de defensa radiol\u00f3gica, qu\u00edmica y biol\u00f3gica, Igor Kirilov, muri\u00f3 por el estallido de un patinete el\u00e9ctrico cargado con explosivos en la capital. El asesinato fue reivindicado por el Servicio de Seguridad de Ucrania.<\/p>\n<p>ms (afp\/efe\/ap\/reuters)<\/p>\n<p>\u00a0<\/p>\n<p>\u00a0<\/p>\n","protected":false},"excerpt":{"rendered":"El Comit\u00e9 de Investigaci\u00f3n ruso (CIR) ha anunciado en un comunicado la apertura de una investigaci\u00f3n por el&hellip;\n","protected":false},"author":2,"featured_media":301139,"comment_status":"","ping_status":"","sticky":false,"template":"","format":"standard","meta":{"footnotes":""},"categories":[42],"tags":[17,18,13,14,11,61,62,63,64,19,20,9,10,15,16,12,21,22,65,66,67],"class_list":{"0":"post-301138","1":"post","2":"type-post","3":"status-publish","4":"format-standard","5":"has-post-thumbnail","7":"category-internacional","8":"tag-breaking-news","9":"tag-breakingnews","10":"tag-featured-news","11":"tag-featurednews","12":"tag-headlines","13":"tag-internacional","14":"tag-international","15":"tag-international-news","16":"tag-internationalnews","17":"tag-latest-news","18":"tag-latestnews","19":"tag-news","20":"tag-noticias","21":"tag-noticias-destacadas","22":"tag-noticiasdestacadas","23":"tag-titulares","24":"tag-ultimas-noticias","25":"tag-ultimasnoticias","26":"tag-world","27":"tag-world-news","28":"tag-worldnews"},"share_on_mastodon":{"url":"https:\/\/pubeurope.com\/@es\/115762366078704682","error":""},"_links":{"self":[{"href":"https:\/\/www.europesays.com\/es\/wp-json\/wp\/v2\/posts\/301138","targetHints":{"allow":["GET"]}}],"collection":[{"href":"https:\/\/www.europesays.com\/es\/wp-json\/wp\/v2\/posts"}],"about":[{"href":"https:\/\/www.europesays.com\/es\/wp-json\/wp\/v2\/types\/post"}],"author":[{"embeddable":true,"href":"https:\/\/www.europesays.com\/es\/wp-json\/wp\/v2\/users\/2"}],"replies":[{"embeddable":true,"href":"https:\/\/www.europesays.com\/es\/wp-json\/wp\/v2\/comments?post=301138"}],"version-history":[{"count":0,"href":"https:\/\/www.europesays.com\/es\/wp-json\/wp\/v2\/posts\/301138\/revisions"}],"wp:featuredmedia":[{"embeddable":true,"href":"https:\/\/www.europesays.com\/es\/wp-json\/wp\/v2\/media\/301139"}],"wp:attachment":[{"href":"https:\/\/www.europesays.com\/es\/wp-json\/wp\/v2\/media?parent=301138"}],"wp:term":[{"taxonomy":"category","embeddable":true,"href":"https:\/\/www.europesays.com\/es\/wp-json\/wp\/v2\/categories?post=301138"},{"taxonomy":"post_tag","embeddable":true,"href":"https:\/\/www.europesays.com\/es\/wp-json\/wp\/v2\/tags?post=301138"}],"curies":[{"name":"wp","href":"https:\/\/api.w.org\/{rel}","templated":true}]}}