{"id":301172,"date":"2025-12-22T09:15:27","date_gmt":"2025-12-22T09:15:27","guid":{"rendered":"https:\/\/www.europesays.com\/es\/301172\/"},"modified":"2025-12-22T09:15:27","modified_gmt":"2025-12-22T09:15:27","slug":"comparecencia-de-sanchez-en-directo","status":"publish","type":"post","link":"https:\/\/www.europesays.com\/es\/301172\/","title":{"rendered":"Comparecencia de S\u00e1nchez, en directo"},"content":{"rendered":"<p>Qui\u00e9n es Milagros Tol\u00f3n, nueva ministra de Educaci\u00f3n, Formaci\u00f3n Profesional y Deportes<\/p>\n<p class=\"L6-event__text\">Ya conocemos a las sustitutas de Pilar Alegr\u00eda en el Gobierno de Pedro S\u00e1nchez. El presidente del Gobierno ha comparecido a primera hora de este lunes para anunciar las dos personas que ocupar\u00e1n los cargos que deja Alegr\u00eda en la portavoc\u00eda del Ejecutivo y en el Ministerio de Educaci\u00f3n, Formaci\u00f3n Profesional y Deportes.<\/p>\n<p class=\"L6-event__text\">Toda la informaci\u00f3n: <strong><a title=\"Qui\u00e9n es Milagros Tol\u00f3n, nueva ministra de Educaci\u00f3n, Formaci\u00f3n Profesional y Deportes del Gobierno de S\u00e1nchez\" href=\"https:\/\/www.lasexta.com\/noticias\/nacional\/quien-milagros-tolon-nueva-ministra-educacion-formacion-profesional-deportes-gobierno-sanchez_202512226948ff37ea66eb73531b8e89.html\" target=\"_blank\" rel=\"nofollow noopener\">Qui\u00e9n es Milagros Tol\u00f3n, nueva ministra de Educaci\u00f3n, Formaci\u00f3n Profesional y Deportes del Gobierno de S\u00e1nchez<\/a><\/strong><\/p>\n<p>Sin comentarios sobre otras cuestiones<\/p>\n<p class=\"L6-event__text\">Ni Extremadura ni otras cuestiones han entrado en esta declaraci\u00f3n institucional de Pedro S\u00e1nchez. Toda especulaci\u00f3n ha quedado en agua de borrajas en una comparecencia que apenas ha durado cinco minutos y se ha limitado ha dar las gracias a Pilar Alegr\u00eda y a nombrar la hoja de m\u00e9ritos de sus sucesoras.<\/p>\n<p>S\u00e1nchez desea unas felices fiestas a los espa\u00f1oles<\/p>\n<p class=\"L6-event__text\">Pedro S\u00e1nchez concluye su comparecencia deseando unas felices fiestas a los espa\u00f1oles, sin m\u00e1s anuncios que las dos sustitutas de Alegr\u00eda.<\/p>\n<ul class=\"L6-news-detail__list\">\n<li class=\"L6-event__text\">La nueva portavoz del Gobierno ser\u00e1 Elma Saiz.<\/li>\n<li class=\"L6-event__text\">Milagros Tol\u00f3n, nueva ministra de Educaci\u00f3n y Deportes.<\/li>\n<\/ul>\n<p>La ministra Elma Saiz, nueva portavoz del Gobierno<\/p>\n<p class=\"L6-event__text\">La ministra de Inclusi\u00f3n, Elma Saiz, ser\u00e1 la nueva portavoz del Gobierno y compaginar\u00e1 su labor ministerial con la portavoc\u00eda del Ejecutivo.<\/p>\n<p>Milagros Tol\u00f3n, nueva ministra de Educaci\u00f3n y Deportes<\/p>\n<p class=\"L6-event__text\">La nueva ministra de Educaci\u00f3n y Deportes ser\u00e1 Milagros Tol\u00f3n, actual delegada de Gobierno en Castilla-La Mancha.<\/p>\n<p>S\u00e1nchez elogia la labor de Pilar Alegr\u00eda<\/p>\n<p class=\"L6-event__text\">Ser\u00e1n dos las mujeres que sustituyan a Pilar Alegr\u00eda, una ocupar\u00e1 la portavoc\u00eda del Gobierno y otra, el ministerio de Educaci\u00f3n y Deportes. El presidente del Gobierno est\u00e1 elogiando la labor de Alegr\u00eda, con una \u00abhoja de servicios sobresalientes\u00bb.<\/p>\n<p>Comparece Pedro S\u00e1nchez<\/p>\n<p class=\"L6-event__text\">Escuchamos las palabras de Pedro S\u00e1nchez desde el Palacio de la Moncloa.<\/p>\n<p>Cinco minutos para la comparecencia de S\u00e1nchez<\/p>\n<p class=\"L6-event__text\">Estamos a punto de escuchar a Pedro S\u00e1nchez comparecer desde el Palacio de la Moncloa. Desde aqu\u00ed seguiremos muy pendientes las palabras del presidente del Gobierno.<\/p>\n<p>Gran bar\u00f3metro nacional de laSexta: el PP ganar\u00eda las elecciones generales con el 33,5% de los votos<\/p>\n<p class=\"L6-event__text\">El PP ganar\u00eda las elecciones generales con un 33,5% de los votos y superar\u00eda al PSOE en seis puntos si se celebrasen ahora. As\u00ed lo revela el bar\u00f3metro de laSexta, elaborado a partir de los datos de Invymark. De conseguir estos resultados, el PP mantendr\u00eda un porcentaje de votos muy similar al que obtuvo en las elecciones de julio de 2023, donde consigui\u00f3 un 33%. Sin embargo, el PSOE s\u00ed que sufrir\u00eda una importante ca\u00edda, pasando del 31,7% de 2023 a un 27,4%, cuatro puntos porcentuales menos.<\/p>\n<p class=\"L6-event__text\">Todos los datos: <strong><a title=\"Bar\u00f3metro laSexta | El PP ganar\u00eda unas elecciones generales con el 33,5% de los votos y superar\u00eda al PSOE por seis puntos\" href=\"https:\/\/www.lasexta.com\/noticias\/nacional\/barometro-lasexta-ganaria-elecciones-generales-335-votos-superaria-psoe-seis-puntos_2025122269485dc6af09df5010901f26.html\" target=\"_blank\" rel=\"nofollow noopener\">Bar\u00f3metro laSexta | El PP ganar\u00eda unas elecciones generales con el 33,5% de los votos y superar\u00eda al PSOE por seis puntos<\/a><\/strong><\/p>\n<p>Su primer mensaje tras la debacle en Extremadura<\/p>\n<p class=\"L6-event__text\">Pedro S\u00e1nchez escribi\u00f3 un mensaje en su cuenta de X en el que felicitaba a Gallardo \u00abpor el gran trabajo realizado\u00bb y daba la enhorabuena a Mar\u00eda Guardiola por su victoria en las elecciones. \u00abNuestro partido ser\u00e1 siempre garante de los servicios p\u00fablicos, la igualdad y el progreso\u00bb, cerraba ese mensaje.<\/p>\n<p>La quinta portavoz del Gobierno de S\u00e1nchez<\/p>\n<p class=\"L6-event__text\">Hoy conoceremos a la quinta portavoz nombrada por Pedro S\u00e1nchez para sus Gobiernos. Isabel Cel\u00e1a fue la primera, ocupando el cargo de 2018 a 2020; tras ella le sucedi\u00f3 la vicepresidenta primera, Mar\u00eda Jes\u00fas Montero, de 2020 a 2021; despu\u00e9s le sucedi\u00f3 Isabel Rodr\u00edguez, de junio de 2021 a noviembre de 2023; y, por \u00faltimo, ha sido Pilar Alegr\u00eda.<\/p>\n<p>No se esperan cambios profundos en el Consejo de Ministros<\/p>\n<p class=\"L6-event__text\">Pese a las exigencias de Sumar de acometer cambios profundos en el Gobierno, S\u00e1nchez ha trasladado que no llevar\u00e1 a cabo m\u00e1s cambios que los necesarios en el Ejecutivo, sustituyendo \u00fanicamente a los ministros que a la vez son candidatos a distintas elecciones auton\u00f3micas.<\/p>\n<p>La sustituta de Pilar Alegr\u00eda ser\u00e1 \u00abuna mujer\u00bb<\/p>\n<p class=\"L6-event__text\">La \u00fanica pista que ha dado Pedro S\u00e1nchez de la persona elegida para ocupar el cargo de Pilar Alegr\u00eda como portavoz del Gobierno y ministra de Educaci\u00f3n y Deportes es que ser\u00e1 \u00abuna mujer\u00bb. El presidente del Gobierno lo avanz\u00f3 en la Copa de Navidad en Moncloa, si bien no dio m\u00e1s datos acerca del perfil de la sustituta de la que ser\u00e1 candidata del PSOE en las elecciones de Arag\u00f3n.<\/p>\n<p>Pendientes de la comparecencia de Pedro S\u00e1nchez<\/p>\n<p class=\"L6-event__text\">Buenos d\u00edas. Arrancamos este lunes pendientes de la comparecencia de Pedro S\u00e1nchez, que anunciar\u00e1 a la nueva portavoz del Gobierno tras la salida de Pilar Alegr\u00eda. La declaraci\u00f3n institucional comenzar\u00e1 a partir de las 8:30 horas, una comparecencia sin preguntas en la que no se sabe si realizar\u00e1 alg\u00fan comentario adicional tras los malos resultados del PSOE en las elecciones de Extremadura.<\/p>\n","protected":false},"excerpt":{"rendered":"Qui\u00e9n es Milagros Tol\u00f3n, nueva ministra de Educaci\u00f3n, Formaci\u00f3n Profesional y Deportes Ya conocemos a las sustitutas de&hellip;\n","protected":false},"author":2,"featured_media":301173,"comment_status":"","ping_status":"","sticky":false,"template":"","format":"standard","meta":{"footnotes":""},"categories":[5],"tags":[17,18,25,24,13,14,11,19,20,9,10,15,16,23,12,21,22],"class_list":{"0":"post-301172","1":"post","2":"type-post","3":"status-publish","4":"format-standard","5":"has-post-thumbnail","7":"category-titulares","8":"tag-breaking-news","9":"tag-breakingnews","10":"tag-es","11":"tag-espana","12":"tag-featured-news","13":"tag-featurednews","14":"tag-headlines","15":"tag-latest-news","16":"tag-latestnews","17":"tag-news","18":"tag-noticias","19":"tag-noticias-destacadas","20":"tag-noticiasdestacadas","21":"tag-spain","22":"tag-titulares","23":"tag-ultimas-noticias","24":"tag-ultimasnoticias"},"share_on_mastodon":{"url":"","error":""},"_links":{"self":[{"href":"https:\/\/www.europesays.com\/es\/wp-json\/wp\/v2\/posts\/301172","targetHints":{"allow":["GET"]}}],"collection":[{"href":"https:\/\/www.europesays.com\/es\/wp-json\/wp\/v2\/posts"}],"about":[{"href":"https:\/\/www.europesays.com\/es\/wp-json\/wp\/v2\/types\/post"}],"author":[{"embeddable":true,"href":"https:\/\/www.europesays.com\/es\/wp-json\/wp\/v2\/users\/2"}],"replies":[{"embeddable":true,"href":"https:\/\/www.europesays.com\/es\/wp-json\/wp\/v2\/comments?post=301172"}],"version-history":[{"count":0,"href":"https:\/\/www.europesays.com\/es\/wp-json\/wp\/v2\/posts\/301172\/revisions"}],"wp:featuredmedia":[{"embeddable":true,"href":"https:\/\/www.europesays.com\/es\/wp-json\/wp\/v2\/media\/301173"}],"wp:attachment":[{"href":"https:\/\/www.europesays.com\/es\/wp-json\/wp\/v2\/media?parent=301172"}],"wp:term":[{"taxonomy":"category","embeddable":true,"href":"https:\/\/www.europesays.com\/es\/wp-json\/wp\/v2\/categories?post=301172"},{"taxonomy":"post_tag","embeddable":true,"href":"https:\/\/www.europesays.com\/es\/wp-json\/wp\/v2\/tags?post=301172"}],"curies":[{"name":"wp","href":"https:\/\/api.w.org\/{rel}","templated":true}]}}