{"id":301187,"date":"2025-12-22T09:30:10","date_gmt":"2025-12-22T09:30:10","guid":{"rendered":"https:\/\/www.europesays.com\/es\/301187\/"},"modified":"2025-12-22T09:30:10","modified_gmt":"2025-12-22T09:30:10","slug":"para-tarantino-este-actor-de-habla-hispana-esta-a-la-altura-de-al-pacino-es-sencillamente-fantastico","status":"publish","type":"post","link":"https:\/\/www.europesays.com\/es\/301187\/","title":{"rendered":"Para Tarantino, este actor de habla hispana est\u00e1 a la altura de Al Pacino: \u00abEs sencillamente fant\u00e1stico\u00bb"},"content":{"rendered":"<p class=\"c-paragraph\">No sabemos cu\u00e1ntas pel\u00edculas habr\u00e1 visto, a lo largo de su vida,<b> Quentin Tarantino<\/b>. Posiblemente, todas, incluyendo<a href=\"https:\/\/www.20minutos.es\/cinemania\/noticias\/morancos-comedia-obsesiona-tarantino-obra-maestra_5643186_0.html\" rel=\"nofollow noopener\" target=\"_blank\"> Sevilla Connection<\/a>, protagonizada por los Morancos y cuyo visionado le interesaba tanto que se la pidi\u00f3 a un asombrado \u00c1lex de la Iglesia. Lo que s\u00ed podemos asegurar es lo siguiente: Tarantino rara vez habr\u00e1 salido de un cine encogido de hombros. Sus opiniones siempre son contundentes. Para bien, <a href=\"https:\/\/www.20minutos.es\/cinemania\/noticias\/matthew-lillard-insultado-tarantino-paul-dano-respuesta_6907797_0.html\" rel=\"nofollow noopener\" target=\"_blank\">o para mal<\/a>.<\/p>\n<p class=\"c-paragraph\"><a href=\"https:\/\/www.20minutos.es\/cinemania\/noticias\/quentin-tarantino-contra-actor-arruino-peliculas-favoritas_6906008_0.html\" rel=\"nofollow noopener\" target=\"_blank\">Sus brutales palabras sobre Paul Dano<\/a> ha levantado una ola de apoyo en favor del coprotagonista de Pozos de ambici\u00f3n, y tambi\u00e9n otra cr\u00edtica contra Tarantino. Sin embargo, hubo un tiempo en el que <b>Quentin Tarantino<\/b> tambi\u00e9n sab\u00eda deshacerse en elogios hacia los int\u00e9rpretes. Y, de igual manera que a Dano lo llam\u00f3 \u201cel peor actor de Hollywood\u201d,<b> a Ricardo Dar\u00edn lo denomin\u00f3 \u201cel Al Pacino de Argentina\u201d<\/b>. Comparaci\u00f3n que, en este caso, nadie le discuti\u00f3 por motivos obvios.<\/p>\n<p>\u00bfQu\u00e9 opina Tarantino de Ricardo Dar\u00edn?<\/p>\n<p class=\"c-paragraph\">Todo empieza con un plano compartido por <b><a href=\"https:\/\/www.20minutos.es\/cinemania\/noticias\/mejores-peliculas-pedro-almodovar-plataforma-verlas-5175996\/\" rel=\"nofollow noopener\" target=\"_blank\">Pedro Almod\u00f3var<\/a><\/b> y Quentin Tarantino. Ambos directores son los encargados de otorgar el Oscar a mejor pel\u00edcula internacional, para la que hab\u00eda dos candidatas m\u00e1s que bien posicionadas: La cinta blanca, de Haneke; y <b>El secreto de sus ojos<\/b>, de Campanella.\u00a0<\/p>\n<p class=\"c-paragraph\">El encargado de leer el sobre es Almod\u00f3var (lo que ya daba pistas sobre el idioma de la ganadora), pero quien se lanza a estrecharle la mano a Campanella es Tarantino. Tras el director, desfilan varios int\u00e9rpretes de El secreto de sus ojos, entre ellos <a href=\"https:\/\/www.20minutos.es\/cinemania\/criticas\/critica-playa-lobos-dani-rovira-guillermo-francella-javier-veiga_6905726_3.html\" rel=\"nofollow noopener\" target=\"_blank\">Guillermo Francella<\/a>, cuyo grito (\u201c\u00a1Vamos!\u201d), hab\u00eda resonado en la sala al saber que la pel\u00edcula acababa de ganar el Oscar.<\/p>\n<p class=\"c-paragraph\">Quien no estuvo all\u00ed fue Ricardo Dar\u00edn, que ya ha hablado en varias ocasiones de <a href=\"https:\/\/www.20minutos.es\/cinemania\/noticias\/ricardo-darin-renuncio-denzel-washington-pelicula-5686077\/\" rel=\"nofollow noopener\" target=\"_blank\">su desinter\u00e9s por Hollywood<\/a> y, en especial, por el empecinamiento de este en tratar a los actores hispanos como un clich\u00e9. Tarantino, de todas formas, no le habr\u00eda tenido en cuenta su falta.\u00a0<\/p>\n<p class=\"c-paragraph\">En una entrevista posterior, lo defini\u00f3 de la siguiente manera: \u201c<b>Es uno de mis actores hispanohablantes favoritos. Es incre\u00edble, el <a href=\"https:\/\/www.20minutos.es\/cinemania\/noticias\/al-pacino-peliculas-streaming-cumpleanos-padrino-heat-5702766\/\" rel=\"nofollow noopener\" target=\"_blank\">Al Pacino<\/a> de Argentina. Es sencillamente fant\u00e1stico<\/b>\u201d. A continuaci\u00f3n, retom\u00f3 la entrega de la estatuilla a El secreto de sus ojos. \u201cComo recordar\u00e1s, yo fui quien le dio el Oscar junto a Pedro Almod\u00f3var\u201d.<\/p>\n<p class=\"c-paragraph\">Cada cierto tiempo, estas palabras de Tarantino son recuperadas por los argentinos (y no solo por ellos) como petici\u00f3n expresa para que el director de Pulp Fiction cuente con Ricardo Dar\u00edn para su pr\u00f3xima (y quiz\u00e1 \u00faltima) pel\u00edcula. Y ahora no es descartable del todo, dado que Tarantino parece haberse enemistado con todo Hollywood a ra\u00edz de sus cr\u00edticas a Paul Dano, con lo que es posible que tenga que buscar a su elenco lejos de Los \u00c1ngeles.<\/p>\n","protected":false},"excerpt":{"rendered":"No sabemos cu\u00e1ntas pel\u00edculas habr\u00e1 visto, a lo largo de su vida, Quentin Tarantino. Posiblemente, todas, incluyendo Sevilla&hellip;\n","protected":false},"author":2,"featured_media":301188,"comment_status":"","ping_status":"","sticky":false,"template":"","format":"standard","meta":{"footnotes":""},"categories":[169],"tags":[71427,177,146,147,25,24,176,175,267,11985,37119,23],"class_list":{"0":"post-301187","1":"post","2":"type-post","3":"status-publish","4":"format-standard","5":"has-post-thumbnail","7":"category-cine","8":"tag-al-pacino","9":"tag-cine","10":"tag-entertainment","11":"tag-entretenimiento","12":"tag-es","13":"tag-espana","14":"tag-film","15":"tag-movies","16":"tag-planseo","17":"tag-quentin-tarantino","18":"tag-ricardo-darin","19":"tag-spain"},"share_on_mastodon":{"url":"https:\/\/pubeurope.com\/@es\/115762523294428188","error":""},"_links":{"self":[{"href":"https:\/\/www.europesays.com\/es\/wp-json\/wp\/v2\/posts\/301187","targetHints":{"allow":["GET"]}}],"collection":[{"href":"https:\/\/www.europesays.com\/es\/wp-json\/wp\/v2\/posts"}],"about":[{"href":"https:\/\/www.europesays.com\/es\/wp-json\/wp\/v2\/types\/post"}],"author":[{"embeddable":true,"href":"https:\/\/www.europesays.com\/es\/wp-json\/wp\/v2\/users\/2"}],"replies":[{"embeddable":true,"href":"https:\/\/www.europesays.com\/es\/wp-json\/wp\/v2\/comments?post=301187"}],"version-history":[{"count":0,"href":"https:\/\/www.europesays.com\/es\/wp-json\/wp\/v2\/posts\/301187\/revisions"}],"wp:featuredmedia":[{"embeddable":true,"href":"https:\/\/www.europesays.com\/es\/wp-json\/wp\/v2\/media\/301188"}],"wp:attachment":[{"href":"https:\/\/www.europesays.com\/es\/wp-json\/wp\/v2\/media?parent=301187"}],"wp:term":[{"taxonomy":"category","embeddable":true,"href":"https:\/\/www.europesays.com\/es\/wp-json\/wp\/v2\/categories?post=301187"},{"taxonomy":"post_tag","embeddable":true,"href":"https:\/\/www.europesays.com\/es\/wp-json\/wp\/v2\/tags?post=301187"}],"curies":[{"name":"wp","href":"https:\/\/api.w.org\/{rel}","templated":true}]}}