{"id":301265,"date":"2025-12-22T10:23:06","date_gmt":"2025-12-22T10:23:06","guid":{"rendered":"https:\/\/www.europesays.com\/es\/301265\/"},"modified":"2025-12-22T10:23:06","modified_gmt":"2025-12-22T10:23:06","slug":"gipuzkoa-publica-las-convocatorias-de-subvenciones-para-explotaciones-agrarias-e-incorporacion-de-jovenes-al-primer-sector","status":"publish","type":"post","link":"https:\/\/www.europesays.com\/es\/301265\/","title":{"rendered":"Gipuzkoa publica las convocatorias de subvenciones para explotaciones agrarias e incorporaci\u00f3n de j\u00f3venes al primer sector"},"content":{"rendered":"<p>La Diputaci\u00f3n Foral de Gipuzkoa ha publicado hoy en su bolet\u00edn las convocatorias de ayudas para inversiones en explotaciones agrarias y las ayudas para facilitar la incorporaci\u00f3n de personas j\u00f3venes agricultoras en el sector.<\/p>\n<p>En el caso de la convocatoria de ayudas para inversiones en explotaciones agrarias, el ente foral prev\u00e9 destinar 3,6 millones de euros, que se financiar\u00e1n directamente con fondos propios de la Diputaci\u00f3n a trav\u00e9s del departamento de Equilibrio Territorial Verde. La convocatoria, se enmarca en la l\u00f3gica de la Pol\u00edtica Agraria Com\u00fan y de las pol\u00edticas de desarrollo rural, y buscan mejorar la viabilidad de las explotaciones agrarias haci\u00e9ndolas m\u00e1s eficientes y rentables, y mejorando las condiciones de vida de quienes viven y desarrollan su actividad en ellas. Entre las prioridades de estas ayudas figuran la introducci\u00f3n de nuevas tecnolog\u00edas, la mejora de la sanidad y calidad de las producciones y el impulso al relevo generacional. En 2025 Gipuzkoa 180 explotaciones se han beneficiado de estas ayudas que se han destinado a: la adquisici\u00f3n de maquinaria (46%), edificaci\u00f3n agr\u00edcola (42%) mejoras en explotaciones como por ejemplo cierres (5%), horticultura (3%), fruticultura (3%) y otro tipo de mejoras ligadas por ejemplo a la eficiencia energ\u00e9tica de las explotaciones 1%.<\/p>\n<p>En referencia a las ayudas dirigidas a facilitar la incorporaci\u00f3n de personas j\u00f3venes agricultoras en explotaciones agrarias del territorio a trav\u00e9s del programa Gaztenek, la convocatoria de 2026 contar\u00e1 con un presupuesto de 1,1 millones de euros. El objetivo de esta l\u00ednea de ayudas es reforzar el tejido agrario del territorio, promover el relevo generacional y contribuir a la sostenibilidad, econ\u00f3mica y social de las zonas rurales. El programa de ayudas se enmarca en la apuesta por una agricultura m\u00e1s sostenible, innovadora y orientada a resultados, impulsando el relevo generacional y la modernizaci\u00f3n del sector, forman parte del Plan Estrat\u00e9gico de la PAC y est\u00e1n cofinanciadas por el Fondo Europeo Agr\u00edcola de Desarrollo Rural (FEADER) y la propia Diputaci\u00f3n. En 2025, 19 j\u00f3venes de edades comprendidas entre los 21 y los 38 a\u00f1os y procedentes de distintos puntos del territorio (Aizarnazabal, Antzuola, Azpeitia, Beasain, Getaria, Hernani, Hondarribia, Ikaztegieta, Itsasondo, Zaldibia, Zestoa y Zumaia) se beneficiaron de este programa. Desde que se pusiera en marcha el programa en 2005, m\u00e1s de 362 guipuzcoanos y guipuzcoanas se han formado en esta iniciativa asumiendo la gesti\u00f3n de su explotaci\u00f3n familiar o poniendo en marcha su proyecto agroganadero.<\/p>\n<p>Las bases reguladoras de ambos programas entran hoy en vigor, tras su publicaci\u00f3n en el Bolet\u00edn Oficial de Gipuzkoa para que toda aquella persona interesada pueda comenzar a realizar la tramitaci\u00f3n correspondiente. As\u00ed, las bases reguladoras entran en<\/p>\n<p>Para m\u00e1s informaci\u00f3n sobre ambas convocatorias se puede consultar el siguiente enlace: <a href=\"https:\/\/egoitza.gipuzkoa.eus\/gao-bog\/castell\/bog\/2025\/12\/22\/bc251222.htm\" target=\"_blank\" rel=\"nofollow noopener\">Bolet\u00edn Oficial de Gipuzkoa N\u00famero 244 Fecha 22-12-2025<\/a><\/p>\n<p>\u00a0<\/p>\n","protected":false},"excerpt":{"rendered":"La Diputaci\u00f3n Foral de Gipuzkoa ha publicado hoy en su bolet\u00edn las convocatorias de ayudas para inversiones en&hellip;\n","protected":false},"author":2,"featured_media":154893,"comment_status":"","ping_status":"","sticky":false,"template":"","format":"standard","meta":{"footnotes":""},"categories":[8],"tags":[17,18,47519,25,24,13,14,11,19,20,9,10,15,16,23,12,21,22],"class_list":{"0":"post-301265","1":"post","2":"type-post","3":"status-publish","4":"format-standard","5":"has-post-thumbnail","7":"category-espana","8":"tag-breaking-news","9":"tag-breakingnews","10":"tag-equilibrio-territorial","11":"tag-es","12":"tag-espana","13":"tag-featured-news","14":"tag-featurednews","15":"tag-headlines","16":"tag-latest-news","17":"tag-latestnews","18":"tag-news","19":"tag-noticias","20":"tag-noticias-destacadas","21":"tag-noticiasdestacadas","22":"tag-spain","23":"tag-titulares","24":"tag-ultimas-noticias","25":"tag-ultimasnoticias"},"share_on_mastodon":{"url":"https:\/\/pubeurope.com\/@es\/115762731747281605","error":""},"_links":{"self":[{"href":"https:\/\/www.europesays.com\/es\/wp-json\/wp\/v2\/posts\/301265","targetHints":{"allow":["GET"]}}],"collection":[{"href":"https:\/\/www.europesays.com\/es\/wp-json\/wp\/v2\/posts"}],"about":[{"href":"https:\/\/www.europesays.com\/es\/wp-json\/wp\/v2\/types\/post"}],"author":[{"embeddable":true,"href":"https:\/\/www.europesays.com\/es\/wp-json\/wp\/v2\/users\/2"}],"replies":[{"embeddable":true,"href":"https:\/\/www.europesays.com\/es\/wp-json\/wp\/v2\/comments?post=301265"}],"version-history":[{"count":0,"href":"https:\/\/www.europesays.com\/es\/wp-json\/wp\/v2\/posts\/301265\/revisions"}],"wp:featuredmedia":[{"embeddable":true,"href":"https:\/\/www.europesays.com\/es\/wp-json\/wp\/v2\/media\/154893"}],"wp:attachment":[{"href":"https:\/\/www.europesays.com\/es\/wp-json\/wp\/v2\/media?parent=301265"}],"wp:term":[{"taxonomy":"category","embeddable":true,"href":"https:\/\/www.europesays.com\/es\/wp-json\/wp\/v2\/categories?post=301265"},{"taxonomy":"post_tag","embeddable":true,"href":"https:\/\/www.europesays.com\/es\/wp-json\/wp\/v2\/tags?post=301265"}],"curies":[{"name":"wp","href":"https:\/\/api.w.org\/{rel}","templated":true}]}}