{"id":301268,"date":"2025-12-22T10:28:08","date_gmt":"2025-12-22T10:28:08","guid":{"rendered":"https:\/\/www.europesays.com\/es\/301268\/"},"modified":"2025-12-22T10:28:08","modified_gmt":"2025-12-22T10:28:08","slug":"aldemayor-club-de-golf-concluye-un-ano-lleno-de-exitos","status":"publish","type":"post","link":"https:\/\/www.europesays.com\/es\/301268\/","title":{"rendered":"Aldemayor Club de Golf concluye un a\u00f1o lleno de \u00e9xitos"},"content":{"rendered":"<p class=\"v-mdl-ath__p v-mdl-ath__p--6\">\nLunes, 22 de diciembre 2025, 07:37<\/p>\n<p class=\"v-p\">El a\u00f1o 2025 ser\u00e1 recordado por los \u00e9xitos alcanzados por Aldemayor Club de Golf. La participaci\u00f3n de sus abonados en campeonatos auton\u00f3micos y nacionales, con respeto y con compromiso, han sumado excelentes participaciones.<\/p>\n<p class=\"v-p\">En el plano individual, en el denominado &#8216;Cuadro de Honor&#8217; se situar\u00eda Jos\u00e9 Mar\u00eda Ortiz de Pinedo, l\u00edder absoluto en el panorama competitivo del club y en nuestra Comunidad. Este a\u00f1o, entre otros, ostenta t\u00edtulos como:<\/p>\n<p class=\"v-p\">-Ganador del III Puntuable Nacional de Pitch&amp;Putt 2025 en junio.<\/p>\n<p class=\"v-p\">-Ganador del IV Puntuable Nacional de Pitch&amp;putt 2025 en septiembre.<\/p>\n<p class=\"v-p\">-Subcampe\u00f3n de Espa\u00f1a masculino de Pitch&amp;putt 2025 en mayo.<\/p>\n<p class=\"v-p\">-Subcampe\u00f3n de Espa\u00f1a Midamateur de Pitch&amp;putt 2025 en marzo.<\/p>\n<p class=\"v-p\">-Ganador del Open de Francia de Pitch&amp;putt 2025 en abril.<\/p>\n<p class=\"v-p\">-Ganador del Circuito Regional de Castilla y Le\u00f3n 2015 en octubre.<\/p>\n<p class=\"v-p\">-Ganador del Campeonato de dobles masculino de Castilla y le\u00f3n 2025, junto a su hijo Pablo Ortiz de Pinedo Armendia.<\/p>\n<p><img decoding=\"async\" loading=\"lazy\" src=\"https:\/\/www.europesays.com\/es\/wp-content\/uploads\/2025\/12\/aldeamayorB-k8oF--650x975@El Norte.jpg\" class=\"v-a-img\" width=\"650\" height=\"975\" alt=\"Jos\u00e9 Mar\u00eda Ortiz.\" data-voc-vtm-id=\"in-text-traffic\"\/><\/p>\n<p>Jos\u00e9 Mar\u00eda Ortiz.<\/p>\n<p class=\"v-p\">En el cap\u00edtulo individual tambi\u00e9n conviene destacar a Javier Garc\u00eda Novella, ganador del Campeonato Mid amateur de Castilla y L\u00e9on 2025, en el mes de septiembre; a Miguel Mart\u00edn D\u00edez, ganador del Ranking de Pitch&amp;putt de Castilla y Le\u00f3n 2025 y campe\u00f3n del Campeonato de pitch&amp;putt de Castilla y Le\u00f3n 2025 -adem\u00e1s fue el \u00fanico representante castellano y leon\u00e9s en el Internacional de Espa\u00f1a sub18 masculino 2025-; a Raquel Ortiz de Pinedo, ganadora femenina del Circuito Regional de Castilla y Le\u00f3n 2025 y del Campeonato de dobles femenino de Castilla y Le\u00f3n 2025, junto a su sobrina Elia Ortiz de Pinedo Armendia, y a los hermanos Dami\u00e1n y Oliver Fraile S\u00e1enz, ganadores del Pequecircuito 2025 en sus respectivas categor\u00edas.<\/p>\n<p><img decoding=\"async\" loading=\"lazy\" src=\"https:\/\/www.europesays.com\/es\/wp-content\/uploads\/2025\/12\/aldeamayorC-k8oF--650x975@El Norte.jpg\" class=\"v-a-img\" width=\"650\" height=\"975\" alt=\"Miguel Mart\u00edn D\u00edez.\" data-voc-vtm-id=\"in-text-traffic\"\/><\/p>\n<p>Miguel Mart\u00edn D\u00edez.<\/p>\n<p class=\"v-p\">Por equipos, Aldemayor Club de Golf se proclam\u00f3, por primera vez, ganador del Campeonato Interclubes Juvenil de Castilla y Le\u00f3n, en el recorrido Sotoverde Golf, un campeonato que \u00abnos ha generado una gran ilusi\u00f3n, ya que llev\u00e1bamos a\u00f1os detr\u00e1s de \u00e9l. El equipo capitaneado por Elia y Pablo Ortiz de Pinedo estaba compuesto por Pablo Herguedas, Oliver Fraile, Daniela Pascual y Llen Aguayo\u00bb, explican.<\/p>\n<p><img decoding=\"async\" loading=\"lazy\" src=\"https:\/\/www.europesays.com\/es\/wp-content\/uploads\/2025\/12\/aldeamayorD-k8oF--748x524@El Norte.jpg\" class=\"v-a-img\" width=\"748\" height=\"524\" alt=\"Campeones Interclubes Juvenil.\" data-voc-vtm-id=\"in-text-traffic\"\/><\/p>\n<p>Campeones Interclubes Juvenil.<\/p>\n<p><img loading=\"lazy\" decoding=\"async\" src=\"https:\/\/www.europesays.com\/es\/wp-content\/uploads\/2025\/12\/aldeamayorD-k8oF--1920x1344@El Norte.jpg\" class=\"v-mdl__img-z\" width=\"1920\" height=\"1344\" alt=\"\"\/><\/p>\n<p class=\"v-p\">En el mes de julio, volvieron a dominar el Campeonato Interclubes de Pitch&amp;Putt de Castilla y Le\u00f3n 2025, proclam\u00e1ndonos por tercera vez campeones con el equipo Alfa capitaneado por Raquel Ortiz de Pinedo y compuesto por Jose M\u00aa Ortiz de Pinedo, Goran Dujkovic, Miguel Mart\u00edn D\u00edez y Pablo Ortiz de Pinedo.<\/p>\n<p class=\"v-p\">Adem\u00e1s, el equipo Beta, integrado por Samuel Nieto, Daniel Ortiz de Pinedo, Pablo C\u00e9sar G\u00f3mez y Mariano San Jos\u00e9 de la Rosa, se proclam\u00f3 subcampe\u00f3n de \u00e9ste.<\/p>\n<p><img decoding=\"async\" loading=\"lazy\" src=\"https:\/\/www.europesays.com\/es\/wp-content\/uploads\/2025\/12\/aldemayorE-k8oF--748x524@El Norte.jpg\" class=\"v-a-img\" width=\"748\" height=\"524\" alt=\"Subcampeones de la Liga de Clubes 2025.\" data-voc-vtm-id=\"in-text-traffic\"\/><\/p>\n<p>Subcampeones de la Liga de Clubes 2025.<\/p>\n<p><img loading=\"lazy\" decoding=\"async\" src=\"https:\/\/www.europesays.com\/es\/wp-content\/uploads\/2025\/12\/aldemayorE-k8oF--1920x1344@El Norte.jpg\" class=\"v-mdl__img-z\" width=\"1920\" height=\"1344\" alt=\"\"\/><\/p>\n<p class=\"v-p\">\u00abA pesar de las importantes bajas que tuvimos, conseguimos el subcampeonato en la edici\u00f3n 2025 de la Liga de clubes de Castilla y Le\u00f3n 2025, tras caer derrotados en la gran final. El equipo estaba compuesto por Javier Garc\u00eda Novella, Miguel Mart\u00edn D\u00edez, Jacobo Gonz\u00e1lez Pardo, Samuel Nieto L\u00f3pez, Pablo Ortiz de Pinedo, Jaime Valent\u00edn Gamazo y Tom\u00e1s Lavandeira\u00bb.<\/p>\n<p class=\"v-p\">Y para rematar la temporada, el club se proclam\u00f3 por tercera ver consecutiva Campeones de Espa\u00f1a de pitch&amp;putt, \u00aben un fin de semana incre\u00edble de buen juego y compa\u00f1erismo, en el espectacular campo de Mas\u00eda de Las Estrellas en Valencia. El equipo capitaneado por Raquel Ortiz de Pinedo, lo formaban Jose M\u00aa Ortiz de Pinedo, Miguel Mart\u00edn D\u00edez, Pablo Ortiz de Pinedo y Samuel Nieto L\u00f3pez. \u00a1Qu\u00e9 podemos decir! Muchas gracias por estar con nosotros\u00bb, concluyen.<\/p>\n<p>Reporta un error<\/p>\n","protected":false},"excerpt":{"rendered":"Lunes, 22 de diciembre 2025, 07:37 El a\u00f1o 2025 ser\u00e1 recordado por los \u00e9xitos alcanzados por Aldemayor Club&hellip;\n","protected":false},"author":2,"featured_media":301269,"comment_status":"","ping_status":"","sticky":false,"template":"","format":"standard","meta":{"footnotes":""},"categories":[275],"tags":[71442,1611,1798,14734,168,25,24,9223,329,5586,23,167],"class_list":{"0":"post-301268","1":"post","2":"type-post","3":"status-publish","4":"format-standard","5":"has-post-thumbnail","7":"category-golf","8":"tag-aldemayor","9":"tag-ano","10":"tag-club","11":"tag-concluye","12":"tag-deportes","13":"tag-es","14":"tag-espana","15":"tag-exitos","16":"tag-golf","17":"tag-lleno","18":"tag-spain","19":"tag-sports"},"share_on_mastodon":{"url":"https:\/\/pubeurope.com\/@es\/115762752172856022","error":""},"_links":{"self":[{"href":"https:\/\/www.europesays.com\/es\/wp-json\/wp\/v2\/posts\/301268","targetHints":{"allow":["GET"]}}],"collection":[{"href":"https:\/\/www.europesays.com\/es\/wp-json\/wp\/v2\/posts"}],"about":[{"href":"https:\/\/www.europesays.com\/es\/wp-json\/wp\/v2\/types\/post"}],"author":[{"embeddable":true,"href":"https:\/\/www.europesays.com\/es\/wp-json\/wp\/v2\/users\/2"}],"replies":[{"embeddable":true,"href":"https:\/\/www.europesays.com\/es\/wp-json\/wp\/v2\/comments?post=301268"}],"version-history":[{"count":0,"href":"https:\/\/www.europesays.com\/es\/wp-json\/wp\/v2\/posts\/301268\/revisions"}],"wp:featuredmedia":[{"embeddable":true,"href":"https:\/\/www.europesays.com\/es\/wp-json\/wp\/v2\/media\/301269"}],"wp:attachment":[{"href":"https:\/\/www.europesays.com\/es\/wp-json\/wp\/v2\/media?parent=301268"}],"wp:term":[{"taxonomy":"category","embeddable":true,"href":"https:\/\/www.europesays.com\/es\/wp-json\/wp\/v2\/categories?post=301268"},{"taxonomy":"post_tag","embeddable":true,"href":"https:\/\/www.europesays.com\/es\/wp-json\/wp\/v2\/tags?post=301268"}],"curies":[{"name":"wp","href":"https:\/\/api.w.org\/{rel}","templated":true}]}}