{"id":301325,"date":"2025-12-22T11:06:16","date_gmt":"2025-12-22T11:06:16","guid":{"rendered":"https:\/\/www.europesays.com\/es\/301325\/"},"modified":"2025-12-22T11:06:16","modified_gmt":"2025-12-22T11:06:16","slug":"cuando-el-algoritmo-no-manda-se-pueden-llenar-shows-sin-obsesion-por-las-redes","status":"publish","type":"post","link":"https:\/\/www.europesays.com\/es\/301325\/","title":{"rendered":"CUANDO EL ALGORITMO NO MANDA: \u00bfSE PUEDEN LLENAR SHOWS SIN OBSESI\u00d3N POR LAS REDES?."},"content":{"rendered":"<p>\t\t\tCUANDO EL ALGORITMO NO MANDA: \u00bfSE PUEDEN LLENAR SHOWS SIN OBSESI\u00d3N POR LAS REDES?.\t<\/p>\n<p>Durante los \u00faltimos a\u00f1os se ha instalado una idea casi incuestionable en la industria musical: si no publicas, no existes. Historias diarias, reels constantes, anuncios y presencia permanente en redes parecen haberse convertido en una obligaci\u00f3n para vender entradas. Pero algunos ejemplos recientes est\u00e1n demostrando que no siempre es as\u00ed.<\/p>\n<p>Cada vez m\u00e1s artistas llenan salas y recintos sin anunciarlo a bombo y platillo, sin campa\u00f1as agresivas y, en algunos casos, sin apenas actividad en redes sociales. Lo que empuja al p\u00fablico a comprar una entrada no es el algoritmo, sino algo mucho m\u00e1s simple y, a la vez, m\u00e1s dif\u00edcil de construir: <strong>confianza, trayectoria y una conexi\u00f3n real<\/strong> con la m\u00fasica. En definitiva, lo que siempre ha unido a artistas y p\u00fablico.<\/p>\n<p>Un caso comentado hace unos d\u00edas es el de <strong>Bad Bunny<\/strong>, que explic\u00f3 p\u00fablicamente que decidi\u00f3 no promocionar en su redes sociales sus conciertos en Ciudad de M\u00e9xico. A pesar de ello, todas las fechas se agotaron, reforzando la idea de que una carrera consolidada y una conexi\u00f3n real con el p\u00fablico pueden pesar m\u00e1s que cualquier campa\u00f1a en redes.<\/p>\n<p>Este fen\u00f3meno no se limita al pop o al urbano. En la m\u00fasica electr\u00f3nica tambi\u00e9n se repite. Por ejemplo, el productor brit\u00e1nico <strong>Fred again..<\/strong> agot\u00f3 recientemente todas las entradas de su actuaci\u00f3n en <strong>CDMX<\/strong> en apenas cinco minutos, sin anuncios masivos ni contenido previo en sus redes sociales.<\/p>\n<p>Aqu\u00ed creemos que reducir la exposici\u00f3n constante y poner el foco en la experiencia en directo ayuda a construir coherencia art\u00edstica y una relaci\u00f3n m\u00e1s s\u00f3lida con la audiencia. Esto nos plantea una pregunta clave para la escena actual: \u00bflas redes sociales son una herramienta o se han convertido en una dependencia innecesaria cuando la m\u00fasica habla por s\u00ed sola?<\/p>\n","protected":false},"excerpt":{"rendered":"CUANDO EL ALGORITMO NO MANDA: \u00bfSE PUEDEN LLENAR SHOWS SIN OBSESI\u00d3N POR LAS REDES?. Durante los \u00faltimos a\u00f1os&hellip;\n","protected":false},"author":2,"featured_media":301326,"comment_status":"","ping_status":"","sticky":false,"template":"","format":"standard","meta":{"footnotes":""},"categories":[81],"tags":[119,123,124,25,24,117,121,122,23,118,120],"class_list":{"0":"post-301325","1":"post","2":"type-post","3":"status-publish","4":"format-standard","5":"has-post-thumbnail","7":"category-ciencia-y-tecnologia","8":"tag-ciencia","9":"tag-ciencia-y-tecnologia","10":"tag-cienciaytecnologia","11":"tag-es","12":"tag-espana","13":"tag-science","14":"tag-science-and-technology","15":"tag-scienceandtechnology","16":"tag-spain","17":"tag-technology","18":"tag-tecnologia"},"share_on_mastodon":{"url":"https:\/\/pubeurope.com\/@es\/115762900809416739","error":""},"_links":{"self":[{"href":"https:\/\/www.europesays.com\/es\/wp-json\/wp\/v2\/posts\/301325","targetHints":{"allow":["GET"]}}],"collection":[{"href":"https:\/\/www.europesays.com\/es\/wp-json\/wp\/v2\/posts"}],"about":[{"href":"https:\/\/www.europesays.com\/es\/wp-json\/wp\/v2\/types\/post"}],"author":[{"embeddable":true,"href":"https:\/\/www.europesays.com\/es\/wp-json\/wp\/v2\/users\/2"}],"replies":[{"embeddable":true,"href":"https:\/\/www.europesays.com\/es\/wp-json\/wp\/v2\/comments?post=301325"}],"version-history":[{"count":0,"href":"https:\/\/www.europesays.com\/es\/wp-json\/wp\/v2\/posts\/301325\/revisions"}],"wp:featuredmedia":[{"embeddable":true,"href":"https:\/\/www.europesays.com\/es\/wp-json\/wp\/v2\/media\/301326"}],"wp:attachment":[{"href":"https:\/\/www.europesays.com\/es\/wp-json\/wp\/v2\/media?parent=301325"}],"wp:term":[{"taxonomy":"category","embeddable":true,"href":"https:\/\/www.europesays.com\/es\/wp-json\/wp\/v2\/categories?post=301325"},{"taxonomy":"post_tag","embeddable":true,"href":"https:\/\/www.europesays.com\/es\/wp-json\/wp\/v2\/tags?post=301325"}],"curies":[{"name":"wp","href":"https:\/\/api.w.org\/{rel}","templated":true}]}}