{"id":301361,"date":"2025-12-22T11:33:19","date_gmt":"2025-12-22T11:33:19","guid":{"rendered":"https:\/\/www.europesays.com\/es\/301361\/"},"modified":"2025-12-22T11:33:19","modified_gmt":"2025-12-22T11:33:19","slug":"tailandia-anuncia-que-camboya-acepto-negociar-sobre-su-mortifero-conflicto-fronterizo","status":"publish","type":"post","link":"https:\/\/www.europesays.com\/es\/301361\/","title":{"rendered":"Tailandia anuncia que Camboya acept\u00f3 negociar sobre su mort\u00edfero conflicto fronterizo"},"content":{"rendered":"<p>    <img src=\"https:\/\/www.europesays.com\/es\/wp-content\/uploads\/2025\/12\/2025-12-22T063A303A47Z-90675710.jpg\" width=\"1024\" height=\"682\" alt=\"\" loading=\"eager\" decoding=\"sync\" fetchpriority=\"high\"\/><\/p>\n<p>            afp_tickers        <\/p>\n<p>        Este contenido fue publicado en    <\/p>\n<p>        22 diciembre 2025 &#8211; 11:22\n<\/p>\n<p>El canciller de Tailandia afirm\u00f3 el lunes que Camboya acept\u00f3 celebrar conversaciones sobre su disputa fronteriza esta semana, tras una reuni\u00f3n regional celebrada en Malasia con el objetivo de poner fin a los mort\u00edferos enfrentamientos entre los vecinos del sudeste asi\u00e1tico.<\/p>\n<p>Nuevos choques entre los dos pa\u00edses iniciados este mes han matado a al menos 23 personas en Tailandia y 20 en Camboya, mientras que m\u00e1s de 900.000 se han visto desplazadas de ambos lados, seg\u00fan las autoridades.<\/p>\n<p>El conflicto tiene su origen en una vieja disputa sobre la demarcaci\u00f3n de su frontera de 800 km establecida en la \u00e9poca colonial, as\u00ed como una serie de templos antiguos situados a lo largo de la zona lim\u00edtrofe.<\/p>\n<p>El ministro de Relaciones Exteriores tailand\u00e9s, Sihasak Phuangketkeow, anunci\u00f3 la nueva ronda de negociaciones bilaterales al t\u00e9rmino de la reuni\u00f3n con sus hom\u00f3logos de la Asociaci\u00f3n de Naciones del Sudeste Asi\u00e1tico (Asean), de la que Camboya tambi\u00e9n es miembro.<\/p>\n<p>Dijo a los periodistas en Kuala Lumpur que \u00abla discusi\u00f3n se celebrar\u00e1 en el marco del JBC, el Comit\u00e9 Conjunto de Fronteras, que ya existe\u00bb y tendr\u00e1 lugar el mi\u00e9rcoles, fecha \u00abpropuesta por la parte camboyana\u00bb.<\/p>\n<p>Camboya no ha comentado el anuncio, pero su Ministerio de Defensa denunci\u00f3 m\u00e1s temprano que los combates han continuado este lunes y acus\u00f3 a Tailandia de lanzar proyectiles de artiller\u00eda. Un civil de nacionalidad china result\u00f3 herido, a\u00f1adi\u00f3 la cartera de Interior camboyana.<\/p>\n<p>En ese contexto, Sihasak advirti\u00f3 que la pr\u00f3xima reuni\u00f3n podr\u00eda no dar lugar a una tregua inmediata.<\/p>\n<p>\u00abNuestra postura es que un alto el fuego no se consigue con un anuncio, sino con acciones\u00bb, afirm\u00f3.<\/p>\n<p>La reuni\u00f3n de este lunes fue convocada por Malasia, que preside la Asean y que a finales de octubre acogi\u00f3 una cumbre en la que se firm\u00f3 una declaraci\u00f3n de tregua bajo mediaci\u00f3n del presidente estadounidense, Donald Trump.<\/p>\n<p>Sihasak, sin embargo, consider\u00f3 que esa decisi\u00f3n de octubre fue precipitada.<\/p>\n<p>\u00abEstados Unidos quer\u00eda que la declaraci\u00f3n se firmara a tiempo para la visita del presidente Trump\u00bb, dijo. \u00abA veces realmente necesitamos sentarnos y discutir las cosas para que lo que acordemos se mantenga y se respete de verdad\u00bb.<\/p>\n<p>La declaraci\u00f3n supervisada por Trump ten\u00eda por objeto prolongar la fr\u00e1gil tregua alcanzada tras cinco d\u00edas de enfrentamientos en julio.<\/p>\n<p>Cada parte ha culpado a la otra de instigar los nuevos enfrentamientos, alegando leg\u00edtima defensa e intercambiando acusaciones de ataques contra civiles.<\/p>\n<p>Al abrir la cita de Asean este lunes, el canciller malasio, Mohamad Hasan, urgi\u00f3 a los vecinos enfrentados a detener los combates y #considerar las ramificaciones m\u00e1s amplias de la continua escalada de la situaci\u00f3n en las poblaciones\u00bb a las que representan.<\/p>\n<p>burs-mba\/jhe\/abs\/mas-arm\/sag<\/p>\n","protected":false},"excerpt":{"rendered":"afp_tickers Este contenido fue publicado en 22 diciembre 2025 &#8211; 11:22 El canciller de Tailandia afirm\u00f3 el lunes&hellip;\n","protected":false},"author":2,"featured_media":301362,"comment_status":"","ping_status":"","sticky":false,"template":"","format":"standard","meta":{"footnotes":""},"categories":[42],"tags":[635,17,18,636,83,13,14,11,61,62,63,86,64,19,20,9,10,15,16,88,90,12,21,22,65,66,67],"class_list":{"0":"post-301361","1":"post","2":"type-post","3":"status-publish","4":"format-standard","5":"has-post-thumbnail","7":"category-internacional","8":"tag-armed-conflict","9":"tag-breaking-news","10":"tag-breakingnews","11":"tag-conflict","12":"tag-diplomacy","13":"tag-featured-news","14":"tag-featurednews","15":"tag-headlines","16":"tag-internacional","17":"tag-international","18":"tag-international-news","19":"tag-international-relations","20":"tag-internationalnews","21":"tag-latest-news","22":"tag-latestnews","23":"tag-news","24":"tag-noticias","25":"tag-noticias-destacadas","26":"tag-noticiasdestacadas","27":"tag-politics","28":"tag-ticker","29":"tag-titulares","30":"tag-ultimas-noticias","31":"tag-ultimasnoticias","32":"tag-world","33":"tag-world-news","34":"tag-worldnews"},"share_on_mastodon":{"url":"https:\/\/pubeurope.com\/@es\/115763008029838355","error":""},"_links":{"self":[{"href":"https:\/\/www.europesays.com\/es\/wp-json\/wp\/v2\/posts\/301361","targetHints":{"allow":["GET"]}}],"collection":[{"href":"https:\/\/www.europesays.com\/es\/wp-json\/wp\/v2\/posts"}],"about":[{"href":"https:\/\/www.europesays.com\/es\/wp-json\/wp\/v2\/types\/post"}],"author":[{"embeddable":true,"href":"https:\/\/www.europesays.com\/es\/wp-json\/wp\/v2\/users\/2"}],"replies":[{"embeddable":true,"href":"https:\/\/www.europesays.com\/es\/wp-json\/wp\/v2\/comments?post=301361"}],"version-history":[{"count":0,"href":"https:\/\/www.europesays.com\/es\/wp-json\/wp\/v2\/posts\/301361\/revisions"}],"wp:featuredmedia":[{"embeddable":true,"href":"https:\/\/www.europesays.com\/es\/wp-json\/wp\/v2\/media\/301362"}],"wp:attachment":[{"href":"https:\/\/www.europesays.com\/es\/wp-json\/wp\/v2\/media?parent=301361"}],"wp:term":[{"taxonomy":"category","embeddable":true,"href":"https:\/\/www.europesays.com\/es\/wp-json\/wp\/v2\/categories?post=301361"},{"taxonomy":"post_tag","embeddable":true,"href":"https:\/\/www.europesays.com\/es\/wp-json\/wp\/v2\/tags?post=301361"}],"curies":[{"name":"wp","href":"https:\/\/api.w.org\/{rel}","templated":true}]}}